{"id":32193,"date":"2023-10-16T07:10:00","date_gmt":"2023-10-16T06:10:00","guid":{"rendered":"https:\/\/blogs.fu-berlin.de\/bibliotheken\/?p=32193"},"modified":"2023-10-16T07:08:01","modified_gmt":"2023-10-16T06:08:01","slug":"campusbibliothek-erweiterte-oeffnungszeiten-2","status":"publish","type":"post","link":"https:\/\/blogs.fu-berlin.de\/bibliotheken\/2023\/10\/16\/campusbibliothek-erweiterte-oeffnungszeiten-2\/","title":{"rendered":"Erweiterte \u00d6ffnungszeiten f\u00fcr f\u00fcnf Bibliotheken ab 16. Oktober 2023"},"content":{"rendered":"\n<div class=\"wp-block-columns is-layout-flex wp-container-core-columns-is-layout-9d6595d7 wp-block-columns-is-layout-flex\">\n<div class=\"wp-block-column is-layout-flow wp-block-column-is-layout-flow\" style=\"flex-basis:100%\"><\/div>\n<\/div>\n\n\n\n<figure class=\"wp-block-gallery has-nested-images columns-default is-cropped wp-block-gallery-1 is-layout-flex wp-block-gallery-is-layout-flex\">\n<figure class=\"wp-block-image size-large\"><img loading=\"lazy\" decoding=\"async\" width=\"1706\" height=\"2560\" data-id=\"32306\" src=\"https:\/\/blogs.fu-berlin.de\/bibliotheken\/files\/2023\/10\/Korridor_Kabinette-Wiwiss-Bib-WH2095-1500-01-05-V01-1-scaled.jpg\" alt=\"\" class=\"wp-image-32306\" srcset=\"https:\/\/blogs.fu-berlin.de\/bibliotheken\/files\/2023\/10\/Korridor_Kabinette-Wiwiss-Bib-WH2095-1500-01-05-V01-1-scaled.jpg 1706w, https:\/\/blogs.fu-berlin.de\/bibliotheken\/files\/2023\/10\/Korridor_Kabinette-Wiwiss-Bib-WH2095-1500-01-05-V01-1-200x300.jpg 200w, https:\/\/blogs.fu-berlin.de\/bibliotheken\/files\/2023\/10\/Korridor_Kabinette-Wiwiss-Bib-WH2095-1500-01-05-V01-1-1024x1536.jpg 1024w, https:\/\/blogs.fu-berlin.de\/bibliotheken\/files\/2023\/10\/Korridor_Kabinette-Wiwiss-Bib-WH2095-1500-01-05-V01-1-1365x2048.jpg 1365w, https:\/\/blogs.fu-berlin.de\/bibliotheken\/files\/2023\/10\/Korridor_Kabinette-Wiwiss-Bib-WH2095-1500-01-05-V01-1-1200x1801.jpg 1200w\" sizes=\"auto, (max-width: 709px) 85vw, (max-width: 909px) 67vw, (max-width: 1362px) 62vw, 840px\" \/><\/figure>\n\n\n\n<figure class=\"wp-block-image size-large\"><img loading=\"lazy\" decoding=\"async\" width=\"1920\" height=\"2560\" data-id=\"32307\" src=\"https:\/\/blogs.fu-berlin.de\/bibliotheken\/files\/2023\/10\/20210210_161451-aussen-1-scaled.jpg\" alt=\"\" class=\"wp-image-32307\" srcset=\"https:\/\/blogs.fu-berlin.de\/bibliotheken\/files\/2023\/10\/20210210_161451-aussen-1-scaled.jpg 1920w, https:\/\/blogs.fu-berlin.de\/bibliotheken\/files\/2023\/10\/20210210_161451-aussen-1-225x300.jpg 225w, https:\/\/blogs.fu-berlin.de\/bibliotheken\/files\/2023\/10\/20210210_161451-aussen-1-1152x1536.jpg 1152w, https:\/\/blogs.fu-berlin.de\/bibliotheken\/files\/2023\/10\/20210210_161451-aussen-1-1536x2048.jpg 1536w, https:\/\/blogs.fu-berlin.de\/bibliotheken\/files\/2023\/10\/20210210_161451-aussen-1-1200x1600.jpg 1200w\" sizes=\"auto, (max-width: 709px) 85vw, (max-width: 909px) 67vw, (max-width: 1362px) 62vw, 840px\" \/><\/figure>\n\n\n\n<figure class=\"wp-block-image size-large\"><img loading=\"lazy\" decoding=\"async\" width=\"1300\" height=\"488\" data-id=\"32305\" src=\"https:\/\/blogs.fu-berlin.de\/bibliotheken\/files\/2023\/10\/slide_Fuehrungen_Praesenz.jpg\" alt=\"\" class=\"wp-image-32305\" srcset=\"https:\/\/blogs.fu-berlin.de\/bibliotheken\/files\/2023\/10\/slide_Fuehrungen_Praesenz.jpg 1300w, https:\/\/blogs.fu-berlin.de\/bibliotheken\/files\/2023\/10\/slide_Fuehrungen_Praesenz-300x113.jpg 300w, https:\/\/blogs.fu-berlin.de\/bibliotheken\/files\/2023\/10\/slide_Fuehrungen_Praesenz-1200x450.jpg 1200w\" sizes=\"auto, (max-width: 709px) 85vw, (max-width: 909px) 67vw, (max-width: 1362px) 62vw, 840px\" \/><\/figure>\n<figcaption class=\"blocks-gallery-caption\">Bildquellen: Werner Huthmacher, Bernd Wannemacher und Susanne Kahlau<\/figcaption><\/figure>\n\n\n\n<p><\/p>\n\n\n\n<p>Zu Semesterbeginn 2023\/24 erweitern die Campus-, die Fachbibliothek Geschichts- und Kunstwissenschaften, die Geowissenschaftliche, Wirtschaftswissenschaftliche und die Zentralbibliothek ihre \u00d6ffnungszeiten: <br><br><strong><a rel=\"noreferrer noopener\" href=\"https:\/\/www.fu-berlin.de\/sites\/campusbib\" target=\"_blank\">Campusbibliothek<\/a> <\/strong>(Fabeckstr. 23-25):<br>Montag\u2013Freitag  09\u201322 Uhr,<br>Samstag\u2013Sonntag  10\u201320 Uhr.<\/p>\n\n\n\n<p><a href=\"https:\/\/www.fu-berlin.de\/sites\/bibliotheken\/bibliothekenfuehrer\/fb-geschkunst\/index.html\"><strong>Fachbibliothek Geschichts- und Kunstwissenschaften<\/strong><\/a> (Kosterstr. 20):<br>Montag\u2013Donnerstag 9\u201320 Uhr,<br>Freitag 9\u201318 Uhr.<\/p>\n\n\n\n<p><strong><a rel=\"noreferrer noopener\" href=\"https:\/\/www.geo.fu-berlin.de\/bibliotheken\/geo\/index.html\" target=\"_blank\">Geowissenschaftliche Bibliothek&nbsp;<\/a><\/strong>(Malteserstr. 74-100):<br>Montag\u2013Donnerstag: 10\u201318 Uhr,<br>Freitag: 10\u201315 Uhr<\/p>\n\n\n\n<p><a rel=\"noreferrer noopener\" href=\"https:\/\/www.wiwiss.fu-berlin.de\/bibliothek\/index.html\" data-type=\"URL\" data-id=\"https:\/\/www.wiwiss.fu-berlin.de\/bibliothek\/index.html\" target=\"_blank\"><strong>Wirtschaftswissenschaftliche Bibliothek<\/strong><\/a>  (Garystr. 21):<br>Montag\u2013Donnerstag 9\u201320 Uhr,<br>Freitag 9\u201319 Uhr.<\/p>\n\n\n\n<p><a rel=\"noreferrer noopener\" href=\"https:\/\/www.fu-berlin.de\/sites\/ub\/index.html\" data-type=\"URL\" data-id=\"https:\/\/www.fu-berlin.de\/sites\/ub\/index.html\" target=\"_blank\"><strong>Zentralbibliothek <\/strong><\/a>(Garystr. 39):<br>Montag\u2013Freitag  09\u201320 Uhr,<br>Lesesaal im 2. Stock weiterhin 09\u201318 Uhr.<\/p>\n\n\n\n<p>Die Services und Raumangebote wie Gruppenr\u00e4ume, Carrels, PC-Pool &amp; Scannen stehen ebenfalls zur Verf\u00fcgung.<\/p>\n\n\n\n<p>Wir freuen uns sehr, unter der Woche wieder l\u00e4nger f\u00fcr Sie da zu sein!<\/p>\n\n\n\n<hr class=\"wp-block-separator has-alpha-channel-opacity\" \/>\n\n\n\n<p>From Monday, October 16th, 2023, five libraries will extend its opening hours:<br><br><a href=\"https:\/\/www.fu-berlin.de\/en\/sites\/campusbib\/index.html\"><strong>Campus Library<\/strong><\/a><br>Monday \u2013 Friday 09 \u2013 22 h,<br>Saturday \u2013 Sunday 10 \u2013 20 h.<\/p>\n\n\n\n<p><strong><a rel=\"noreferrer noopener\" href=\"https:\/\/www.fu-berlin.de\/en\/sites\/ub\/index.html\" target=\"_blank\">Central Library<\/a><\/strong><br>Monday \u2013 Friday 09 \u2013 20 h<br><br><strong><a rel=\"noreferrer noopener\" href=\"https:\/\/www.geo.fu-berlin.de\/en\/bibliotheken\/geo\/index.html\" target=\"_blank\">Earth Sciences Library<br><\/a><\/strong>Monday \u2013 Thursday 10 am &#8211; 6 pm<br>Friday 10 am &#8211; 3 pm<\/p>\n\n\n\n<p><strong><a rel=\"noreferrer noopener\" href=\"https:\/\/www.wiwiss.fu-berlin.de\/en\/bibliothek\/index.html\" data-type=\"URL\" data-id=\"https:\/\/www.wiwiss.fu-berlin.de\/en\/bibliothek\/index.html\" target=\"_blank\">Library of Economics<\/a><\/strong><br>Monday \u2013 Thursday  09 \u2013 20 h,<br>Friday 09 \u2013 19 h.<\/p>\n\n\n\n<p><strong><a href=\"https:\/\/www.fu-berlin.de\/en\/sites\/bibliotheken\/bibliothekenfuehrer\/fb-geschkunst\/index.html\">Subject Library History and Art History<\/a> <\/strong>(Koserstr. 20):<br>Monday \u2013 Thursday  09 \u2013 20 h,<br>Friday 09 \u2013 18 h.<\/p>\n\n\n\n<p>The services and room offers such as group study rooms, carrels, PC pool &amp; scanning are also available.<\/p>\n\n\n\n<p>We are pleased to offer you longer opening hours.<\/p>\n\n\n\n<p class=\"has-small-font-size\">(Images: Werner Huthmacher, Bernd Wannemacher und Susanne Kahlau)<\/p>\n","protected":false},"excerpt":{"rendered":"<p>Zu Semesterbeginn 2023\/24 erweitern die Campus-, die Fachbibliothek Geschichts- und Kunstwissenschaften, die Geowissenschaftliche, Wirtschaftswissenschaftliche und die Zentralbibliothek ihre \u00d6ffnungszeiten: Campusbibliothek (Fabeckstr. 23-25):Montag\u2013Freitag 09\u201322 Uhr,Samstag\u2013Sonntag 10\u201320 Uhr. Fachbibliothek Geschichts- und Kunstwissenschaften (Kosterstr. 20):Montag\u2013Donnerstag 9\u201320 Uhr,Freitag 9\u201318 Uhr. Geowissenschaftliche Bibliothek&nbsp;(Malteserstr. 74-100):Montag\u2013Donnerstag: 10\u201318 Uhr,Freitag: 10\u201315 Uhr Wirtschaftswissenschaftliche Bibliothek (Garystr. 21):Montag\u2013Donnerstag 9\u201320 Uhr,Freitag 9\u201319 Uhr. Zentralbibliothek (Garystr. 39):Montag\u2013Freitag 09\u201320 &hellip; <a href=\"https:\/\/blogs.fu-berlin.de\/bibliotheken\/2023\/10\/16\/campusbibliothek-erweiterte-oeffnungszeiten-2\/\" class=\"more-link\"><span class=\"screen-reader-text\">\u201eErweiterte \u00d6ffnungszeiten f\u00fcr f\u00fcnf Bibliotheken ab 16. Oktober 2023\u201c<\/span> weiterlesen<\/a><\/p>\n","protected":false},"author":1427,"featured_media":0,"comment_status":"open","ping_status":"open","sticky":false,"template":"","format":"standard","meta":{"footnotes":""},"categories":[9,600],"tags":[24650,457908,641,822,776],"class_list":["post-32193","post","type-post","status-publish","format-standard","hentry","category-allgemein","category-fachbibliotheken","tag-campusbibliothek","tag-fachbibliothek-geschichts-und-kunstwissenschaften","tag-offnungszeiten","tag-wirtschaftswissenschaftliche-bibliothek","tag-zentralbibliothek"],"_links":{"self":[{"href":"https:\/\/blogs.fu-berlin.de\/bibliotheken\/wp-json\/wp\/v2\/posts\/32193","targetHints":{"allow":["GET"]}}],"collection":[{"href":"https:\/\/blogs.fu-berlin.de\/bibliotheken\/wp-json\/wp\/v2\/posts"}],"about":[{"href":"https:\/\/blogs.fu-berlin.de\/bibliotheken\/wp-json\/wp\/v2\/types\/post"}],"author":[{"embeddable":true,"href":"https:\/\/blogs.fu-berlin.de\/bibliotheken\/wp-json\/wp\/v2\/users\/1427"}],"replies":[{"embeddable":true,"href":"https:\/\/blogs.fu-berlin.de\/bibliotheken\/wp-json\/wp\/v2\/comments?post=32193"}],"version-history":[{"count":19,"href":"https:\/\/blogs.fu-berlin.de\/bibliotheken\/wp-json\/wp\/v2\/posts\/32193\/revisions"}],"predecessor-version":[{"id":32330,"href":"https:\/\/blogs.fu-berlin.de\/bibliotheken\/wp-json\/wp\/v2\/posts\/32193\/revisions\/32330"}],"wp:attachment":[{"href":"https:\/\/blogs.fu-berlin.de\/bibliotheken\/wp-json\/wp\/v2\/media?parent=32193"}],"wp:term":[{"taxonomy":"category","embeddable":true,"href":"https:\/\/blogs.fu-berlin.de\/bibliotheken\/wp-json\/wp\/v2\/categories?post=32193"},{"taxonomy":"post_tag","embeddable":true,"href":"https:\/\/blogs.fu-berlin.de\/bibliotheken\/wp-json\/wp\/v2\/tags?post=32193"}],"curies":[{"name":"wp","href":"https:\/\/api.w.org\/{rel}","templated":true}]}}