{"id":32216,"date":"2023-09-14T17:13:46","date_gmt":"2023-09-14T16:13:46","guid":{"rendered":"https:\/\/blogs.fu-berlin.de\/bibliotheken\/?p=32216"},"modified":"2023-09-14T17:26:48","modified_gmt":"2023-09-14T16:26:48","slug":"zeitzeugen-interviews-als-forschungsdaten-interviewportal-oral-history-digital-startet","status":"publish","type":"post","link":"https:\/\/blogs.fu-berlin.de\/bibliotheken\/2023\/09\/14\/zeitzeugen-interviews-als-forschungsdaten-interviewportal-oral-history-digital-startet\/","title":{"rendered":"Zeitzeugen-Interviews als Forschungsdaten: Interviewportal \u201eOral-History.Digital\u201c startet"},"content":{"rendered":"\n<p>Das von der Deutschen Forschungsgemeinschaft (DFG) gef\u00f6rderte Interviewportal <strong><a href=\"https:\/\/www.oral-history.digital\/index.html\" data-type=\"URL\" data-id=\"https:\/\/www.oral-history.digital\/index.html\">Oral-History.Digital<\/a> <\/strong>(oh.d) ist eine Informationsinfrastruktur f\u00fcr wissenschaftliche Sammlungen von audiovisuell aufgezeichneten narrativen Interviews. <\/p>\n\n\n\n<p>Das Portal gibt Forschenden und historisch Interessierten Zugang zu bisher schwer zug\u00e4nglichen Zeitzeug*innenen-Interviews aus unterschiedlichen Institutionen und Projekten: Als <strong>Erschlie\u00dfungsplattform <\/strong>unterst\u00fctzt oh.d sammelnde Institutionen und Interviewprojekte bei der Archivierung, Erschlie\u00dfung und Bereitstellung ihrer audiovisuellen Forschungsdaten. Als <strong>Forschungsumgebung <\/strong>erm\u00f6glicht oh.d die sammlungs\u00fcbergreifenden Recherche, Annotation und Auswertung von Zeitzeug*innen-Interviews. <\/p>\n\n\n\n<p>Museen, Universit\u00e4ten und Stiftungen k\u00f6nnen auf Oral-History.Digital ihre Audio- und Video-Interviews mit Transkripten und Begleitmaterialien hochladen, mit Werkzeugen f\u00fcr Transkription oder Verschlagwortung bearbeiten und f\u00fcr Bildung und Wissenschaft bereitstellen. Interessierte aus Forschung, Bildung und \u00d6ffentlichkeit k\u00f6nnen die Interviews \u00fcber Filter- und Volltextsuche sammlungs\u00fcbergreifend durchsuchen, mit Untertiteln ansehen, annotieren und zitieren.<\/p>\n\n\n\n<p>Die Plattform wurde an der Universit\u00e4tsbibliothek der Freien Universit\u00e4t in einem  von der DFG gef\u00f6rderten <a href=\"https:\/\/www.oral-history.digital\/projekt\/index.html\"><strong>Projekt<\/strong><\/a> gemeinsam mit zahlreichen Partner*innen konzipiert. Besonders eng war die Zusammenarbeit mit <\/p>\n\n\n\n<ul class=\"wp-block-list\"><li>der Otto-Friedrich-Universit\u00e4t Bamberg (Lehrstuhl Medieninformatik), <\/li><li>der FernUniversit\u00e4t in Hagen (Institut f\u00fcr Geschichte und Biographie), <\/li><li>der FAU Erlangen-N\u00fcrnberg (Neuere und Neueste Geschichte), <\/li><li>der Ludwig-Maximilians-Universit\u00e4t M\u00fcnchen (Bayerisches Archiv f\u00fcr Sprachsignale) und <\/li><li>der Forschungsstelle f\u00fcr Zeitgeschichte in Hamburg (Werkstatt der Erinnerung). <\/li><\/ul>\n\n\n\n<p>Dar\u00fcber hinaus brachten \u00fcber ein Dutzend Archive als <a href=\"https:\/\/www.oral-history.digital\/partner\/index.html#Pilotarchive\" data-type=\"URL\" data-id=\"https:\/\/www.oral-history.digital\/partner\/index.html#Pilotarchive\">Pilotnutzer*innen<\/a> ihre Interviews, Erfahrungen und Anforderungen ein.<\/p>\n\n\n\n<hr class=\"wp-block-separator has-alpha-channel-opacity\" \/>\n\n\n\n<p>Am<strong> Montag, den 25. September 2023, 14:00 \u2013 17:00 Uhr, <\/strong>wird das neue <strong><a href=\"https:\/\/portal.oral-history.digital\" data-type=\"URL\" data-id=\"https:\/\/portal.oral-history.digital\">Portal <\/a><\/strong>der \u00d6ffentlichkeit vorgestellt. Zur Er\u00f6ffnungsveranstaltung im <a href=\"https:\/\/www.fu-berlin.de\/sites\/hfb\/anfahrt\/index.html\">Henry-Ford-Bau<\/a> der Freien Universit\u00e4t Berlin sind alle Interessierten herzlich eingeladen! <\/p>\n\n\n\n<h3 class=\"wp-block-heading\">Er\u00f6ffnungsveranstaltung \u2013 Programm<\/h3>\n\n\n\n<ul class=\"wp-block-list\"><li><strong>14:00 \u2013 14:15 Uhr<br>Begr\u00fc\u00dfung und Gru\u00dfworte<\/strong><br>Prof. Dr. G\u00fcnter Ziegler (Pr\u00e4sident der Freien Universit\u00e4t Berlin)<br>Dr. Andreas Brandtner (Leitender Direktor der Universit\u00e4tsbibliothek der Freien Universit\u00e4t Berlin)<\/li><li><strong>14:15 \u2013 15:45 Uhr<br>Oral-History.Digital: Erschlie\u00dfungsplattform \u2013 Interviewportal \u2013 Forschungsdateninfrastruktur<\/strong><br>F\u00fcr das Projektteam: Dr. Cord Pagenstecher (Berlin), Dr. Almut Leh (Hagen), Prof. Dr. Andreas Henrich (Bamberg), PD Dr. Florian Schiel (M\u00fcnchen), Prof. Dr. Julia Obertreis (Erlangen). Moderation: Prof. Dr. Susanne Freund (Potsdam)<\/li><li><strong>15:45 \u2013 16:15 Uhr: Kaffeepause<\/strong><\/li><li><strong>16:15 \u2013 17:00 Uhr<br>Erlebte Geschichte: Eine Oral History der Freien Universit\u00e4t Berlin<\/strong><br>Dr. Doris Tausendfreund (Freie Universit\u00e4t Berlin)<\/li><\/ul>\n\n\n\n<p>Wer nicht pers\u00f6nlich teilnehmen kann, hat die M\u00f6glichkeit, die Er\u00f6ffnungsveranstaltung \u00fcber einen <strong>Live-Stream<\/strong> zu verfolgen. <strong>S<\/strong>owohl f\u00fcr die Teilnahme in Pr\u00e4senz als auch f\u00fcr den Live-Stream wird um <strong>Anmeldung<\/strong> unter <a href=\"https:\/\/www.oral-history.digital\/eroeffnung\/PM-anmeldung\/index.html\">https:\/\/www.oral-history.digital\/eroeffnung\/PM-anmeldung\/index.html<\/a> gebeten.<\/p>\n\n\n\n<hr class=\"wp-block-separator has-alpha-channel-opacity\" \/>\n\n\n\n<h4 class=\"wp-block-heading\">Zum Weiterlesen<\/h4>\n\n\n\n<p>N\u00e4here Informationen zu Oral-History.Digital enth\u00e4lt auch die <a href=\"https:\/\/www.fu-berlin.de\/presse\/informationen\/fup\/2023\/fup_23_200-oral-history-digital-portal\/index.html\" data-type=\"URL\" data-id=\"https:\/\/www.fu-berlin.de\/presse\/informationen\/fup\/2023\/fup_23_200-oral-history-digital-portal\/index.html\">Pressemitteilung der Freien Universit\u00e4t vom 14. September 2023<\/a>. <\/p>\n\n\n\n<p>Einen Bericht zum Thema lesen Sie au\u00dferdem in der kommenden Ausgabe der <a href=\"https:\/\/www.fu-berlin.de\/presse\/publikationen\/tsp\/index.html\" data-type=\"URL\" data-id=\"https:\/\/www.fu-berlin.de\/presse\/publikationen\/tsp\/index.html\">Tagesspiegel-Beilage der Freien Universit\u00e4t Berlin<\/a>, die am 8. Oktober 2023 erscheint.<\/p>\n\n\n\n<hr class=\"wp-block-separator has-alpha-channel-opacity\" \/>\n\n\n\n<p><em>Hinweis der Redaktion: Dieser Artikel ist in leicht abge\u00e4nderter Form zuerst im <a rel=\"noreferrer noopener\" href=\"https:\/\/www.fu-berlin.de\/sites\/ub\/newsletter-extern\/2023_2\/index.html\" target=\"_blank\"><em>Newsletter UBtoDate #2\/2023<\/em><\/a> der Universit\u00e4tsbibliothek erschienen. Newsletter abonnieren? Bitte <a rel=\"noreferrer noopener\" href=\"https:\/\/ssl2.cms.fu-berlin.de\/fu-berlin\/sites\/ub\/newsletter-extern\/PM_anmeldung\/index.html\" target=\"_blank\">hier entlang<\/a>.<\/em> <\/p>\n","protected":false},"excerpt":{"rendered":"<p>Am 25. September 2023 stellt die Universit\u00e4tsbibliothek der Freien Universit\u00e4t das neue Online-Portal der \u00d6ffentlichkeit vor. Zur Release-Veranstaltung im Henry-Ford-Bau sind alle Interessierten herzlich eingeladen \u2013 Anmeldungen sind noch m\u00f6glich!<\/p>\n","protected":false},"author":7113,"featured_media":32217,"comment_status":"open","ping_status":"open","sticky":false,"template":"","format":"standard","meta":{"footnotes":""},"categories":[9,457,604,601,70,603,584805],"tags":[564,457916,12042,196553,471,187938,457920,457921,457918,196650,2593,2833,457917],"class_list":["post-32216","post","type-post","status-publish","format-standard","has-post-thumbnail","hentry","category-allgemein","category-digitale-bibliothek","category-ins-netz-geschaut","category-universitatsbibliothek","category-veranstaltungen","category-vorgestellt","category-was-ist-neu","tag-datenbank","tag-digitale-interviewsammlungen","tag-forschung","tag-forschungsdaten","tag-geschichte","tag-geschichtswissenschaft","tag-nationale-forschungsdaten-infrastruktur","tag-nfdi","tag-nfdi4memory","tag-online-portale","tag-oral-history","tag-zeitzeugen-interviews","tag-zeitzeugenforschung"],"_links":{"self":[{"href":"https:\/\/blogs.fu-berlin.de\/bibliotheken\/wp-json\/wp\/v2\/posts\/32216","targetHints":{"allow":["GET"]}}],"collection":[{"href":"https:\/\/blogs.fu-berlin.de\/bibliotheken\/wp-json\/wp\/v2\/posts"}],"about":[{"href":"https:\/\/blogs.fu-berlin.de\/bibliotheken\/wp-json\/wp\/v2\/types\/post"}],"author":[{"embeddable":true,"href":"https:\/\/blogs.fu-berlin.de\/bibliotheken\/wp-json\/wp\/v2\/users\/7113"}],"replies":[{"embeddable":true,"href":"https:\/\/blogs.fu-berlin.de\/bibliotheken\/wp-json\/wp\/v2\/comments?post=32216"}],"version-history":[{"count":9,"href":"https:\/\/blogs.fu-berlin.de\/bibliotheken\/wp-json\/wp\/v2\/posts\/32216\/revisions"}],"predecessor-version":[{"id":32226,"href":"https:\/\/blogs.fu-berlin.de\/bibliotheken\/wp-json\/wp\/v2\/posts\/32216\/revisions\/32226"}],"wp:featuredmedia":[{"embeddable":true,"href":"https:\/\/blogs.fu-berlin.de\/bibliotheken\/wp-json\/wp\/v2\/media\/32217"}],"wp:attachment":[{"href":"https:\/\/blogs.fu-berlin.de\/bibliotheken\/wp-json\/wp\/v2\/media?parent=32216"}],"wp:term":[{"taxonomy":"category","embeddable":true,"href":"https:\/\/blogs.fu-berlin.de\/bibliotheken\/wp-json\/wp\/v2\/categories?post=32216"},{"taxonomy":"post_tag","embeddable":true,"href":"https:\/\/blogs.fu-berlin.de\/bibliotheken\/wp-json\/wp\/v2\/tags?post=32216"}],"curies":[{"name":"wp","href":"https:\/\/api.w.org\/{rel}","templated":true}]}}