{"id":32265,"date":"2023-10-05T10:47:03","date_gmt":"2023-10-05T09:47:03","guid":{"rendered":"https:\/\/blogs.fu-berlin.de\/bibliotheken\/?p=32265"},"modified":"2023-10-10T15:35:01","modified_gmt":"2023-10-10T14:35:01","slug":"auftakt-zur-reihe-seitenumbruch-lesungen-in-der-ub-am-12-oktober","status":"publish","type":"post","link":"https:\/\/blogs.fu-berlin.de\/bibliotheken\/2023\/10\/05\/auftakt-zur-reihe-seitenumbruch-lesungen-in-der-ub-am-12-oktober\/","title":{"rendered":"Auftakt zur Reihe \u201eSeitenumbruch \u2013 Lesungen in der UB\u201c am 12. Oktober"},"content":{"rendered":"\n<p>Am<strong> Donnerstag, den 12. Oktober 2023<\/strong> liest Dr. Dr. h. c. Hermann Simon ab 18 Uhr aus dem Buch \u201eUntergetaucht. Eine junge Frau \u00fcberlebt in Berlin 1940 \u2013 1945\u201c seiner Mutter Marie Jalowicz Simon. Die Veranstaltung findet im Coworking-Bereich im 2. Stock der <a href=\"https:\/\/www.fu-berlin.de\/sites\/bibliotheken\/bibliothekenfuehrer\/zentralbibliothek\">Zentralbibliothek<\/a> (Garystr. 39) statt. Moderatorin ist Dr. Nora Pester, Verlegerin und Eigent\u00fcmerin des Hentrich &amp; Hentrich Verlags. Der Eintritt ist kostenfrei. Auch ist keine vorherige Anmeldung erforderlich. Zus\u00e4tzlich wird die Veranstaltung als <strong><a href=\"https:\/\/www.fu-berlin.de\/sites\/ub\/ueber-uns\/provenienzforschung\/10-jahre\/lesungen\/live_stream\/index.html\" data-type=\"URL\" data-id=\"https:\/\/www.fu-berlin.de\/sites\/ub\/ueber-uns\/provenienzforschung\/10-jahre\/lesungen\/live_stream\/index.html\">Livestream<\/a><\/strong> \u00fcbertragen.<\/p>\n\n\n\n<p>Der authentische Bericht schildert das \u00dcberleben der jungen Marie Jalowicz Simon (1922\u20131998) im Berlin der Jahre 1940 bis 1945. Die J\u00fcdin entging der Verhaftung durch die Gestapo und entschied sich, unterzutauchen. Tag f\u00fcr Tag schlug sie sich auf der Suche nach falschen Papieren, sicheren Verstecken und hilfsbereiten Menschen in der Stadt durch. In diese Zeitspanne fiel auch die geplatzte Scheinheirat mit einem Chinesen und der erfolglose Versuch, \u00fcber Bulgarien nach Pal\u00e4stina zu gelangen. Schlie\u00dflich fand sie Unterschlupf im Artistenmilieu und lebte mit einem niederl\u00e4ndischen Fremdarbeiter zusammen.<\/p>\n\n\n\n<h2 class=\"wp-block-heading\">Leben nach dem Zweiten Weltkrieg und Buchver\u00f6ffentlichung<\/h2>\n\n\n\n<p>Nach dem Zweiten Weltkrieg heiratete Marie Jalowicz den Orientalisten und Judaisten Heinrich Simon (1921\u20132010). Beide machten im Wissenschaftsbetrieb der DDR Karriere \u2013 sie als Altphilologin und Philosophiehistorikerin. Jalowicz Simon bekleidete eine Professur f\u00fcr Antike Literatur- und Kulturgeschichte an der Ost-Berliner Humboldt-Universit\u00e4t. Auch war sie Mitglied der j\u00fcdischen Gemeinde. Ihr Sohn Hermann Simon (geb. 1949), Historiker und von 1988 bis 2015 Direktor der Stiftung <a href=\"https:\/\/centrumjudaicum.de\/\">Neue Synagoge Berlin \u2013 Centrum Judaicum<\/a>, interviewte seine Mutter kurz vor ihren Tod. Die 77 aufgenommenen Tonb\u00e4nder m\u00fcndeten in das 2014 vom <a href=\"https:\/\/www.fischerverlage.de\/buch\/marie-jalowicz-simon-untergetaucht-9783596198276\">S. Fischer Verlag ver\u00f6ffentlichte Buch<\/a>, das viel Kritikerlob erhielt und in mehrere Sprachen \u00fcbersetzt wurde. So pries etwa G\u00f6tz Aly <em>(Die Zeit)<\/em> die Lebendigkeit des Berichts und dessen \u201eBerliner Witz\u201c. Auch w\u00fcrden die Helferinnen und Helfer Jalowicz Simons in all ihren \u201edunkleren und helleren\u201c Facetten beschrieben (vgl. <a href=\"https:\/\/www.perlentaucher.de\/buch\/marie-jalowicz-simon\/untergetaucht.html\">Perlentaucher<\/a>).<\/p>\n\n\n\n<p>Die Lesung ist der Auftakt zur Reihe \u201e<strong><a href=\"https:\/\/www.fu-berlin.de\/sites\/ub\/ueber-uns\/news\/2023-09-15_seitenumbruch-lesungen.html\">Seitenumbruch \u2013 Lesungen in der UB<\/a><\/strong>\u201c, die<strong> <\/strong>im Wintersemester 2023\/24 stattfindet. Sie wird zum 10-j\u00e4hrigen Jubil\u00e4um der <a href=\"https:\/\/www.fu-berlin.de\/sites\/ub\/ueber-uns\/provenienzforschung\/index.html\">Arbeitsstelle Provenienzforschung<\/a> organisiert. Im Mittelpunkt stehen Autor*innen, die sich mit der eigenen oder einer fiktiven Familiengeschichte w\u00e4hrend der NS-Zeit und den Folgen f\u00fcr sp\u00e4tere Generationen auseinandersetzen. Weitere Lesungen finden im November statt.<\/p>\n\n\n\n<p>Wir freuen  uns auf Ihre Teilnahme.<\/p>\n\n\n\n<p class=\"has-small-font-size\">(Bildquelle: <a href=\"https:\/\/www.fischerverlage.de\/buch\/marie-jalowicz-simon-untergetaucht-9783596198276\">fischerverlage.de<\/a>)<\/p>\n\n\n\n<p><em>Redaktionell nachbearbeitet am 10. Oktober 2023.<\/em><\/p>\n","protected":false},"excerpt":{"rendered":"<p>Am Donnerstag, den 12. Oktober 2023 liest Dr. Dr. h. c. Hermann Simon ab 18 Uhr aus dem Buch \u201eUntergetaucht. Eine junge Frau \u00fcberlebt in Berlin 1940 \u2013 1945\u201c seiner Mutter Marie Jalowicz Simon. Die Veranstaltung findet im Coworking-Bereich im 2. Stock der Zentralbibliothek (Garystr. 39) statt. Moderatorin ist Dr. Nora Pester, Verlegerin und Eigent\u00fcmerin &hellip; <a href=\"https:\/\/blogs.fu-berlin.de\/bibliotheken\/2023\/10\/05\/auftakt-zur-reihe-seitenumbruch-lesungen-in-der-ub-am-12-oktober\/\" class=\"more-link\"><span class=\"screen-reader-text\">\u201eAuftakt zur Reihe \u201eSeitenumbruch \u2013 Lesungen in der UB\u201c am 12. Oktober\u201c<\/span> weiterlesen<\/a><\/p>\n","protected":false},"author":293,"featured_media":32267,"comment_status":"open","ping_status":"open","sticky":false,"template":"","format":"standard","meta":{"footnotes":""},"categories":[9,70],"tags":[457845,79,18609,457929,457925,1423,832,457927,1215,457926,457928,457930,776,1041],"class_list":["post-32265","post","type-post","status-publish","format-standard","has-post-thumbnail","hentry","category-allgemein","category-veranstaltungen","tag-arbeitsstelle-provenienzforschung","tag-berlin","tag-buchvorstellung","tag-frauengeschichte","tag-hermann-simon","tag-holocaust","tag-lesung","tag-marie-jalowicz-simon","tag-nationalsozialismus","tag-seitenumbruch","tag-shoa","tag-zeitzeugin","tag-zentralbibliothek","tag-zweiter-weltkrieg"],"_links":{"self":[{"href":"https:\/\/blogs.fu-berlin.de\/bibliotheken\/wp-json\/wp\/v2\/posts\/32265","targetHints":{"allow":["GET"]}}],"collection":[{"href":"https:\/\/blogs.fu-berlin.de\/bibliotheken\/wp-json\/wp\/v2\/posts"}],"about":[{"href":"https:\/\/blogs.fu-berlin.de\/bibliotheken\/wp-json\/wp\/v2\/types\/post"}],"author":[{"embeddable":true,"href":"https:\/\/blogs.fu-berlin.de\/bibliotheken\/wp-json\/wp\/v2\/users\/293"}],"replies":[{"embeddable":true,"href":"https:\/\/blogs.fu-berlin.de\/bibliotheken\/wp-json\/wp\/v2\/comments?post=32265"}],"version-history":[{"count":9,"href":"https:\/\/blogs.fu-berlin.de\/bibliotheken\/wp-json\/wp\/v2\/posts\/32265\/revisions"}],"predecessor-version":[{"id":32396,"href":"https:\/\/blogs.fu-berlin.de\/bibliotheken\/wp-json\/wp\/v2\/posts\/32265\/revisions\/32396"}],"wp:featuredmedia":[{"embeddable":true,"href":"https:\/\/blogs.fu-berlin.de\/bibliotheken\/wp-json\/wp\/v2\/media\/32267"}],"wp:attachment":[{"href":"https:\/\/blogs.fu-berlin.de\/bibliotheken\/wp-json\/wp\/v2\/media?parent=32265"}],"wp:term":[{"taxonomy":"category","embeddable":true,"href":"https:\/\/blogs.fu-berlin.de\/bibliotheken\/wp-json\/wp\/v2\/categories?post=32265"},{"taxonomy":"post_tag","embeddable":true,"href":"https:\/\/blogs.fu-berlin.de\/bibliotheken\/wp-json\/wp\/v2\/tags?post=32265"}],"curies":[{"name":"wp","href":"https:\/\/api.w.org\/{rel}","templated":true}]}}