{"id":32314,"date":"2023-10-18T10:27:00","date_gmt":"2023-10-18T09:27:00","guid":{"rendered":"https:\/\/blogs.fu-berlin.de\/bibliotheken\/?p=32314"},"modified":"2023-10-18T13:09:29","modified_gmt":"2023-10-18T12:09:29","slug":"workshop-fuer-auszubildende-die-gruene-bibliothek-nachhaltiges-handeln-fuer-den-berufsnachwuchs","status":"publish","type":"post","link":"https:\/\/blogs.fu-berlin.de\/bibliotheken\/2023\/10\/18\/workshop-fuer-auszubildende-die-gruene-bibliothek-nachhaltiges-handeln-fuer-den-berufsnachwuchs\/","title":{"rendered":"Workshop f\u00fcr Auszubildende: Die Gr\u00fcne Bibliothek &amp; nachhaltiges Handeln f\u00fcr den Berufsnachwuchs"},"content":{"rendered":"\n<p>Die duale Ausbildung zur\/zum &#8222;Fachangestellte\/n f\u00fcr Medien &#8211; und Informationsdienste&#8220;, kurz FaMI, gibt es in Deutschland seit vielen Dekaden. Berufsbilder unterliegen einem st\u00e4ndigen Wandel, so ver\u00e4ndern sich vor allem die T\u00e4tigkeitsfelder in der praktischen Ausbildung hinsichtlich der Ausbildungsinhalte zur <a href=\"https:\/\/www.bmbf.de\/bmbf\/shareddocs\/pressemitteilungen\/de\/karliczek-digitalisierung-und--chtprogramm-fuer-auszubildende.html\" data-type=\"URL\" data-id=\"https:\/\/www.bmbf.de\/bmbf\/shareddocs\/pressemitteilungen\/de\/karliczek-digitalisierung-und--chtprogramm-fuer-auszubildende.html\">Digitalisierung, des demografischen Wandels und eben auch hinsichtlich des Themas Nachhaltigkeit<\/a>. In Zeiten multipler Krisen, andauernden Kriegen und der gesellschaftlichen Spaltung ist es mehr denn je bedeutsam, jungen Menschen im ersten Abschnitt des Berufslebens Machbares aufzuzeigen, welche L\u00f6sungen es zu diesen komplexen Problemen auch in Bibliotheken gibt.<\/p>\n\n\n\n<p>Die Universit\u00e4tsbibliothek bildet seit vielen Jahren FaMIs aus, der aktuelle Jahrgang hat 2022 seine Ausbildung mit drei Auszubildenden begonnen. Bereits in den Einf\u00fchrungstagen gab es mit einem Kollegen einen ganzen Tag im <a href=\"https:\/\/blogs.fu-berlin.de\/bibliotheken\/2021\/05\/03\/ein-garten-fuer-biodiversitaet-und-zum-verweilen\/\" data-type=\"URL\" data-id=\"https:\/\/blogs.fu-berlin.de\/bibliotheken\/2021\/05\/03\/ein-garten-fuer-biodiversitaet-und-zum-verweilen\/\">Bibliotheksgarten der Bibliothek f\u00fcr Sozialwissenschaften und Osteuropastudien.<\/a> Nicht allein der &#8222;gr\u00fcne Lernort&#8220; sondern naturnahes G\u00e4rtnern, die Saatgut-Bibliothek und die Zusammenarbeit mit der Nachhaltigkeitsinitiative &#8222;<a href=\"https:\/\/www.fu-berlin.de\/sites\/sustain\/index.html\" data-type=\"URL\" data-id=\"https:\/\/www.fu-berlin.de\/sites\/sustain\/index.html\">SUSTAIN IT<\/a>!&#8220; an der Freien Universit\u00e4t zeigen ein komplexes Gef\u00fcge, was \u00f6kologische Nachhaltigkeit beinhaltet.<\/p>\n\n\n\n<p><strong>Workshop im Co-Working-Bereich der Zentralbibliothek<\/strong><\/p>\n\n\n\n<figure class=\"wp-block-image size-full\"><img loading=\"lazy\" decoding=\"async\" width=\"2560\" height=\"1920\" src=\"https:\/\/blogs.fu-berlin.de\/bibliotheken\/files\/2023\/10\/DSC062641-scaled.jpg\" alt=\"\" class=\"wp-image-32316\" srcset=\"https:\/\/blogs.fu-berlin.de\/bibliotheken\/files\/2023\/10\/DSC062641-scaled.jpg 2560w, https:\/\/blogs.fu-berlin.de\/bibliotheken\/files\/2023\/10\/DSC062641-300x225.jpg 300w, https:\/\/blogs.fu-berlin.de\/bibliotheken\/files\/2023\/10\/DSC062641-1536x1152.jpg 1536w, https:\/\/blogs.fu-berlin.de\/bibliotheken\/files\/2023\/10\/DSC062641-2048x1536.jpg 2048w, https:\/\/blogs.fu-berlin.de\/bibliotheken\/files\/2023\/10\/DSC062641-1200x900.jpg 1200w\" sizes=\"auto, (max-width: 709px) 85vw, (max-width: 909px) 67vw, (max-width: 1362px) 62vw, 840px\" \/><\/figure>\n\n\n\n<p><\/p>\n\n\n\n<p>Die Auszubildenden bekamen vorab unterschiedliche Aufgaben, mit denen sie auf das Thema Nachhaltigkeit eingestimmt wurden und die sie im Workshop pr\u00e4sentieren sollten.<\/p>\n\n\n\n<p>Die Arbeitsauftr\u00e4ge spannten u.a. mit der <a href=\"https:\/\/unric.org\/de\/17ziele\/\">Agenda 2030 und den 17 Zielen f\u00fcr nachhaltige Entwicklung<\/a>, Definitionen f\u00fcr Nachhaltigkeit und die <a href=\"https:\/\/cdn.ifla.org\/wp-content\/uploads\/IFLA-GreenLibraryDefinition_German_2022Jan.pdf\" data-type=\"URL\" data-id=\"https:\/\/cdn.ifla.org\/wp-content\/uploads\/IFLA-GreenLibraryDefinition_German_2022Jan.pdf\">Gr\u00fcne Bibliothek<\/a> den Bogen von der Theorie bis hin zu praktischen Anwendungsbeispielen aus Bibliotheken. Beeindruckend waren die gesammelten Beispiele aus den vertretenen Bibliotheken. Es gab einige empfundene Aha-Erlebnisse der Auszubildenden:  Nicht nur der K\u00fchlschrank zur Lebensmittelrettung oder der Verleih von Lastenr\u00e4dern geh\u00f6rt zu nachhaltigen Angeboten einer Bibliothek. Dauerhafte Bildungsangebote zu Fake-News, die &#8222;Bibliothek der Dinge&#8220; als Alternative zum Kauf von Dingen oder das Teamevent &#8222;Plastikfreies Picknick&#8220; geh\u00f6ren zu sozialer Nachhaltigkeit. <\/p>\n\n\n\n<hr class=\"wp-block-separator has-alpha-channel-opacity\" \/>\n\n\n\n<p><strong>Akteur*innen f\u00fcr Nachhaltigkeit zeigen Handlungsfelder<\/strong><\/p>\n\n\n\n<p>Tim Schumann (<a href=\"https:\/\/www.netzwerk-gruene-bibliothek.de\/willkommen\/\" rel=\"noreferrer noopener\" target=\"_blank\">Netzwerk Gr\u00fcne Bibliothek<\/a>) aus der <a href=\"https:\/\/www.berlin.de\/stadtbibliothek-pankow\/bibliotheken\/heinrich-boell-bibliothek\/heinrich-boell-bibliothek-angebote-208544.php#headline_1_44_0_0\" rel=\"noreferrer noopener\" target=\"_blank\">Heinrich-B\u00f6ll-Bibliothek<\/a> berichtete vom \u201egr\u00fcnen Pfad\u201c der Pankower Bibliotheken. Er schilderte u.a. das aufw\u00e4ndige Projekt zur Berechnung des CO2-Aussto\u00dfes der Bibliothek und \u00fcber praktische Aktivit\u00e4ten wie die Aufstellung einer Social Period Box oder der Nutzung einer Wurmkiste. Dabei appellierte er an eine Neuausrichtung des Selbstverst\u00e4ndnisses der Bibliotheken hin zu einem regionalen Player f\u00fcr Nachhaltigkeit und Community Building. Die Auszubildenden adressierte er dabei explizit als Multiplikator*innen daf\u00fcr in ihrem jeweiligen Umfeld.<\/p>\n\n\n\n<p>Antje Wenzel stellte die <a href=\"https:\/\/www.berlin.de\/stadtbibliothek-mitte\/bibliotheken\/bibliothek-tiergarten-sued\/\" rel=\"noreferrer noopener\" target=\"_blank\">Saatgutbibliothek der Bibliothek Tiergarten-S\u00fcd<\/a> und die Bibliothek der Dinge vor und entwickelte mit den Auszubildenden gemeinsam Ideen f\u00fcr die \u00d6ffentlichkeitsarbeit, um diese Angebote st\u00e4rker zu verbreiten.<\/p>\n\n\n\n<p>Judith H\u00fcbner von der <a rel=\"noreferrer noopener\" href=\"https:\/\/www.fu-berlin.de\/sites\/koordinierungsstelle-umweltbildung-steglitz-zehlendorf\/index.html\" target=\"_blank\">Koordinierungsstelle f\u00fcr Natur-, Umwelt- und Nachhaltigkeitsbildung<\/a> in Steglitz-Zehlendorf an der Freien Universit\u00e4t Berlin  hob besonders den Aspekt der Kooperationspartner hervor und leitete die Auszubildenden zu einer umfangreichen Sammlung von bestehenden und m\u00f6glichen weiteren Kooperationen an, um Nachhaltigkeitsprojekte voran zu bringen. Eindrucksvoll waren hier die unz\u00e4hligen Beispiele, die alle Auszubildenden bereits kennen. Neue, frische Ideen zu m\u00f6glichen Kooperationen zwischen Bibliothek und Partner*innen aus Kiez oder der Stadt wurden in Gruppenarbeit zusammengetragen und reflektiert. <\/p>\n\n\n\n<p>Sabine Heckmann von der <a rel=\"noreferrer noopener\" href=\"https:\/\/www.fu-berlin.de\/sites\/nachhaltigkeit\/stabsstelle\/team\/22_Heckmann.html\" target=\"_blank\">Stabsstelle Nachhaltigkeit der FU<\/a> diskutierte mit der Gruppe, auf welcher Ebene Ver\u00e4nderungen hin zu mehr Nachhaltigkeit angesto\u00dfen werden m\u00fcssen. Sie leitete die Auszubildenden an, ein Grobkonzept f\u00fcr eine eigene Bibliotheksveranstaltung zum Thema zu erarbeiten.<\/p>\n\n\n\n<figure class=\"wp-block-image size-full\"><img loading=\"lazy\" decoding=\"async\" width=\"2560\" height=\"1920\" src=\"https:\/\/blogs.fu-berlin.de\/bibliotheken\/files\/2023\/10\/Gruppenbild4-scaled.jpg\" alt=\"\" class=\"wp-image-32322\" srcset=\"https:\/\/blogs.fu-berlin.de\/bibliotheken\/files\/2023\/10\/Gruppenbild4-scaled.jpg 2560w, https:\/\/blogs.fu-berlin.de\/bibliotheken\/files\/2023\/10\/Gruppenbild4-300x225.jpg 300w, https:\/\/blogs.fu-berlin.de\/bibliotheken\/files\/2023\/10\/Gruppenbild4-1536x1152.jpg 1536w, https:\/\/blogs.fu-berlin.de\/bibliotheken\/files\/2023\/10\/Gruppenbild4-2048x1536.jpg 2048w, https:\/\/blogs.fu-berlin.de\/bibliotheken\/files\/2023\/10\/Gruppenbild4-1200x900.jpg 1200w\" sizes=\"auto, (max-width: 709px) 85vw, (max-width: 909px) 67vw, (max-width: 1362px) 62vw, 840px\" \/><\/figure>\n\n\n\n<hr class=\"wp-block-separator has-alpha-channel-opacity\" \/>\n\n\n\n<p>Und wie geht es weiter?<\/p>\n\n\n\n<p>&#8222;Motivation &amp; Inspiration&#8220; waren unter anderem die Stimmungsbilder in der Feedbackrunde der Auszubildenden. Jetzt gilt es, w\u00e4hrend der Ausbildungszeit gen\u00fcgend Zeit, Raum und auch Betreuung zu erhalten, um eigene Ideen im Sinne einer &#8222;gr\u00fcnen Bibliothek&#8220; umsetzen. <\/p>\n\n\n\n<p>Die drei Auszubildenden der Universit\u00e4tsbibliothek haben ihre Ideen mit den Ausbilder*innen bereits besprochen, erste Projektskizzen stehen und werden im neuen Ausbildungsjahr umgesetzt. Dann wird sich zeigen, wie &#8222;nachhaltig&#8220; das Wissen zu dem Thema auch das eigene Handeln bef\u00f6rdert hat. Wir sind gespannt. <\/p>\n\n\n\n<p><em>Bildquelle: \u00a9Janet Wagner<\/em><\/p>\n","protected":false},"excerpt":{"rendered":"<p>Die duale Ausbildung zur\/zum &#8222;Fachangestellte\/n f\u00fcr Medien &#8211; und Informationsdienste&#8220;, kurz FaMI, gibt es in Deutschland seit vielen Dekaden. Berufsbilder unterliegen einem st\u00e4ndigen Wandel, so ver\u00e4ndern sich vor allem die T\u00e4tigkeitsfelder in der praktischen Ausbildung hinsichtlich der Ausbildungsinhalte zur Digitalisierung, des demografischen Wandels und eben auch hinsichtlich des Themas Nachhaltigkeit. In Zeiten multipler Krisen, andauernden &hellip; <a href=\"https:\/\/blogs.fu-berlin.de\/bibliotheken\/2023\/10\/18\/workshop-fuer-auszubildende-die-gruene-bibliothek-nachhaltiges-handeln-fuer-den-berufsnachwuchs\/\" class=\"more-link\"><span class=\"screen-reader-text\">\u201eWorkshop f\u00fcr Auszubildende: Die Gr\u00fcne Bibliothek &amp; nachhaltiges Handeln f\u00fcr den Berufsnachwuchs\u201c<\/span> weiterlesen<\/a><\/p>\n","protected":false},"author":5902,"featured_media":0,"comment_status":"open","ping_status":"open","sticky":false,"template":"","format":"standard","meta":{"footnotes":""},"categories":[9,599,601,70,603],"tags":[196703,368757,529,471602,457935,471599,471601,989,368602,368750,368753,2678,471600,368603,57495],"class_list":["post-32314","post","type-post","status-publish","format-standard","hentry","category-allgemein","category-bibliothekswesen","category-universitatsbibliothek","category-veranstaltungen","category-vorgestellt","tag-17-ziele-fuer-nachhaltige-entwicklung","tag-agenda2030","tag-ausbildung","tag-berufsnachwuchs","tag-bildung-fuer-nachhaltige-entwicklung","tag-bne","tag-education-for-sustainable-development-esd","tag-fami-ausbildung","tag-green-library","tag-greenfubib","tag-gruene-bibliothek","tag-nachhaltigkeit","tag-netzwerk-gruene-bibliothek","tag-sdgs","tag-sustainable-development-goals"],"_links":{"self":[{"href":"https:\/\/blogs.fu-berlin.de\/bibliotheken\/wp-json\/wp\/v2\/posts\/32314","targetHints":{"allow":["GET"]}}],"collection":[{"href":"https:\/\/blogs.fu-berlin.de\/bibliotheken\/wp-json\/wp\/v2\/posts"}],"about":[{"href":"https:\/\/blogs.fu-berlin.de\/bibliotheken\/wp-json\/wp\/v2\/types\/post"}],"author":[{"embeddable":true,"href":"https:\/\/blogs.fu-berlin.de\/bibliotheken\/wp-json\/wp\/v2\/users\/5902"}],"replies":[{"embeddable":true,"href":"https:\/\/blogs.fu-berlin.de\/bibliotheken\/wp-json\/wp\/v2\/comments?post=32314"}],"version-history":[{"count":10,"href":"https:\/\/blogs.fu-berlin.de\/bibliotheken\/wp-json\/wp\/v2\/posts\/32314\/revisions"}],"predecessor-version":[{"id":32342,"href":"https:\/\/blogs.fu-berlin.de\/bibliotheken\/wp-json\/wp\/v2\/posts\/32314\/revisions\/32342"}],"wp:attachment":[{"href":"https:\/\/blogs.fu-berlin.de\/bibliotheken\/wp-json\/wp\/v2\/media?parent=32314"}],"wp:term":[{"taxonomy":"category","embeddable":true,"href":"https:\/\/blogs.fu-berlin.de\/bibliotheken\/wp-json\/wp\/v2\/categories?post=32314"},{"taxonomy":"post_tag","embeddable":true,"href":"https:\/\/blogs.fu-berlin.de\/bibliotheken\/wp-json\/wp\/v2\/tags?post=32314"}],"curies":[{"name":"wp","href":"https:\/\/api.w.org\/{rel}","templated":true}]}}