{"id":32337,"date":"2023-10-17T09:25:16","date_gmt":"2023-10-17T08:25:16","guid":{"rendered":"https:\/\/blogs.fu-berlin.de\/bibliotheken\/?p=32337"},"modified":"2024-07-04T07:57:29","modified_gmt":"2024-07-04T06:57:29","slug":"auftaktveranstaltung-am-24-10-2023-open-access-in-der-region-berlin-brandenburg-was-wurde-erreicht-und-wo-geht-es-hin","status":"publish","type":"post","link":"https:\/\/blogs.fu-berlin.de\/bibliotheken\/2023\/10\/17\/auftaktveranstaltung-am-24-10-2023-open-access-in-der-region-berlin-brandenburg-was-wurde-erreicht-und-wo-geht-es-hin\/","title":{"rendered":"Auftaktveranstaltung am 24.10.2023: Open Access in der Region Berlin-Brandenburg: Was wurde erreicht und wo geht es hin?"},"content":{"rendered":"\n<h4 class=\"wp-block-heading\">Auftaktveranstaltung der Reihe \u201eQuo vadis offene Wissenschaft\u201c am 24. Oktober 2023<\/h4>\n\n\n\n<p>Im zwanzigsten Jubil\u00e4umsjahr der \u201eBerliner Erkl\u00e4rung \u00fcber den offenen Zugang zu wissenschaftlichem Wissen\u201c widmet sich ein B\u00fcndnis von wissenschaftlichen Einrichtungen und Bibliotheken dem Stand und der Perspektive der offenen Wissenschaft (Open Research\/Open Science) in Berlin und Brandenburg. Es handelt sich bei dieser Auftaktveranstaltung um die erste in der Reihe <a href=\"https:\/\/blogs.fu-berlin.de\/open-access-berlin\/2023\/05\/23\/oa-week-bbb-3\/\">Quo vadis offene Wissenschaft in Berlin und Brandenburg: Open Access Week 2023\/24 (#OAWeekBBB)<\/a><\/p>\n\n\n\n<p><strong>Termin:<\/strong> 24. Oktober 2023, 16:00\u201317:45 Uhr<br><strong>Ort:<\/strong> H\u00f6rsaal des Zuse Instituts Berlin, Takustra\u00dfe 7, 14195 Berlin <strong><em>und Livestream ; mit <a href=\"https:\/\/terminplaner6.dfn.de\/b\/a77a95b510dab03e773c82bb60314e4a-398857\">Anmeldung f\u00fcr Pr\u00e4senz und Online-Teilnahme via Zoom<\/a><\/em><\/strong><br><strong>Veranstaltende:<\/strong> Institut f\u00fcr Bibliotheks- und Informationswissenschaft (IBI) der Humboldt-Universit\u00e4t zu Berlin (HU), Kooperativer Bibliotheksverbund Berlin-Brandenburg, Open-Access-B\u00fcro Berlin und Vernetzungs- und Kompetenzstelle Open Access Brandenburg<\/p>\n\n\n\n<h1 class=\"wp-block-heading\">Programm<\/h1>\n\n\n\n<p><strong>16 Uhr: Begr\u00fc\u00dfung durch Prof. Christof Sch\u00fctte (Zuse Institut Berlin)<\/strong><\/p>\n\n\n\n<p><strong>16:10-17:45 Uhr: Open Access in der Region Berlin-Brandenburg: Was wurde erreicht und wo geht es hin?<\/strong><\/p>\n\n\n\n<p>Moderation: Dr. Andreas Brandtner (AG Open-Access-Strategie Berlin\/Freie Universit\u00e4t Berlin)<\/p>\n\n\n\n<ul class=\"wp-block-list\"><li>J\u00fcrgen Christof (Technische Universit\u00e4t Berlin)<\/li><li>Kathrin Grotz (Staatliche Museen Berlin, SPK)<\/li><li>Prof. Martin Gr\u00f6tschel (eh. Berlin-Brandenburgische Akademie der Wissenschaften)<\/li><li>Prof. Ariane Je\u00dfulat (Universit\u00e4t der K\u00fcnste Berlin)<\/li><li>Dr. Peter Kost\u00e4dt (Universit\u00e4t Potsdam)<\/li><li>Prof. Heinz Pampel (Humboldt-Universit\u00e4t zu Berlin, Helmholtz Open Science Office)<\/li><\/ul>\n\n\n\n<p><strong>17:45 Uhr: Ausklang bei Getr\u00e4nken<\/strong><\/p>\n","protected":false},"excerpt":{"rendered":"<p>Auftaktveranstaltung der Reihe \u201eQuo vadis offene Wissenschaft\u201c am 24. Oktober 2023 Im zwanzigsten Jubil\u00e4umsjahr der \u201eBerliner Erkl\u00e4rung \u00fcber den offenen Zugang zu wissenschaftlichem Wissen\u201c widmet sich ein B\u00fcndnis von wissenschaftlichen Einrichtungen und Bibliotheken dem Stand und der Perspektive der offenen Wissenschaft (Open Research\/Open Science) in Berlin und Brandenburg. Es handelt sich bei dieser Auftaktveranstaltung um &hellip; <a href=\"https:\/\/blogs.fu-berlin.de\/bibliotheken\/2023\/10\/17\/auftaktveranstaltung-am-24-10-2023-open-access-in-der-region-berlin-brandenburg-was-wurde-erreicht-und-wo-geht-es-hin\/\" class=\"more-link\"><span class=\"screen-reader-text\">\u201eAuftaktveranstaltung am 24.10.2023: Open Access in der Region Berlin-Brandenburg: Was wurde erreicht und wo geht es hin?\u201c<\/span> weiterlesen<\/a><\/p>\n","protected":false},"author":3230,"featured_media":0,"comment_status":"open","ping_status":"open","sticky":false,"template":"","format":"standard","meta":{"footnotes":""},"categories":[9],"tags":[],"class_list":["post-32337","post","type-post","status-publish","format-standard","hentry","category-allgemein"],"_links":{"self":[{"href":"https:\/\/blogs.fu-berlin.de\/bibliotheken\/wp-json\/wp\/v2\/posts\/32337","targetHints":{"allow":["GET"]}}],"collection":[{"href":"https:\/\/blogs.fu-berlin.de\/bibliotheken\/wp-json\/wp\/v2\/posts"}],"about":[{"href":"https:\/\/blogs.fu-berlin.de\/bibliotheken\/wp-json\/wp\/v2\/types\/post"}],"author":[{"embeddable":true,"href":"https:\/\/blogs.fu-berlin.de\/bibliotheken\/wp-json\/wp\/v2\/users\/3230"}],"replies":[{"embeddable":true,"href":"https:\/\/blogs.fu-berlin.de\/bibliotheken\/wp-json\/wp\/v2\/comments?post=32337"}],"version-history":[{"count":2,"href":"https:\/\/blogs.fu-berlin.de\/bibliotheken\/wp-json\/wp\/v2\/posts\/32337\/revisions"}],"predecessor-version":[{"id":33033,"href":"https:\/\/blogs.fu-berlin.de\/bibliotheken\/wp-json\/wp\/v2\/posts\/32337\/revisions\/33033"}],"wp:attachment":[{"href":"https:\/\/blogs.fu-berlin.de\/bibliotheken\/wp-json\/wp\/v2\/media?parent=32337"}],"wp:term":[{"taxonomy":"category","embeddable":true,"href":"https:\/\/blogs.fu-berlin.de\/bibliotheken\/wp-json\/wp\/v2\/categories?post=32337"},{"taxonomy":"post_tag","embeddable":true,"href":"https:\/\/blogs.fu-berlin.de\/bibliotheken\/wp-json\/wp\/v2\/tags?post=32337"}],"curies":[{"name":"wp","href":"https:\/\/api.w.org\/{rel}","templated":true}]}}