{"id":32429,"date":"2023-11-27T12:50:02","date_gmt":"2023-11-27T11:50:02","guid":{"rendered":"https:\/\/blogs.fu-berlin.de\/bibliotheken\/?p=32429"},"modified":"2023-11-27T16:53:36","modified_gmt":"2023-11-27T15:53:36","slug":"lesung-mit-alena-schroeder-am-30-11-in-der-zentralbibliothek","status":"publish","type":"post","link":"https:\/\/blogs.fu-berlin.de\/bibliotheken\/2023\/11\/27\/lesung-mit-alena-schroeder-am-30-11-in-der-zentralbibliothek\/","title":{"rendered":"Lesung mit Alena Schr\u00f6der am 30.11. in der Zentralbibliothek"},"content":{"rendered":"\n<p>Am Donnerstag, den 30. November 2023 um 18:00 Uhr begr\u00fc\u00dfen wir Alena Schr\u00f6der in der <a href=\"https:\/\/www.fu-berlin.de\/sites\/bibliotheken\/bibliothekenfuehrer\/zentralbibliothek\">Zentralbibliothek<\/a> der Freien Universit\u00e4t (Garystr. 39, Coworking-Bereich, 2. OG). Sie wird aus ihrem Buch \u201e<a href=\"https:\/\/www.fu-berlin.de\/sites\/ub\/ueber-uns\/provenienzforschung\/10-jahre\/lesungen\/index.html\">Junge Frau, am Fenster stehend, Abendlicht, blaues Kleid<\/a>\u201d lesen, erschienen im dtv Verlag. Es erwartet Sie eine mitrei\u00dfende Familiengeschichte um ein geraubtes Gem\u00e4lde und vier Frauen, die um ein selbstbestimmtes Leben k\u00e4mpfen.<\/p>\n\n\n\n<p>Moderiert wird die Abendveranstaltung im Rahmen unserer Reihe \u201eSeitenumbruch\u201d vom Dr. Nora Pester, Verlegerin und Eigent\u00fcmerin des Hentrich &amp; Hentrich Verlags. Der Eintritt ist frei, um eine vorherige Online-Anmeldung wird gebeten (<a href=\"https:\/\/www.fu-berlin.de\/sites\/ub\/ueber-uns\/provenienzforschung\/10-jahre\/lesungen\/index.html\">weitere Informationen &amp; Anmeldung<\/a>).<\/p>\n\n\n\n<p>Wir freuen uns auf Ihr Kommen!<\/p>\n","protected":false},"excerpt":{"rendered":"<p>Am Donnerstag, den 30. November 2023 um 18:00 Uhr begr\u00fc\u00dfen wir Alena Schr\u00f6der in der Zentralbibliothek der Freien Universit\u00e4t (Garystr. 39, Coworking-Bereich, 2. OG). Sie wird aus ihrem Buch \u201eJunge Frau, am Fenster stehend, Abendlicht, blaues Kleid\u201d lesen, erschienen im dtv Verlag. Es erwartet Sie eine mitrei\u00dfende Familiengeschichte um ein geraubtes Gem\u00e4lde und vier Frauen, &hellip; <a href=\"https:\/\/blogs.fu-berlin.de\/bibliotheken\/2023\/11\/27\/lesung-mit-alena-schroeder-am-30-11-in-der-zentralbibliothek\/\" class=\"more-link\"><span class=\"screen-reader-text\">\u201eLesung mit Alena Schr\u00f6der am 30.11. in der Zentralbibliothek\u201c<\/span> weiterlesen<\/a><\/p>\n","protected":false},"author":293,"featured_media":32430,"comment_status":"open","ping_status":"open","sticky":false,"template":"","format":"standard","meta":{"footnotes":""},"categories":[9,70],"tags":[471611,832,457926],"class_list":["post-32429","post","type-post","status-publish","format-standard","has-post-thumbnail","hentry","category-allgemein","category-veranstaltungen","tag-alena-schroeder","tag-lesung","tag-seitenumbruch"],"_links":{"self":[{"href":"https:\/\/blogs.fu-berlin.de\/bibliotheken\/wp-json\/wp\/v2\/posts\/32429","targetHints":{"allow":["GET"]}}],"collection":[{"href":"https:\/\/blogs.fu-berlin.de\/bibliotheken\/wp-json\/wp\/v2\/posts"}],"about":[{"href":"https:\/\/blogs.fu-berlin.de\/bibliotheken\/wp-json\/wp\/v2\/types\/post"}],"author":[{"embeddable":true,"href":"https:\/\/blogs.fu-berlin.de\/bibliotheken\/wp-json\/wp\/v2\/users\/293"}],"replies":[{"embeddable":true,"href":"https:\/\/blogs.fu-berlin.de\/bibliotheken\/wp-json\/wp\/v2\/comments?post=32429"}],"version-history":[{"count":4,"href":"https:\/\/blogs.fu-berlin.de\/bibliotheken\/wp-json\/wp\/v2\/posts\/32429\/revisions"}],"predecessor-version":[{"id":32434,"href":"https:\/\/blogs.fu-berlin.de\/bibliotheken\/wp-json\/wp\/v2\/posts\/32429\/revisions\/32434"}],"wp:featuredmedia":[{"embeddable":true,"href":"https:\/\/blogs.fu-berlin.de\/bibliotheken\/wp-json\/wp\/v2\/media\/32430"}],"wp:attachment":[{"href":"https:\/\/blogs.fu-berlin.de\/bibliotheken\/wp-json\/wp\/v2\/media?parent=32429"}],"wp:term":[{"taxonomy":"category","embeddable":true,"href":"https:\/\/blogs.fu-berlin.de\/bibliotheken\/wp-json\/wp\/v2\/categories?post=32429"},{"taxonomy":"post_tag","embeddable":true,"href":"https:\/\/blogs.fu-berlin.de\/bibliotheken\/wp-json\/wp\/v2\/tags?post=32429"}],"curies":[{"name":"wp","href":"https:\/\/api.w.org\/{rel}","templated":true}]}}