{"id":32435,"date":"2023-11-30T09:17:17","date_gmt":"2023-11-30T08:17:17","guid":{"rendered":"https:\/\/blogs.fu-berlin.de\/bibliotheken\/?p=32435"},"modified":"2023-11-30T09:22:26","modified_gmt":"2023-11-30T08:22:26","slug":"erlebte-geschichte-oral-history-projekt-zur-geschichte-der-freien-universitaet-geht-online","status":"publish","type":"post","link":"https:\/\/blogs.fu-berlin.de\/bibliotheken\/2023\/11\/30\/erlebte-geschichte-oral-history-projekt-zur-geschichte-der-freien-universitaet-geht-online\/","title":{"rendered":"\u201eErlebte Geschichte\u201c: Oral-History-Projekt zur Geschichte der Freien Universit\u00e4t geht online"},"content":{"rendered":"\n<p>Die Geschichte der Freien Universit\u00e4t Berlin ist so eng wie die kaum einer anderen deutschen Hochschule mit der Nachkriegsgeschichte Berlins und der Bundesrepublik verwoben. Gegr\u00fcndet 1948 im Westen der geteilten Stadt, wurde und wird die Freie Universit\u00e4t gepr\u00e4gt durch die Menschen, die hier arbeiteten, lehrten und studierten \u2013 und die ihr in wechselvollen Zeiten ein unverwechselbares Gesicht verliehen haben. <\/p>\n\n\n\n<p>Das <a href=\"https:\/\/www.fu-berlin.de\/sites\/erlebte-geschichte\/index.html\" data-type=\"URL\" data-id=\"https:\/\/www.fu-berlin.de\/sites\/erlebte-geschichte\/index.html\">Oral-History-Projekt \u201eErlebte Geschichte\u201c<\/a>, das seit Anfang 2019 vom <a href=\"https:\/\/www.fu-berlin.de\/sites\/ub\/forschen-lehren\/forschen\/dis\/index.html\" data-type=\"URL\" data-id=\"https:\/\/www.fu-berlin.de\/sites\/ub\/forschen-lehren\/forschen\/dis\/index.html\">Team Digitale Interview-Sammlungen an der Universit\u00e4tsbibliothek<\/a> erarbeitet wurde, dokumentiert, erschlie\u00dft und pr\u00e4sentiert die Erinnerungen einer Vielzahl dieser Menschen in <strong>lebensgeschichtlichen Video-Interviews<\/strong>: Pr\u00e4sidenten und Professor*innen, ehemalige Studierende, Laborangestellte, Tierpfleger*innen, wissenschaftliche Mitarbeitende, Bibliotheksbesch\u00e4ftigte oder Angeh\u00f6rige der Universit\u00e4tsverwaltung berichten darin von ihrem Leben (nicht nur) an der Freien Universit\u00e4t und davon, wie sie diese Hochschule mitgestaltet haben. <\/p>\n\n\n\n<p>Daraus entstanden ist eine in der deutschen Hochschullandschaft bisher wohl einzigartige <strong>Sammlung <\/strong>sowie die <strong>Online-Ausstellung \u201eErlebte Geschichte. Menschen erz\u00e4hlen \u2013 Leben mit der Freien Universit\u00e4t Berlin\u201c<\/strong>, die auf vielf\u00e4ltige Weise die Wechselwirkung zwischen Biographie und Geschichte der Institution veranschaulicht: Ein lebendiges St\u00fcck Universit\u00e4tsgeschichte \u2013 von den Gr\u00fcndungstagen bis in die Gegenwart.<\/p>\n\n\n\n<hr class=\"wp-block-separator has-alpha-channel-opacity\" \/>\n\n\n\n<figure class=\"wp-block-image size-full\"><img loading=\"lazy\" decoding=\"async\" width=\"1308\" height=\"722\" src=\"https:\/\/blogs.fu-berlin.de\/bibliotheken\/files\/2023\/11\/EG_Collage_Standbild-Detail.png\" alt=\"\" class=\"wp-image-32441\" srcset=\"https:\/\/blogs.fu-berlin.de\/bibliotheken\/files\/2023\/11\/EG_Collage_Standbild-Detail.png 1308w, https:\/\/blogs.fu-berlin.de\/bibliotheken\/files\/2023\/11\/EG_Collage_Standbild-Detail-300x166.png 300w, https:\/\/blogs.fu-berlin.de\/bibliotheken\/files\/2023\/11\/EG_Collage_Standbild-Detail-1200x662.png 1200w\" sizes=\"auto, (max-width: 709px) 85vw, (max-width: 909px) 67vw, (max-width: 1362px) 62vw, 840px\" \/><figcaption>v. l. n. r.: Studentenausweis Dieter Gro\u00dfklaus, 1953; Foto: privat. \/ Prof. Dr. Klaus Kisker, Professor f\u00fcr Volkswirtschaftslehre, 2018; Foto: Doris Tausendfreund. \/ Universit\u00e4tsangeh\u00f6rige im H\u00f6rsaal, ca. 1980\u20131990; Universit\u00e4tsarchiv; Foto: Inge Kundel-Saro. \/ Dr. habil. Eva Strommenger-Nagel, Gr\u00fcndungsstudentin der Freien Universit\u00e4t und Privatdozentin f\u00fcr Altertumskunde, 2018; Foto: Doris Tausendfreund.<\/figcaption><\/figure>\n\n\n\n<hr class=\"wp-block-separator has-alpha-channel-opacity\" \/>\n\n\n\n<h3 class=\"wp-block-heading\">Online-Ausstellung: <a href=\"https:\/\/www.erlebte-geschichte.fu-berlin.de\">https:\/\/www.erlebte-geschichte.fu-berlin.de<\/a><\/h3>\n\n\n\n<p>25 biografische Portr\u00e4tfilme laden dazu ein, die Entwicklung der Freien Universit\u00e4t Berlin anhand einer Vielzahl individueller Erz\u00e4hlungen nachzuerleben. 75 kuratierte Themenfilme nehmen wichtige Stationen und Aspekte der Universit\u00e4tsgeschichte in den Fokus \u2013 von der Gr\u00fcndungszeit \u00fcber die Jahre des Mauerbaus, die Studentenbewegung der 1960er Jahre oder die Lage nach der deutschen Wiedervereinigung bis zur internationalen Exzellenz-Universit\u00e4t von heute. Ein Zeitstrahl setzt die Entwicklung an der Freien Universit\u00e4t in den Kontext historischer Ereignisse deutschland- und weltweit.<\/p>\n\n\n\n<h3 class=\"wp-block-heading\">Interview<strong>-Archiv: <a href=\"https:\/\/archiv.erlebte-geschichte.fu-berlin.de\">https:\/\/archiv.erlebte-geschichte.fu-berlin.de<\/a><\/strong> <\/h3>\n\n\n\n<p>Der Online-Ausstellung zugrunde liegt das Interview-Archiv, in dem die ungeschnittenen Video-Interviews in voller L\u00e4nge transkribiert, umfassend inhaltlich erschlossen sowie mit zus\u00e4tzlichen Dokumenten und Materialien angereichert sind. Das Archiv, das bisher 75 lebensgeschichtliche Video-Interviews mit ehemaligen und noch aktiven Universit\u00e4tsangeh\u00f6rigen umfasst, bietet insbesondere f\u00fcr wissenschaftliches Arbeiten eine reiche Quellensammlung, die Forschenden und historisch Interessierten nach einer Registrierung zug\u00e4nglich ist. <\/p>\n\n\n\n<hr class=\"wp-block-separator has-alpha-channel-opacity\" \/>\n\n\n\n<div class=\"wp-block-columns is-layout-flex wp-container-core-columns-is-layout-9d6595d7 wp-block-columns-is-layout-flex\">\n<div class=\"wp-block-column is-layout-flow wp-block-column-is-layout-flow\" style=\"flex-basis:100%\">\n<div class=\"wp-block-group\"><div class=\"wp-block-group__inner-container is-layout-flow wp-block-group-is-layout-flow\">\n<figure class=\"wp-block-gallery has-nested-images columns-default is-cropped wp-block-gallery-1 is-layout-flex wp-block-gallery-is-layout-flex\">\n<figure class=\"wp-block-image size-large\"><img loading=\"lazy\" decoding=\"async\" width=\"2560\" height=\"1828\" data-id=\"32457\" src=\"https:\/\/blogs.fu-berlin.de\/bibliotheken\/files\/2023\/11\/Strommenger_Ausgrabungsstaette-scaled.jpg\" alt=\"\" class=\"wp-image-32457\" srcset=\"https:\/\/blogs.fu-berlin.de\/bibliotheken\/files\/2023\/11\/Strommenger_Ausgrabungsstaette-scaled.jpg 2560w, https:\/\/blogs.fu-berlin.de\/bibliotheken\/files\/2023\/11\/Strommenger_Ausgrabungsstaette-300x214.jpg 300w, https:\/\/blogs.fu-berlin.de\/bibliotheken\/files\/2023\/11\/Strommenger_Ausgrabungsstaette-1536x1097.jpg 1536w, https:\/\/blogs.fu-berlin.de\/bibliotheken\/files\/2023\/11\/Strommenger_Ausgrabungsstaette-2048x1463.jpg 2048w, https:\/\/blogs.fu-berlin.de\/bibliotheken\/files\/2023\/11\/Strommenger_Ausgrabungsstaette-1200x857.jpg 1200w\" sizes=\"auto, (max-width: 709px) 85vw, (max-width: 909px) 67vw, (max-width: 1362px) 62vw, 840px\" \/><figcaption>Dr. habil. Eva Strommenger-Nagel, Gr\u00fcndungsstudentin und Privatdozentin f\u00fcr Altertumskunde. 1956 in einer Ausgrabungsst\u00e4tte im Irak. Foto: privat.<\/figcaption><\/figure>\n\n\n\n<figure class=\"wp-block-image size-large\"><img loading=\"lazy\" decoding=\"async\" width=\"2104\" height=\"1548\" data-id=\"32458\" src=\"https:\/\/blogs.fu-berlin.de\/bibliotheken\/files\/2023\/11\/Strommenger_Kommilitonen_195152.jpg\" alt=\"\" class=\"wp-image-32458\" srcset=\"https:\/\/blogs.fu-berlin.de\/bibliotheken\/files\/2023\/11\/Strommenger_Kommilitonen_195152.jpg 2104w, https:\/\/blogs.fu-berlin.de\/bibliotheken\/files\/2023\/11\/Strommenger_Kommilitonen_195152-300x221.jpg 300w, https:\/\/blogs.fu-berlin.de\/bibliotheken\/files\/2023\/11\/Strommenger_Kommilitonen_195152-1536x1130.jpg 1536w, https:\/\/blogs.fu-berlin.de\/bibliotheken\/files\/2023\/11\/Strommenger_Kommilitonen_195152-2048x1507.jpg 2048w, https:\/\/blogs.fu-berlin.de\/bibliotheken\/files\/2023\/11\/Strommenger_Kommilitonen_195152-1200x883.jpg 1200w\" sizes=\"auto, (max-width: 709px) 85vw, (max-width: 909px) 67vw, (max-width: 1362px) 62vw, 840px\" \/><figcaption>Eva Strommenger-Nagel, 1951\/52 mit Kommilitonen. Foto: privat.<\/figcaption><\/figure>\n\n\n\n<figure class=\"wp-block-image size-large\"><img loading=\"lazy\" decoding=\"async\" width=\"2560\" height=\"1920\" data-id=\"32459\" src=\"https:\/\/blogs.fu-berlin.de\/bibliotheken\/files\/2023\/11\/Strommenger_Foto-Tausendfreund-scaled.jpg\" alt=\"\" class=\"wp-image-32459\" srcset=\"https:\/\/blogs.fu-berlin.de\/bibliotheken\/files\/2023\/11\/Strommenger_Foto-Tausendfreund-scaled.jpg 2560w, https:\/\/blogs.fu-berlin.de\/bibliotheken\/files\/2023\/11\/Strommenger_Foto-Tausendfreund-300x225.jpg 300w, https:\/\/blogs.fu-berlin.de\/bibliotheken\/files\/2023\/11\/Strommenger_Foto-Tausendfreund-1536x1152.jpg 1536w, https:\/\/blogs.fu-berlin.de\/bibliotheken\/files\/2023\/11\/Strommenger_Foto-Tausendfreund-2048x1536.jpg 2048w, https:\/\/blogs.fu-berlin.de\/bibliotheken\/files\/2023\/11\/Strommenger_Foto-Tausendfreund-1200x900.jpg 1200w\" sizes=\"auto, (max-width: 709px) 85vw, (max-width: 909px) 67vw, (max-width: 1362px) 62vw, 840px\" \/><figcaption>Eva Strommenger-Nagel, 2018 im Interview f\u00fcr \u201eErlebte Geschichte\u201c. Foto: Doris Tausendfreund.<\/figcaption><\/figure>\n<\/figure>\n<\/div><\/div>\n<\/div>\n<\/div>\n\n\n\n<hr class=\"wp-block-separator has-alpha-channel-opacity\" \/>\n\n\n\n<p><strong>Anl\u00e4sslich des 75-j\u00e4hrigen Gr\u00fcndungsjubil\u00e4ums der Freien Universit\u00e4t werden die Ergebnisse des Projekts am 30. November 2023 der \u00d6ffentlichkeit vorgestellt. <\/strong><\/p>\n\n\n\n<p>F\u00fcr Kurzentschlossene: Die <strong><a href=\"https:\/\/www.fu-berlin.de\/sites\/erlebte-geschichte\/Veranstaltung\/index.html\" data-type=\"URL\" data-id=\"https:\/\/www.fu-berlin.de\/sites\/erlebte-geschichte\/Veranstaltung\/index.html\">Er\u00f6ffnungsveranstaltung <\/a><\/strong>mit Pr\u00e4sentation und Podiumsdiskussion um 17:00 Uhr in der Rostlaube, Habelschwerdter Allee, H\u00f6rsaal 1b ist \u00f6ffentlich \u2013 alle Interessierten sind herzlich eingeladen. Die Veranstaltung kann auch per <strong><a href=\"https:\/\/www.fu-berlin.de\/sites\/erlebte-geschichte\/Veranstaltung\/live-stream\/index.html\" data-type=\"URL\" data-id=\"https:\/\/www.fu-berlin.de\/sites\/erlebte-geschichte\/Veranstaltung\/live-stream\/index.html\">Live-Stream<\/a><\/strong> verfolgt werden. <\/p>\n\n\n\n<hr class=\"wp-block-separator has-alpha-channel-opacity\" \/>\n\n\n\n<h4 class=\"wp-block-heading\"><strong>Zum Weiterlesen<\/strong><\/h4>\n\n\n\n<p>Bericht \u00fcber das Projekt im Online-Magazin der Freien Universit\u00e4t: <a href=\"https:\/\/www.fu-berlin.de\/campusleben\/vorgestellt\/2023\/230707-tsp-erlebte-geschichte-zeitzeugen-archiv\/index.html\" data-type=\"URL\" data-id=\"https:\/\/www.fu-berlin.de\/campusleben\/vorgestellt\/2023\/230707-tsp-erlebte-geschichte-zeitzeugen-archiv\/index.html\">\u201eErlebte Geschichte \u2013 erz\u00e4hlte Geschichte\u201c | campus.leben, 07.07.2023<\/a><\/p>\n\n\n\n<hr class=\"wp-block-separator has-alpha-channel-opacity\" \/>\n\n\n\n<p><em><strong>Autorin: Gesine Beutin<\/strong><\/em>, <strong><em>Eventmanagement Projekt \u201eErlebte Geschichte\u201c<\/em><\/strong><br><br><\/p>\n","protected":false},"excerpt":{"rendered":"<p>Online-Ausstellung \u201eErlebte Geschichte. Menschen erz\u00e4hlen \u2013 Leben mit der Freien Universit\u00e4t Berlin\u201c und digitale Interview-Sammlung am 30.11.23 ver\u00f6ffentlicht<\/p>\n","protected":false},"author":1427,"featured_media":32443,"comment_status":"open","ping_status":"open","sticky":false,"template":"","format":"standard","meta":{"footnotes":""},"categories":[9,457,601,70,584805],"tags":[1548,581,74,471,1960,2593,471612,233],"class_list":["post-32435","post","type-post","status-publish","format-standard","has-post-thumbnail","hentry","category-allgemein","category-digitale-bibliothek","category-universitatsbibliothek","category-veranstaltungen","category-was-ist-neu","tag-archiv","tag-ausstellung","tag-freie-universitat-berlin","tag-geschichte","tag-interview","tag-oral-history","tag-universitaetsgeschichte","tag-video"],"_links":{"self":[{"href":"https:\/\/blogs.fu-berlin.de\/bibliotheken\/wp-json\/wp\/v2\/posts\/32435","targetHints":{"allow":["GET"]}}],"collection":[{"href":"https:\/\/blogs.fu-berlin.de\/bibliotheken\/wp-json\/wp\/v2\/posts"}],"about":[{"href":"https:\/\/blogs.fu-berlin.de\/bibliotheken\/wp-json\/wp\/v2\/types\/post"}],"author":[{"embeddable":true,"href":"https:\/\/blogs.fu-berlin.de\/bibliotheken\/wp-json\/wp\/v2\/users\/1427"}],"replies":[{"embeddable":true,"href":"https:\/\/blogs.fu-berlin.de\/bibliotheken\/wp-json\/wp\/v2\/comments?post=32435"}],"version-history":[{"count":31,"href":"https:\/\/blogs.fu-berlin.de\/bibliotheken\/wp-json\/wp\/v2\/posts\/32435\/revisions"}],"predecessor-version":[{"id":32472,"href":"https:\/\/blogs.fu-berlin.de\/bibliotheken\/wp-json\/wp\/v2\/posts\/32435\/revisions\/32472"}],"wp:featuredmedia":[{"embeddable":true,"href":"https:\/\/blogs.fu-berlin.de\/bibliotheken\/wp-json\/wp\/v2\/media\/32443"}],"wp:attachment":[{"href":"https:\/\/blogs.fu-berlin.de\/bibliotheken\/wp-json\/wp\/v2\/media?parent=32435"}],"wp:term":[{"taxonomy":"category","embeddable":true,"href":"https:\/\/blogs.fu-berlin.de\/bibliotheken\/wp-json\/wp\/v2\/categories?post=32435"},{"taxonomy":"post_tag","embeddable":true,"href":"https:\/\/blogs.fu-berlin.de\/bibliotheken\/wp-json\/wp\/v2\/tags?post=32435"}],"curies":[{"name":"wp","href":"https:\/\/api.w.org\/{rel}","templated":true}]}}