{"id":32473,"date":"2023-12-01T09:48:53","date_gmt":"2023-12-01T08:48:53","guid":{"rendered":"https:\/\/blogs.fu-berlin.de\/bibliotheken\/?p=32473"},"modified":"2023-12-01T10:48:55","modified_gmt":"2023-12-01T09:48:55","slug":"digitaler-adventskalender-der-universitaetsbibliothek","status":"publish","type":"post","link":"https:\/\/blogs.fu-berlin.de\/bibliotheken\/2023\/12\/01\/digitaler-adventskalender-der-universitaetsbibliothek\/","title":{"rendered":"Digitaler Adventskalender der Universit\u00e4tsbibliothek"},"content":{"rendered":"\n<hr class=\"wp-block-separator has-alpha-channel-opacity\" \/>\n\n\n\n<p>Lasst uns froh und nachhaltig sein: Wir f\u00fchren unsere kleine, liebgewonnene Tradition des digitalen Adventskalenders fort. <\/p>\n\n\n\n<p><a rel=\"noreferrer noopener\" href=\"https:\/\/www.fu-berlin.de\/sites\/ub\/service\/adventskalender\" target=\"_blank\"><strong>zum UB-Adventskalender 2023<\/strong><\/a><\/p>\n\n\n\n<p>Zum sechsten Mal wartet ab dem 1. Dezember auf der Website der Universit\u00e4tsbibliothek t\u00e4glich ein virtuelles T\u00fcrchen darauf, ge\u00f6ffnet zu werden. Dahinter verbirgt sich in diesem Jahr ein digitales Medium, das zum nachhaltigen Konsum anregt. Was k\u00f6nnen Bibliotheken f\u00fcr Umwelt- und Klimaschutz tun? Wie kann man selbst Achtsamkeit \u00fcben? Welche nachhaltigen Alternativen gibt es zur weihnachtlichen G\u00e4nsekeule? Dies und noch vieles mehr erfahren Sie bis zum Heiligen Abend in unserem virtuellen Adventskalender.<\/p>\n\n\n\n<p>Wir w\u00fcnschen Ihnen viel Spa\u00df beim St\u00f6bern und eine geruhsame Weihnachtszeit! Lasst uns froh und nachhaltig sein \u2013 oder es wenigstens versuchen!<\/p>\n\n\n\n<p>Weitere virtuelle, bibliothekarisch Adventskalender finden Sie \u00fcbrigens hier: <a rel=\"noreferrer noopener\" href=\"https:\/\/weihnachtsleben.de\/2023\/11\/28\/mehr-oder-minder-bibliothekarische-adventskalender-2023\/20\" target=\"_blank\">https:\/\/weihnachtsleben.de\/2023\/11\/28\/mehr-oder-minder-bibliothekarische-adventskalender-2023\/20<\/a> <\/p>\n","protected":false},"excerpt":{"rendered":"<p>Lasst uns froh und nachhaltig sein: Wir f\u00fchren unsere kleine, liebgewonnene Tradition des digitalen Adventskalenders auch im Jahr 2023 fort. <\/p>\n","protected":false},"author":1427,"featured_media":31231,"comment_status":"open","ping_status":"open","sticky":false,"template":"","format":"standard","meta":{"footnotes":""},"categories":[9,599,604,601,603],"tags":[1339,1433],"class_list":["post-32473","post","type-post","status-publish","format-standard","has-post-thumbnail","hentry","category-allgemein","category-bibliothekswesen","category-ins-netz-geschaut","category-universitatsbibliothek","category-vorgestellt","tag-digitaler-adventskalender","tag-weihnachten"],"_links":{"self":[{"href":"https:\/\/blogs.fu-berlin.de\/bibliotheken\/wp-json\/wp\/v2\/posts\/32473","targetHints":{"allow":["GET"]}}],"collection":[{"href":"https:\/\/blogs.fu-berlin.de\/bibliotheken\/wp-json\/wp\/v2\/posts"}],"about":[{"href":"https:\/\/blogs.fu-berlin.de\/bibliotheken\/wp-json\/wp\/v2\/types\/post"}],"author":[{"embeddable":true,"href":"https:\/\/blogs.fu-berlin.de\/bibliotheken\/wp-json\/wp\/v2\/users\/1427"}],"replies":[{"embeddable":true,"href":"https:\/\/blogs.fu-berlin.de\/bibliotheken\/wp-json\/wp\/v2\/comments?post=32473"}],"version-history":[{"count":8,"href":"https:\/\/blogs.fu-berlin.de\/bibliotheken\/wp-json\/wp\/v2\/posts\/32473\/revisions"}],"predecessor-version":[{"id":32483,"href":"https:\/\/blogs.fu-berlin.de\/bibliotheken\/wp-json\/wp\/v2\/posts\/32473\/revisions\/32483"}],"wp:featuredmedia":[{"embeddable":true,"href":"https:\/\/blogs.fu-berlin.de\/bibliotheken\/wp-json\/wp\/v2\/media\/31231"}],"wp:attachment":[{"href":"https:\/\/blogs.fu-berlin.de\/bibliotheken\/wp-json\/wp\/v2\/media?parent=32473"}],"wp:term":[{"taxonomy":"category","embeddable":true,"href":"https:\/\/blogs.fu-berlin.de\/bibliotheken\/wp-json\/wp\/v2\/categories?post=32473"},{"taxonomy":"post_tag","embeddable":true,"href":"https:\/\/blogs.fu-berlin.de\/bibliotheken\/wp-json\/wp\/v2\/tags?post=32473"}],"curies":[{"name":"wp","href":"https:\/\/api.w.org\/{rel}","templated":true}]}}