{"id":32490,"date":"2023-12-07T15:10:05","date_gmt":"2023-12-07T14:10:05","guid":{"rendered":"https:\/\/blogs.fu-berlin.de\/bibliotheken\/?p=32490"},"modified":"2023-12-08T07:26:09","modified_gmt":"2023-12-08T06:26:09","slug":"leuphana-universitaet-in-lueneburg-vorreiterin-auf-dem-weg-der-transformation","status":"publish","type":"post","link":"https:\/\/blogs.fu-berlin.de\/bibliotheken\/2023\/12\/07\/leuphana-universitaet-in-lueneburg-vorreiterin-auf-dem-weg-der-transformation\/","title":{"rendered":"Leuphana Universit\u00e4t in L\u00fcneburg: Vorreiterin auf dem Weg der Transformation!"},"content":{"rendered":"\n<p>Es war spannend im Herbst: Viele Hochschulen und Universit\u00e4ten waren im Rennen zur Auslosung des <a href=\"https:\/\/www.leuphana.de\/universitaet\/pressemitteilungen\/pressemitteilungen-ansicht\/2023\/11\/03\/leuphana-gewinnt-den-deutschen-nachhaltigkeitspreis-2023.html\" data-type=\"URL\" data-id=\"https:\/\/www.leuphana.de\/universitaet\/pressemitteilungen\/pressemitteilungen-ansicht\/2023\/11\/03\/leuphana-gewinnt-den-deutschen-nachhaltigkeitspreis-2023.html\">Deutschen Nachhaltigkeitspreises 2023<\/a>. Gewonnen hat nun die Leuphana Universit\u00e4t in L\u00fcneburg. Passender h\u00e4tte es nicht sein k\u00f6nnen, dass durch Vernetzung und Austausch ein Besuch an der Universit\u00e4tsbibliothek im Herbst m\u00f6glich wurde, um der Frage nachzugehen: \u201eWas tut die Bibliothek zusammen mit der Universit\u00e4t, um die sozial-\u00f6kologische Transformation voranzutreiben?\u201c <\/p>\n\n\n\n<p>Die Fragen umtreiben alle Akteure an einer Universit\u00e4t: Ob klimafreundlicher Campus, Abfall- und Beschaffungsmanagement, nachhaltige Mobilit\u00e4t oder der Einsatz von regenerativen Energien \u2013 nachhaltiges Handeln ist komplex und das Agieren auf den verschiedenen Handlungsfeldern gelingt nur zusammen.<\/p>\n\n\n\n<figure class=\"wp-block-image size-full is-resized\"><img loading=\"lazy\" decoding=\"async\" src=\"https:\/\/blogs.fu-berlin.de\/bibliotheken\/files\/2023\/12\/IMG_20231017_105623-scaled.jpg\" alt=\"\" class=\"wp-image-32492\" width=\"470\" height=\"627\" srcset=\"https:\/\/blogs.fu-berlin.de\/bibliotheken\/files\/2023\/12\/IMG_20231017_105623-scaled.jpg 1920w, https:\/\/blogs.fu-berlin.de\/bibliotheken\/files\/2023\/12\/IMG_20231017_105623-225x300.jpg 225w, https:\/\/blogs.fu-berlin.de\/bibliotheken\/files\/2023\/12\/IMG_20231017_105623-1152x1536.jpg 1152w, https:\/\/blogs.fu-berlin.de\/bibliotheken\/files\/2023\/12\/IMG_20231017_105623-1536x2048.jpg 1536w, https:\/\/blogs.fu-berlin.de\/bibliotheken\/files\/2023\/12\/IMG_20231017_105623-1200x1600.jpg 1200w\" sizes=\"auto, (max-width: 470px) 85vw, 470px\" \/><figcaption>Lastenr\u00e4der &#8222;Radschnucke&#8220; findet man \u00fcberall auf dem Campus<\/figcaption><\/figure>\n\n\n\n<p><a href=\"https:\/\/www.leuphana.de\/universitaet\/nachhaltig.html\" data-type=\"URL\" data-id=\"https:\/\/www.leuphana.de\/universitaet\/nachhaltig.html\">Forschung und Lehre an der Leuphana<\/a> sind seit vielen Jahren durch Lehrveranstaltungen, Veranstaltungen und Forschungsprojekte nachhaltig ausgerichtet. Die j\u00e4hrlichen und bekannten \u201e<a href=\"https:\/\/www.leuphana.de\/\/portale\/utopie-konferenz.html\" data-type=\"URL\" data-id=\"https:\/\/www.leuphana.de\/\/portale\/utopie-konferenz.html\">Utopie-Konferenzen<\/a>\u201c von und mit Maja G\u00f6pel \u00f6ffnen den Nachhaltigkeitsdiskurs f\u00fcr alle, auch \u00fcber die Universit\u00e4t hinaus. <\/p>\n\n\n\n<p>Das \u201e<a href=\"https:\/\/www.leuphana.de\/services\/miz.html#back-Zur%C3%BCck-zur-Seite-Einrichtungen\" data-type=\"URL\" data-id=\"https:\/\/www.leuphana.de\/services\/miz.html#back-Zur%C3%BCck-zur-Seite-Einrichtungen\">Medien- und Informationszentrum (MIZ)<\/a>\u201c vereint die Bibliothek und das Rechenzentrum der Leuphana Universit\u00e4t. Eine im Sommer 2022 gegr\u00fcndete Steuerungsgruppe aus Bibliotheksbesch\u00e4ftigten arbeitet eng mit der Nachhaltigkeitsbeauftragen der Universit\u00e4t zusammen. Im Rahmen eines Nachhaltigkeitskonzeptes der Bibliothek wurde ein Ma\u00dfnahmenkatalog entwickelt. In der ersten Jahresh\u00e4lfte 2023 fanden drei Workshops statt, unterteilt in die Themenfelder Medienmanagement &amp; E-Science \/ Informationsdienste \/ IT. Dabei wurde aufgezeigt, dass Nachhaltigkeit am besten in der Gemeinschaft funktioniert und alle im Team mitgestalten d\u00fcrfen und sollen. \u00dcbergreifendes Ziel der Workshops die Sichtbarmachung der Zusammenh\u00e4nge zwischen Nachhaltigkeit und Bibliotheken, der Vielfalt des Themas und der gro\u00dfen Anzahl bereits vorhandener, z.T. unbewusster Aktivit\u00e4ten.\u00a0Es wurden ein Leitbild und Aktionsfelder erarbeitet. <\/p>\n\n\n\n<p>Motivierend ist bei solchen Prozessen, Zusammenh\u00e4nge zwischen nachhaltigem Handeln und Arbeitsalltag zu erkennen. \u201eDas machen wir doch schon!\u201c ist stets ein guter Beginn. Interessant war zu erfahren, dass die \u201eABC-Methode\u201c niederschwellig ist aber zugleich ganzheitliches Denken erfordert. <\/p>\n\n\n\n<p>Tolle Heransgehensweise, wenn es um Brainstorming und Themensammlung geht:<\/p>\n\n\n\n<pre class=\"wp-block-preformatted\"><strong>A<\/strong> wie <strong>A<\/strong>bfall vermeiden, \n<strong>J<\/strong> wie <strong>j<\/strong>ede\/r spart Energie bis hin zu \n<strong>M<\/strong> wie <strong>m<\/strong>ehr Miteinander reden\n<strong>T<\/strong> wie <strong>T<\/strong>auschregal oder \n<strong>Z<\/strong> wie <strong>Z<\/strong>eitungsweiternutzung<\/pre>\n\n\n\n<p>Es gibt viel zu tun! In den Workshop-Dokumentationen zeigt sich jedoch, wer welche Zust\u00e4ndigkeiten hat, wo die Handlungsverantwortung legt. Das hilft enorm, wie wir als <a href=\"https:\/\/www.fu-berlin.de\/sites\/ub\/ueber-uns\/nachhaltigkeit\/index.html\" data-type=\"URL\" data-id=\"https:\/\/www.fu-berlin.de\/sites\/ub\/ueber-uns\/nachhaltigkeit\/index.html\">GreenFUBib-AG<\/a> im Austausch und aus Erfahrung sagen k\u00f6nnen.<\/p>\n\n\n\n<hr class=\"wp-block-separator has-alpha-channel-opacity\" \/>\n\n\n\n<p>Ein Rundgang von der Universit\u00e4tsbibliothek auf den Campus zeigt an unterschiedlichen Stellen, wie lebendig nachhaltiges Handeln sein kann. Der Waldgarten hinter der Bibliothek, die Nistk\u00e4sten-Wand an einem Seminargeb\u00e4ude, die D\u00e4cher mit vielen Photovoltaik-Anlagen. Viele Gr\u00fcnfl\u00e4chen werden von Seminargruppen als Forschungsfl\u00e4chen genutzt, eine Streuobstwiese zeigt alte, lokale Apfelsorten. Im <a href=\"https:\/\/www.leuphana.de\/universitaet\/nachhaltig\/nachhaltigkeitsbericht.html\" data-type=\"URL\" data-id=\"https:\/\/www.leuphana.de\/universitaet\/nachhaltig\/nachhaltigkeitsbericht.html\">Nachhaltigkeitsbericht 2022 <\/a>sieht man die gesamte Pflanzplanung vom Waldgarten. Schon allein die Auflistung nach Bodenschichten zeigt: Die Leuphana Universit\u00e4t ist Vorreiterin in Sachen Nachhaltigkeit. Gratulation! Wir bleiben dran, um weitere gr\u00fcne Taten auch von der Leuphana-Bibliothek zu erfahren. <\/p>\n\n\n\n<figure class=\"wp-block-gallery has-nested-images columns-default is-cropped wp-block-gallery-1 is-layout-flex wp-block-gallery-is-layout-flex\">\n<figure class=\"wp-block-image size-large\"><img loading=\"lazy\" decoding=\"async\" width=\"1920\" height=\"2560\" data-id=\"32501\" src=\"https:\/\/blogs.fu-berlin.de\/bibliotheken\/files\/2023\/12\/IMG_20231017_134634-scaled.jpg\" alt=\"\" class=\"wp-image-32501\" srcset=\"https:\/\/blogs.fu-berlin.de\/bibliotheken\/files\/2023\/12\/IMG_20231017_134634-scaled.jpg 1920w, https:\/\/blogs.fu-berlin.de\/bibliotheken\/files\/2023\/12\/IMG_20231017_134634-225x300.jpg 225w, https:\/\/blogs.fu-berlin.de\/bibliotheken\/files\/2023\/12\/IMG_20231017_134634-1152x1536.jpg 1152w, https:\/\/blogs.fu-berlin.de\/bibliotheken\/files\/2023\/12\/IMG_20231017_134634-1536x2048.jpg 1536w, https:\/\/blogs.fu-berlin.de\/bibliotheken\/files\/2023\/12\/IMG_20231017_134634-1200x1600.jpg 1200w\" sizes=\"auto, (max-width: 709px) 85vw, (max-width: 909px) 67vw, (max-width: 1362px) 62vw, 840px\" \/><figcaption>Nistk\u00e4sten-Schau <\/figcaption><\/figure>\n\n\n\n<figure class=\"wp-block-image size-large\"><img loading=\"lazy\" decoding=\"async\" width=\"1920\" height=\"2560\" data-id=\"32500\" src=\"https:\/\/blogs.fu-berlin.de\/bibliotheken\/files\/2023\/12\/IMG_20231017_135710-scaled.jpg\" alt=\"\" class=\"wp-image-32500\" srcset=\"https:\/\/blogs.fu-berlin.de\/bibliotheken\/files\/2023\/12\/IMG_20231017_135710-scaled.jpg 1920w, https:\/\/blogs.fu-berlin.de\/bibliotheken\/files\/2023\/12\/IMG_20231017_135710-225x300.jpg 225w, https:\/\/blogs.fu-berlin.de\/bibliotheken\/files\/2023\/12\/IMG_20231017_135710-1152x1536.jpg 1152w, https:\/\/blogs.fu-berlin.de\/bibliotheken\/files\/2023\/12\/IMG_20231017_135710-1536x2048.jpg 1536w, https:\/\/blogs.fu-berlin.de\/bibliotheken\/files\/2023\/12\/IMG_20231017_135710-1200x1600.jpg 1200w\" sizes=\"auto, (max-width: 709px) 85vw, (max-width: 909px) 67vw, (max-width: 1362px) 62vw, 840px\" \/><figcaption>Photovolaik-Anlagen<\/figcaption><\/figure>\n<\/figure>\n\n\n\n<p><\/p>\n\n\n\n<p><em>\u00a9Bildquellen: Janet Wagner<\/em><\/p>\n","protected":false},"excerpt":{"rendered":"<p>Es war spannend im Herbst: Viele Hochschulen und Universit\u00e4ten waren im Rennen zur Auslosung des Deutschen Nachhaltigkeitspreises 2023. Gewonnen hat nun die Leuphana Universit\u00e4t in L\u00fcneburg. Passender h\u00e4tte es nicht sein k\u00f6nnen, dass durch Vernetzung und Austausch ein Besuch an der Universit\u00e4tsbibliothek im Herbst m\u00f6glich wurde, um der Frage nachzugehen: \u201eWas tut die Bibliothek zusammen &hellip; <a href=\"https:\/\/blogs.fu-berlin.de\/bibliotheken\/2023\/12\/07\/leuphana-universitaet-in-lueneburg-vorreiterin-auf-dem-weg-der-transformation\/\" class=\"more-link\"><span class=\"screen-reader-text\">\u201eLeuphana Universit\u00e4t in L\u00fcneburg: Vorreiterin auf dem Weg der Transformation!\u201c<\/span> weiterlesen<\/a><\/p>\n","protected":false},"author":5902,"featured_media":0,"comment_status":"open","ping_status":"open","sticky":false,"template":"","format":"standard","meta":{"footnotes":""},"categories":[9,599,603],"tags":[196703,57496,10117,368602,368750,368753,2678,471615,368773,57495,46853,471614],"class_list":["post-32490","post","type-post","status-publish","format-standard","hentry","category-allgemein","category-bibliothekswesen","category-vorgestellt","tag-17-ziele-fuer-nachhaltige-entwicklung","tag-agenda-2030","tag-austausch","tag-green-library","tag-greenfubib","tag-gruene-bibliothek","tag-nachhaltigkeit","tag-nachhaltigkeitspreis","tag-sustainability","tag-sustainable-development-goals","tag-transformation","tag-universitaet-leuphana"],"_links":{"self":[{"href":"https:\/\/blogs.fu-berlin.de\/bibliotheken\/wp-json\/wp\/v2\/posts\/32490","targetHints":{"allow":["GET"]}}],"collection":[{"href":"https:\/\/blogs.fu-berlin.de\/bibliotheken\/wp-json\/wp\/v2\/posts"}],"about":[{"href":"https:\/\/blogs.fu-berlin.de\/bibliotheken\/wp-json\/wp\/v2\/types\/post"}],"author":[{"embeddable":true,"href":"https:\/\/blogs.fu-berlin.de\/bibliotheken\/wp-json\/wp\/v2\/users\/5902"}],"replies":[{"embeddable":true,"href":"https:\/\/blogs.fu-berlin.de\/bibliotheken\/wp-json\/wp\/v2\/comments?post=32490"}],"version-history":[{"count":12,"href":"https:\/\/blogs.fu-berlin.de\/bibliotheken\/wp-json\/wp\/v2\/posts\/32490\/revisions"}],"predecessor-version":[{"id":32505,"href":"https:\/\/blogs.fu-berlin.de\/bibliotheken\/wp-json\/wp\/v2\/posts\/32490\/revisions\/32505"}],"wp:attachment":[{"href":"https:\/\/blogs.fu-berlin.de\/bibliotheken\/wp-json\/wp\/v2\/media?parent=32490"}],"wp:term":[{"taxonomy":"category","embeddable":true,"href":"https:\/\/blogs.fu-berlin.de\/bibliotheken\/wp-json\/wp\/v2\/categories?post=32490"},{"taxonomy":"post_tag","embeddable":true,"href":"https:\/\/blogs.fu-berlin.de\/bibliotheken\/wp-json\/wp\/v2\/tags?post=32490"}],"curies":[{"name":"wp","href":"https:\/\/api.w.org\/{rel}","templated":true}]}}