{"id":32506,"date":"2023-12-12T10:50:38","date_gmt":"2023-12-12T09:50:38","guid":{"rendered":"https:\/\/blogs.fu-berlin.de\/bibliotheken\/?p=32506"},"modified":"2023-12-12T13:29:00","modified_gmt":"2023-12-12T12:29:00","slug":"werde-fami-duale-ausbildung-an-der-universitaetsbibliothek","status":"publish","type":"post","link":"https:\/\/blogs.fu-berlin.de\/bibliotheken\/2023\/12\/12\/werde-fami-duale-ausbildung-an-der-universitaetsbibliothek\/","title":{"rendered":"Werde FaMI &#8211; duale Ausbildung an der Universit\u00e4tsbibliothek"},"content":{"rendered":"\n<p>Neben der bibliothekarischen Laufbahn und einem Studium werden in Bibliotheken &#8222;<a href=\"https:\/\/www.fu-berlin.de\/sites\/ausbildung\/ausbildungsberufe\/fachangestellte-r-medien-informationsdienste\/index.html\" data-type=\"URL\" data-id=\"https:\/\/www.fu-berlin.de\/sites\/ausbildung\/ausbildungsberufe\/fachangestellte-r-medien-informationsdienste\/index.html\" target=\"_blank\" rel=\"noreferrer noopener\">Fachangestellte f\u00fcr Medien- und Informationsdienste<\/a>&#8220; (kurz &#8222;FaMI&#8220;) ausgebildet. Die dreij\u00e4hrige, duale Ausbildung ist seit Jahren im Wandel. Bis zum Jahresende suchen viele \u00f6ffentliche und wissenschaftliche Bibliotheken wieder neue Auszubildende &#8211; \u00fcbrigens <a href=\"https:\/\/www.fu-berlin.de\/sites\/ub\/ueber-uns\/ausbildung\/fami\/index.html\" data-type=\"URL\" data-id=\"https:\/\/www.fu-berlin.de\/sites\/ub\/ueber-uns\/ausbildung\/fami\/index.html\" target=\"_blank\" rel=\"noreferrer noopener\">auch wir<\/a>. Die jungen Menschen sind begehrt, der Ausbildungsmarkt ist stark umk\u00e4mpft.<\/p>\n\n\n\n<p>In viele Ausbildungsberufen ber\u00fchrt man unmittelbar die gro\u00dfen Herausforderungen unserer Zeit. <a href=\"https:\/\/www.nachhaltigkeitsrat.de\/aktuelles\/nachhaltigkeit-als-standard-in-der-ausbildung\/\" data-type=\"URL\" data-id=\"https:\/\/www.nachhaltigkeitsrat.de\/aktuelles\/nachhaltigkeit-als-standard-in-der-ausbildung\/\" target=\"_blank\" rel=\"noreferrer noopener\">Digitalisierung, Nachhaltigkeit<\/a>, technologischer Fortschritt: Junge Leute erwarten in der beruflichen Ausbildung l\u00f6sungsorientiertes und gleicherma\u00dfen selbstwirksames Handeln. Seit 2020 ist seitens des Bundesministeriums f\u00fcr Bildung und Forschung klar formuliert: <a href=\"https:\/\/www.bmbf.de\/bmbf\/shareddocs\/pressemitteilungen\/de\/karliczek-digitalisierung-und--chtprogramm-fuer-auszubildende.html\" data-type=\"URL\" data-id=\"https:\/\/www.bmbf.de\/bmbf\/shareddocs\/pressemitteilungen\/de\/karliczek-digitalisierung-und--chtprogramm-fuer-auszubildende.html\" target=\"_blank\" rel=\"noreferrer noopener\">Nachhaltigkeit und Digitalisierung sollen Standard<\/a> in der Ausbildung sein. <\/p>\n\n\n\n<figure class=\"wp-block-image size-full\"><img loading=\"lazy\" decoding=\"async\" width=\"1080\" height=\"1080\" src=\"https:\/\/blogs.fu-berlin.de\/bibliotheken\/files\/2023\/12\/Good-News.png\" alt=\"\" class=\"wp-image-32508\" srcset=\"https:\/\/blogs.fu-berlin.de\/bibliotheken\/files\/2023\/12\/Good-News.png 1080w, https:\/\/blogs.fu-berlin.de\/bibliotheken\/files\/2023\/12\/Good-News-300x300.png 300w, https:\/\/blogs.fu-berlin.de\/bibliotheken\/files\/2023\/12\/Good-News-150x150.png 150w\" sizes=\"auto, (max-width: 709px) 85vw, (max-width: 909px) 67vw, (max-width: 1362px) 62vw, 840px\" \/><figcaption>Instagram-Post f\u00fcr die FaMI-Ausbildung <\/figcaption><\/figure>\n\n\n\n<p><\/p>\n\n\n\n<p>Die Universit\u00e4tsbibliothek wirbt u.a. mit einer Fotostrecke, die die aktuellen FaMI-Auszubildenden selbst erstellt haben. Neben dem Klassiker, sich zwischen Buchregalen zu pr\u00e4sentieren, zeigen sie vielf\u00e4ltige Arbeitsbereiche wie die digitalen Medienangebote, den Bibliotheksgarten oder eine Saatgut-Bibliothek. <\/p>\n\n\n\n<p>Vielfach werden junge Menschen als &#8222;<a href=\"https:\/\/www.ewi-psy.fu-berlin.de\/erziehungswissenschaft\/arbeitsbereiche\/institut-futur\/Projekte\/Dateien\/Holst_2022_Berufliche_Bildung_Dokumentenanalyse_BNE_Monitoring.pdf\" data-type=\"URL\" data-id=\"https:\/\/www.ewi-psy.fu-berlin.de\/erziehungswissenschaft\/arbeitsbereiche\/institut-futur\/Projekte\/Dateien\/Holst_2022_Berufliche_Bildung_Dokumentenanalyse_BNE_Monitoring.pdf\" target=\"_blank\" rel=\"noreferrer noopener\">Pioniere des Wandels<\/a>&#8220; bezeichnet. <a href=\"https:\/\/www.ewi-psy.fu-berlin.de\/erziehungswissenschaft\/arbeitsbereiche\/institut-futur\/Projekte\/Dateien\/Formale-Bildung-in-Zeiten-von-Krisen_Grund-_-Brock_-2022.pdf\" data-type=\"URL\" data-id=\"https:\/\/www.ewi-psy.fu-berlin.de\/erziehungswissenschaft\/arbeitsbereiche\/institut-futur\/Projekte\/Dateien\/Formale-Bildung-in-Zeiten-von-Krisen_Grund-_-Brock_-2022.pdf\" target=\"_blank\" rel=\"noreferrer noopener\">Monitoring-Berichte des Institut-Futur der Freien Universit\u00e4t Berlin <\/a>zeigen deutlich, dass sich junge Menschen in Ausbildung und Studium wirkungsvolles Mitgestalten f\u00fcr eine gute Zukunft w\u00fcnschen &#8211; das Interesse am nachhaltigen Handeln ist gro\u00df. Mehr denn je sollten Ausbildungsbetriebe von Anfang an die Potenziale der Auszubildenden erkennen und nutzen. Vermehrt zeigen sich Ausschreibungstexte f\u00fcr die FaMI-Ausbildung auch mit der Angabe dar\u00fcber, das Klima- und Umweltschutz Ausbildungsinhalte sind. <\/p>\n\n\n\n<p>In der dualen Ausbildung in Bibliotheken gilt es zu vermitteln, was eigentlich hinter dem Begriff einer &#8222;<a href=\"https:\/\/cdn.ifla.org\/wp-content\/uploads\/IFLA-GreenLibraryDefinition_German_2022Jan.pdf\" data-type=\"URL\" data-id=\"https:\/\/cdn.ifla.org\/wp-content\/uploads\/IFLA-GreenLibraryDefinition_German_2022Jan.pdf\" target=\"_blank\" rel=\"noreferrer noopener\">Gr\u00fcnen Bibliothek<\/a>&#8220; steckt, das Leihen &amp; Tauschen schon nachhaltig ist, aber sich noch viel mehr mit dem komplexen Begriff von Nachhaltigkeit verbinden l\u00e4sst. Wissenstransfer allein gen\u00fcgt nicht, es muss die eigene Handlungsf\u00e4higkeit entwickelt, erkannt und bef\u00f6rdert werden. Das wird mit dem p\u00e4dagogischen Konzept der Bildung f\u00fcr nachhaltige Entwicklung umgesetzt. \u201eGlobal denken, lokal handeln\u201c soll in der beruflichen Ausbildung mit Kenntnis der Potenziale von Gestaltungskompetenz verstanden und angewandt werden.<\/p>\n\n\n\n<hr class=\"wp-block-separator has-alpha-channel-opacity\" \/>\n\n\n\n<p>Aktuell sucht die <a href=\"https:\/\/www.fu-berlin.de\/sites\/ub\/ueber-uns\/ausbildung\/fami\/index.html\" data-type=\"URL\" data-id=\"https:\/\/www.fu-berlin.de\/sites\/ub\/ueber-uns\/ausbildung\/fami\/index.html\" target=\"_blank\" rel=\"noreferrer noopener\">Universit\u00e4tsbibliothek wieder neue FaMI-Auszubildende<\/a>. Bis zum 31.12.2023 k\u00f6nnen Bewerbungen eingereicht werden. Der Wandel im Ausbildungsberuf des FaMI ist zumindest in der praktischen Ausbildung angekommen, das k\u00f6nnen Sie gerne weitersagen. <\/p>\n\n\n\n<p>Bildquelle: \u00a9Janet Wagner<\/p>\n","protected":false},"excerpt":{"rendered":"<p>Neben der bibliothekarischen Laufbahn und einem Studium werden in Bibliotheken &#8222;Fachangestellte f\u00fcr Medien- und Informationsdienste&#8220; (kurz &#8222;FaMI&#8220;) ausgebildet. Die dreij\u00e4hrige, duale Ausbildung ist seit Jahren im Wandel. Bis zum Jahresende suchen viele \u00f6ffentliche und wissenschaftliche Bibliotheken wieder neue Auszubildende &#8211; \u00fcbrigens auch wir. Die jungen Menschen sind begehrt, der Ausbildungsmarkt ist stark umk\u00e4mpft. In viele &hellip; <a href=\"https:\/\/blogs.fu-berlin.de\/bibliotheken\/2023\/12\/12\/werde-fami-duale-ausbildung-an-der-universitaetsbibliothek\/\" class=\"more-link\"><span class=\"screen-reader-text\">\u201eWerde FaMI &#8211; duale Ausbildung an der Universit\u00e4tsbibliothek\u201c<\/span> weiterlesen<\/a><\/p>\n","protected":false},"author":5902,"featured_media":0,"comment_status":"closed","ping_status":"open","sticky":false,"template":"","format":"standard","meta":{"footnotes":""},"categories":[9,599,603],"tags":[196703,431,187997,471602,471599,471616,736,989,368753,2678,57467],"class_list":["post-32506","post","type-post","status-publish","format-standard","hentry","category-allgemein","category-bibliothekswesen","category-vorgestellt","tag-17-ziele-fuer-nachhaltige-entwicklung","tag-ausschreibung","tag-berufsausbildung","tag-berufsnachwuchs","tag-bne","tag-duale-ausbildung","tag-fachangestellte-fur-medien-und-informationsdienste","tag-fami-ausbildung","tag-gruene-bibliothek","tag-nachhaltigkeit","tag-universitatsbibliothek"],"_links":{"self":[{"href":"https:\/\/blogs.fu-berlin.de\/bibliotheken\/wp-json\/wp\/v2\/posts\/32506","targetHints":{"allow":["GET"]}}],"collection":[{"href":"https:\/\/blogs.fu-berlin.de\/bibliotheken\/wp-json\/wp\/v2\/posts"}],"about":[{"href":"https:\/\/blogs.fu-berlin.de\/bibliotheken\/wp-json\/wp\/v2\/types\/post"}],"author":[{"embeddable":true,"href":"https:\/\/blogs.fu-berlin.de\/bibliotheken\/wp-json\/wp\/v2\/users\/5902"}],"replies":[{"embeddable":true,"href":"https:\/\/blogs.fu-berlin.de\/bibliotheken\/wp-json\/wp\/v2\/comments?post=32506"}],"version-history":[{"count":9,"href":"https:\/\/blogs.fu-berlin.de\/bibliotheken\/wp-json\/wp\/v2\/posts\/32506\/revisions"}],"predecessor-version":[{"id":32535,"href":"https:\/\/blogs.fu-berlin.de\/bibliotheken\/wp-json\/wp\/v2\/posts\/32506\/revisions\/32535"}],"wp:attachment":[{"href":"https:\/\/blogs.fu-berlin.de\/bibliotheken\/wp-json\/wp\/v2\/media?parent=32506"}],"wp:term":[{"taxonomy":"category","embeddable":true,"href":"https:\/\/blogs.fu-berlin.de\/bibliotheken\/wp-json\/wp\/v2\/categories?post=32506"},{"taxonomy":"post_tag","embeddable":true,"href":"https:\/\/blogs.fu-berlin.de\/bibliotheken\/wp-json\/wp\/v2\/tags?post=32506"}],"curies":[{"name":"wp","href":"https:\/\/api.w.org\/{rel}","templated":true}]}}