{"id":32571,"date":"2023-12-20T14:42:24","date_gmt":"2023-12-20T13:42:24","guid":{"rendered":"https:\/\/blogs.fu-berlin.de\/bibliotheken\/?p=32571"},"modified":"2023-12-20T14:42:24","modified_gmt":"2023-12-20T13:42:24","slug":"neu-eroeffnet-erlebte-geschichte-freie-universitaet-berlin","status":"publish","type":"post","link":"https:\/\/blogs.fu-berlin.de\/bibliotheken\/2023\/12\/20\/neu-eroeffnet-erlebte-geschichte-freie-universitaet-berlin\/","title":{"rendered":"Neu er\u00f6ffnet: \u201eErlebte Geschichte. Freie Universit\u00e4t Berlin\u201c"},"content":{"rendered":"\n<p><strong>Online-Ausstellung und Interview-Archiv jederzeit zug\u00e4nglich<\/strong><\/p>\n\n\n\n<p>Die Online-Ausstellung \u201e<a href=\"https:\/\/erlebte-geschichte.fu-berlin.de\/\" target=\"_blank\" rel=\"noreferrer noopener\">Erlebte Geschichte. Menschen erz\u00e4hlen \u2013 Leben mit der Freien Universit\u00e4t Berlin<\/a>\u201c&nbsp;l\u00e4dt alle Interessierten dazu ein, die Entwicklung der Freien Universit\u00e4t anhand individueller Erz\u00e4hlungen nachzuerleben: 75 kuratierte Themenfilme, 25 biografische Portr\u00e4tfilme sowie ein Zeitstrahl f\u00fchren die Besucher*innen durch 75 Jahre lebendige Universit\u00e4tsgeschichte.<\/p>\n\n\n\n<p>Das Oral-History-Projekt \u201eErlebte Geschichte\u201c, das seit 2019 an der Universit\u00e4tsbibliothek der Freien Universit\u00e4t durch das Team&nbsp;<a href=\"https:\/\/www.fu-berlin.de\/sites\/ub\/forschen-lehren\/forschen\/dis\/index.html\">Digitale Interview-Sammlungen<\/a>&nbsp;erarbeitet wird, dokumentiert, erschlie\u00dft und pr\u00e4sentiert die Erinnerungen einer Vielzahl dieser Menschen in Video-Interviews: Pr\u00e4sidenten und Professor*innen, ehemalige Studierende, Laborangestellte, Tierpfleger*innen, wissenschaftliche Mitarbeitende, Bibliotheksbesch\u00e4ftigte oder Angeh\u00f6rige der Universit\u00e4tsverwaltung berichten von ihrem Leben (nicht nur) an der Freien Universit\u00e4t und davon, wie sie diese Hochschule mitgestaltet haben.<\/p>\n\n\n\n<p>Die ungeschnittenen Video-Interviews finden sich in voller L\u00e4nge transkribiert, umfassend inhaltlich erschlossen in einem\u00a0<a rel=\"noreferrer noopener\" href=\"https:\/\/archiv.erlebte-geschichte.fu-berlin.de\/\" target=\"_blank\">Interview-Archiv<\/a>.\u00a0Insbesondere f\u00fcr wissenschaftliches Arbeiten bilden diese eine einmalige Quelle, die (nicht nur) f\u00fcr Forschende nach einer Registrierung zug\u00e4nglich ist.<\/p>\n\n\n\n<hr class=\"wp-block-separator has-alpha-channel-opacity\" \/>\n\n\n\n<p>Lesen Sie dazu auch: <a rel=\"noreferrer noopener\" href=\"https:\/\/www.fu-berlin.de\/sites\/erg\/wir\/web-wir-2023-2\/04-interview\/index.html\" target=\"_blank\">\u201eEs ist inzwischen eine Herzensangelegenheit\u201c<\/a> &#8211; Artikel im Magazin &#8222;wir&#8220; f\u00fcr die Ehemaligen der Freien Universit\u00e4t<\/p>\n","protected":false},"excerpt":{"rendered":"<p>Online-Ausstellung und Interview-Archiv jederzeit zug\u00e4nglich Die Online-Ausstellung \u201eErlebte Geschichte. Menschen erz\u00e4hlen \u2013 Leben mit der Freien Universit\u00e4t Berlin\u201c&nbsp;l\u00e4dt alle Interessierten dazu ein, die Entwicklung der Freien Universit\u00e4t anhand individueller Erz\u00e4hlungen nachzuerleben: 75 kuratierte Themenfilme, 25 biografische Portr\u00e4tfilme sowie ein Zeitstrahl f\u00fchren die Besucher*innen durch 75 Jahre lebendige Universit\u00e4tsgeschichte. Das Oral-History-Projekt \u201eErlebte Geschichte\u201c, das seit 2019 &hellip; <a href=\"https:\/\/blogs.fu-berlin.de\/bibliotheken\/2023\/12\/20\/neu-eroeffnet-erlebte-geschichte-freie-universitaet-berlin\/\" class=\"more-link\"><span class=\"screen-reader-text\">\u201eNeu er\u00f6ffnet: \u201eErlebte Geschichte. Freie Universit\u00e4t Berlin\u201c\u201c<\/span> weiterlesen<\/a><\/p>\n","protected":false},"author":1427,"featured_media":32572,"comment_status":"open","ping_status":"open","sticky":false,"template":"","format":"standard","meta":{"footnotes":""},"categories":[599,604,457816,493,601,584805],"tags":[581,471620,74],"class_list":["post-32571","post","type-post","status-publish","format-standard","has-post-thumbnail","hentry","category-bibliothekswesen","category-ins-netz-geschaut","category-lehr-lernservices","category-recherchetipps","category-universitatsbibliothek","category-was-ist-neu","tag-ausstellung","tag-erlebte-geschichte","tag-freie-universitat-berlin"],"_links":{"self":[{"href":"https:\/\/blogs.fu-berlin.de\/bibliotheken\/wp-json\/wp\/v2\/posts\/32571","targetHints":{"allow":["GET"]}}],"collection":[{"href":"https:\/\/blogs.fu-berlin.de\/bibliotheken\/wp-json\/wp\/v2\/posts"}],"about":[{"href":"https:\/\/blogs.fu-berlin.de\/bibliotheken\/wp-json\/wp\/v2\/types\/post"}],"author":[{"embeddable":true,"href":"https:\/\/blogs.fu-berlin.de\/bibliotheken\/wp-json\/wp\/v2\/users\/1427"}],"replies":[{"embeddable":true,"href":"https:\/\/blogs.fu-berlin.de\/bibliotheken\/wp-json\/wp\/v2\/comments?post=32571"}],"version-history":[{"count":2,"href":"https:\/\/blogs.fu-berlin.de\/bibliotheken\/wp-json\/wp\/v2\/posts\/32571\/revisions"}],"predecessor-version":[{"id":32574,"href":"https:\/\/blogs.fu-berlin.de\/bibliotheken\/wp-json\/wp\/v2\/posts\/32571\/revisions\/32574"}],"wp:featuredmedia":[{"embeddable":true,"href":"https:\/\/blogs.fu-berlin.de\/bibliotheken\/wp-json\/wp\/v2\/media\/32572"}],"wp:attachment":[{"href":"https:\/\/blogs.fu-berlin.de\/bibliotheken\/wp-json\/wp\/v2\/media?parent=32571"}],"wp:term":[{"taxonomy":"category","embeddable":true,"href":"https:\/\/blogs.fu-berlin.de\/bibliotheken\/wp-json\/wp\/v2\/categories?post=32571"},{"taxonomy":"post_tag","embeddable":true,"href":"https:\/\/blogs.fu-berlin.de\/bibliotheken\/wp-json\/wp\/v2\/tags?post=32571"}],"curies":[{"name":"wp","href":"https:\/\/api.w.org\/{rel}","templated":true}]}}