{"id":32621,"date":"2024-01-17T11:54:00","date_gmt":"2024-01-17T10:54:00","guid":{"rendered":"https:\/\/blogs.fu-berlin.de\/bibliotheken\/?p=32621"},"modified":"2024-01-17T15:51:26","modified_gmt":"2024-01-17T14:51:26","slug":"neue-aufstellung-der-ausleihbaren-bestaende-ab-2024-in-der-wirtschaftswissenschaftlichen-bibliothek","status":"publish","type":"post","link":"https:\/\/blogs.fu-berlin.de\/bibliotheken\/2024\/01\/17\/neue-aufstellung-der-ausleihbaren-bestaende-ab-2024-in-der-wirtschaftswissenschaftlichen-bibliothek\/","title":{"rendered":"Neue Aufstellung der ausleihbaren Best\u00e4nde ab 2024 in der Wirtschaftswissenschaftlichen Bibliothek"},"content":{"rendered":"\n<p>Zur besseren Orientierung beim Auffinden der B\u00fccher am Regal wird ab 2024 der neue ausleihbare Buchbestand im Freihandbereich der<a href=\"https:\/\/www.wiwiss.fu-berlin.de\/bibliothek\/index.html\"> Wirtschaftswissenschaftlichen Bibliothek<\/a> fachlich sortiert nach der <a href=\"https:\/\/rvk.uni-regensburg.de\/regensburger-verbundklassifikation-online\">Regensburger Verbundklassifikation<\/a> (RVK) im<a target=\"_blank\" href=\"https:\/\/www.wiwiss.fu-berlin.de\/bibliothek\/05Lernort_Bibliothek\/Foyer\/index.html\" rel=\"noreferrer noopener\"> Foyer<\/a> der Bibliothek aufgestellt.<\/p>\n\n\n\n<p>Die fachliche Aufstellung bietet die M\u00f6glichkeit, gleich am Regal inhaltlich verwandte Titel zu entdecken und zu sichten. Damit setzt die Bibliothek einen bereits h\u00e4ufig ge\u00e4u\u00dferten Wunsch der Studierenden des Fachbereichs Wirtschaftswissenschaft um.<\/p>\n\n\n\n<p>Der neue Standort hei\u00dft \u201eFoyer-Freihand\u201c.<\/p>\n\n\n\n<p>Die Aufstellung nach RVK f\u00fcr den neuen ausleihbaren Bestand f\u00fchrt auch zur Vereinheitlichung der Buchaufstellung in den Freihandbereichen der Wirtschaftswissenschaftlichen Bibliothek; denn f\u00fcr die Aufstellung der Pr\u00e4senzbest\u00e4nde im Lesesaal und die ausleihbaren Best\u00e4nde der Lehrbuchsammlung wird bereits seit Jahren die Systematik der RVK verwendet.<\/p>\n\n\n\n<p>Die ausleihbaren Freihandbest\u00e4nde der Bibliothek bis 2023 bleiben wie gehabt nach der fortlaufenden Nummer, d.h. nach der Reihenfolge ihres Eingangs fortlaufend mit einer Signatur nummeriert an den Standorten <a target=\"_blank\" href=\"https:\/\/www.wiwiss.fu-berlin.de\/bibliothek\/05Lernort_Bibliothek\/Atrium-Ost\/index.html\" rel=\"noreferrer noopener\">\u201eAtrium Ost\u201c<\/a> und <a target=\"_blank\" href=\"https:\/\/www.wiwiss.fu-berlin.de\/bibliothek\/05Lernort_Bibliothek\/Korridor\/index.html\" rel=\"noreferrer noopener\">\u201eKorridor\u201c<\/a> aufgestellt.<\/p>\n\n\n\n<p>\u00dcber das <a href=\"https:\/\/fu-berlin.primo.exlibrisgroup.com\/discovery\/search?vid=49KOBV_FUB:FUB\">Bibliotheksportal Primo<\/a> ist weiterhin jeder Standort eines gedruckten Buches zu ermitteln und somit leicht auffindbar.<\/p>\n\n\n\n<p class=\"has-small-font-size\"><a href=\"https:\/\/www.wiwiss.fu-berlin.de\/bibliothek\/aktuelles\/index.html\"><\/a>1 \/ 4<a href=\"https:\/\/www.wiwiss.fu-berlin.de\/bibliothek\/aktuelles\/Diskussionsbeitraege.html\"><\/a><a href=\"https:\/\/www.wiwiss.fu-berlin.de\/bibliothek\/aktuelles\/Benutzungsordnung.html\"><\/a><\/p>\n","protected":false},"excerpt":{"rendered":"<p>Zur besseren Orientierung beim Auffinden der B\u00fccher am Regal wird ab 2024 der neue ausleihbare Buchbestand im Freihandbereich der Wirtschaftswissenschaftlichen Bibliothek fachlich sortiert nach der Regensburger Verbundklassifikation (RVK) im Foyer der Bibliothek aufgestellt. Die fachliche Aufstellung bietet die M\u00f6glichkeit, gleich am Regal inhaltlich verwandte Titel zu entdecken und zu sichten. Damit setzt die Bibliothek einen &hellip; <a href=\"https:\/\/blogs.fu-berlin.de\/bibliotheken\/2024\/01\/17\/neue-aufstellung-der-ausleihbaren-bestaende-ab-2024-in-der-wirtschaftswissenschaftlichen-bibliothek\/\" class=\"more-link\"><span class=\"screen-reader-text\">\u201eNeue Aufstellung der ausleihbaren Best\u00e4nde ab 2024 in der Wirtschaftswissenschaftlichen Bibliothek\u201c<\/span> weiterlesen<\/a><\/p>\n","protected":false},"author":931,"featured_media":32622,"comment_status":"open","ping_status":"open","sticky":false,"template":"","format":"image","meta":{"footnotes":""},"categories":[599,600,584805],"tags":[8778,2909,451,823],"class_list":["post-32621","post","type-post","status-publish","format-image","has-post-thumbnail","hentry","category-bibliothekswesen","category-fachbibliotheken","category-was-ist-neu","tag-aufstellungssystematik","tag-bibliotheksbestande","tag-literatur","tag-wirtschaftswissenschaften","post_format-post-format-image"],"_links":{"self":[{"href":"https:\/\/blogs.fu-berlin.de\/bibliotheken\/wp-json\/wp\/v2\/posts\/32621","targetHints":{"allow":["GET"]}}],"collection":[{"href":"https:\/\/blogs.fu-berlin.de\/bibliotheken\/wp-json\/wp\/v2\/posts"}],"about":[{"href":"https:\/\/blogs.fu-berlin.de\/bibliotheken\/wp-json\/wp\/v2\/types\/post"}],"author":[{"embeddable":true,"href":"https:\/\/blogs.fu-berlin.de\/bibliotheken\/wp-json\/wp\/v2\/users\/931"}],"replies":[{"embeddable":true,"href":"https:\/\/blogs.fu-berlin.de\/bibliotheken\/wp-json\/wp\/v2\/comments?post=32621"}],"version-history":[{"count":3,"href":"https:\/\/blogs.fu-berlin.de\/bibliotheken\/wp-json\/wp\/v2\/posts\/32621\/revisions"}],"predecessor-version":[{"id":32625,"href":"https:\/\/blogs.fu-berlin.de\/bibliotheken\/wp-json\/wp\/v2\/posts\/32621\/revisions\/32625"}],"wp:featuredmedia":[{"embeddable":true,"href":"https:\/\/blogs.fu-berlin.de\/bibliotheken\/wp-json\/wp\/v2\/media\/32622"}],"wp:attachment":[{"href":"https:\/\/blogs.fu-berlin.de\/bibliotheken\/wp-json\/wp\/v2\/media?parent=32621"}],"wp:term":[{"taxonomy":"category","embeddable":true,"href":"https:\/\/blogs.fu-berlin.de\/bibliotheken\/wp-json\/wp\/v2\/categories?post=32621"},{"taxonomy":"post_tag","embeddable":true,"href":"https:\/\/blogs.fu-berlin.de\/bibliotheken\/wp-json\/wp\/v2\/tags?post=32621"}],"curies":[{"name":"wp","href":"https:\/\/api.w.org\/{rel}","templated":true}]}}