{"id":32627,"date":"2024-01-19T08:33:49","date_gmt":"2024-01-19T07:33:49","guid":{"rendered":"https:\/\/blogs.fu-berlin.de\/bibliotheken\/?p=32627"},"modified":"2024-01-19T13:28:14","modified_gmt":"2024-01-19T12:28:14","slug":"fragmented-fates-eine-lichtinstallation-der-arbeitsstelle-provenienzforschung","status":"publish","type":"post","link":"https:\/\/blogs.fu-berlin.de\/bibliotheken\/2024\/01\/19\/fragmented-fates-eine-lichtinstallation-der-arbeitsstelle-provenienzforschung\/","title":{"rendered":"Fragmented Fates &#8211; eine Lichtinstallation der Arbeitsstelle Provenienzforschung"},"content":{"rendered":"\n<p>Mit der<a href=\"https:\/\/www.fu-berlin.de\/sites\/ub\/ueber-uns\/provenienzforschung\/10-jahre\/lichtinstallation\/index.html\"> Lichtinstallation <strong>Fragmented Fates<\/strong><\/a> erinnert die<a rel=\"noreferrer noopener\" href=\"https:\/\/www.fu-berlin.de\/sites\/ub\/ueber-uns\/provenienzforschung\/10-jahre\/lichtinstallation\/index.html\" target=\"_blank\"> <\/a>Arbeitsstelle Provenienzforschung der Universit\u00e4tsbibliothek der FU Berlin am <strong>Montag, den 29. Januar 2024<\/strong> um <strong>12 Uhr<\/strong> im H\u00f6rsaalfoyer in der Silberlaube an die j\u00fcdischen Opfer des NS-Regimes, die in den Schatten der Geschichte verdr\u00e4ngt wurden.<\/p>\n\n\n\n<p><strong>Fragmented Fates<\/strong> fokussiert den Blick auf die zersplitterten Schicksale von Menschen, deren Leben durch die brutale Gewalt der NS-Diktatur in unz\u00e4hlige Bruchst\u00fccke zerbrochen wurden. Diese Fragmente, die sich in den Besitzvermerken von B\u00fcchern manifestieren, sind stumme Zeugen f\u00fcr verlorenes Leben, existenzielle Verluste und vergessene Geschichten. In der fl\u00fcchtigen Anordnung dieser Bruchst\u00fccke k\u00f6nnen wir nicht nur die einstige Vollkommenheit eines unversehrten Lebens erahnen, sondern auch die Trag\u00f6die seiner Zerst\u00f6rung.<\/p>\n\n\n\n<p>Durch das Spiel des Lichts wird eine metaphorische Darstellung von Hoffnung geschaffen, die die Dunkelheit der NS-Zeit durchdringt. Es beleuchtet die vergessenen Geschichten dieser Menschen und erlaubt es, sie in unsere Gegenwart ans Licht zu bringen. Die Anspielung auf das Universum bindet die menschliche Erfahrung an ein gr\u00f6\u00dferes, kosmisches Narrativ und erinnert uns daran, dass selbst in den dunkelsten Zeiten der Funke der Hoffnung und Menschlichkeit niemals erlischt.<\/p>\n\n\n\n<p>Die Installation ist auch eine Analogie der Arbeitsweise in der Provenienzforschung. Das m\u00fchsame Zusammenf\u00fcgen unz\u00e4hliger Puzzlest\u00fccke, \u00e4hnlich der Detektivarbeit, ist hier Teil des Arbeitsalltags und verk\u00f6rpert eine Rekonstruktion einer individuellen Lebensgeschichte. Die Arbeitsstelle der UB widmet sich diesem noch jungen Forschungsgebiet seit nun einem Jahrzehnt und hat auf Grundlage der Washingtoner Prinzipien von 2010 einen bedeutenden Schwerpunkt in ihrer bibliothekarischen Arbeit etabliert. Sie tr\u00e4gt dazu bei, dass NS-Raubgut in Bibliotheken aufgedeckt und an die Nachfahren der NS-Opfer zur\u00fcckgegeben werden kann.<\/p>\n\n\n\n<p>Bei der Illumination wurden Provenienzen von NS-Opfern aus den B\u00fcchern der Bibliotheken der FU Berlin ausgew\u00e4hlt. Diese einzigartigen Funde zeigen auf, dass B\u00fccher in unseren Bibliotheken einst Menschen geh\u00f6rten, die Opfer von Verfolgung, Diskriminierung und Unrecht wurden. <strong>Fragemented Fates<\/strong> schafft somit eine Br\u00fccke zwischen der Vergangenheit und der Gegenwart, die offenbart, dass B\u00fccher nicht nur Wissen vermitteln, sondern auch ein wertvolles St\u00fcck Geschichte bewahren. Es ist von gro\u00dfer Bedeutung, diese Erinnerungen in Zeiten gegenw\u00e4rtiger gesellschaftlicher Herausforderungen durch den Erhalt der Erinnerungskultur zu bewahren.<\/p>\n\n\n\n<p>Text haupts\u00e4chlich von <a href=\"https:\/\/www.fu-berlin.de\/sites\/ub\/ueber-uns\/team\/brasiler\/index.html\">Elena Brasiler<\/a>, Mitarbeiterin der Arbeitsstelle Provenienzforschung<\/p>\n","protected":false},"excerpt":{"rendered":"<p>Mit der Lichtinstallation Fragmented Fates erinnert die Arbeitsstelle Provenienzforschung der Universit\u00e4tsbibliothek der FU Berlin am Montag, den 29. Januar 2024 um 12 Uhr im H\u00f6rsaalfoyer in der Silberlaube an die j\u00fcdischen Opfer des NS-Regimes, die in den Schatten der Geschichte verdr\u00e4ngt wurden. Fragmented Fates fokussiert den Blick auf die zersplitterten Schicksale von Menschen, deren Leben &hellip; <a href=\"https:\/\/blogs.fu-berlin.de\/bibliotheken\/2024\/01\/19\/fragmented-fates-eine-lichtinstallation-der-arbeitsstelle-provenienzforschung\/\" class=\"more-link\"><span class=\"screen-reader-text\">\u201eFragmented Fates &#8211; eine Lichtinstallation der Arbeitsstelle Provenienzforschung\u201c<\/span> weiterlesen<\/a><\/p>\n","protected":false},"author":3230,"featured_media":32628,"comment_status":"open","ping_status":"open","sticky":false,"template":"","format":"standard","meta":{"footnotes":""},"categories":[9],"tags":[457845,74,2102],"class_list":["post-32627","post","type-post","status-publish","format-standard","has-post-thumbnail","hentry","category-allgemein","tag-arbeitsstelle-provenienzforschung","tag-freie-universitat-berlin","tag-veranstaltung"],"_links":{"self":[{"href":"https:\/\/blogs.fu-berlin.de\/bibliotheken\/wp-json\/wp\/v2\/posts\/32627","targetHints":{"allow":["GET"]}}],"collection":[{"href":"https:\/\/blogs.fu-berlin.de\/bibliotheken\/wp-json\/wp\/v2\/posts"}],"about":[{"href":"https:\/\/blogs.fu-berlin.de\/bibliotheken\/wp-json\/wp\/v2\/types\/post"}],"author":[{"embeddable":true,"href":"https:\/\/blogs.fu-berlin.de\/bibliotheken\/wp-json\/wp\/v2\/users\/3230"}],"replies":[{"embeddable":true,"href":"https:\/\/blogs.fu-berlin.de\/bibliotheken\/wp-json\/wp\/v2\/comments?post=32627"}],"version-history":[{"count":3,"href":"https:\/\/blogs.fu-berlin.de\/bibliotheken\/wp-json\/wp\/v2\/posts\/32627\/revisions"}],"predecessor-version":[{"id":32631,"href":"https:\/\/blogs.fu-berlin.de\/bibliotheken\/wp-json\/wp\/v2\/posts\/32627\/revisions\/32631"}],"wp:featuredmedia":[{"embeddable":true,"href":"https:\/\/blogs.fu-berlin.de\/bibliotheken\/wp-json\/wp\/v2\/media\/32628"}],"wp:attachment":[{"href":"https:\/\/blogs.fu-berlin.de\/bibliotheken\/wp-json\/wp\/v2\/media?parent=32627"}],"wp:term":[{"taxonomy":"category","embeddable":true,"href":"https:\/\/blogs.fu-berlin.de\/bibliotheken\/wp-json\/wp\/v2\/categories?post=32627"},{"taxonomy":"post_tag","embeddable":true,"href":"https:\/\/blogs.fu-berlin.de\/bibliotheken\/wp-json\/wp\/v2\/tags?post=32627"}],"curies":[{"name":"wp","href":"https:\/\/api.w.org\/{rel}","templated":true}]}}