{"id":32633,"date":"2024-01-22T12:15:34","date_gmt":"2024-01-22T11:15:34","guid":{"rendered":"https:\/\/blogs.fu-berlin.de\/bibliotheken\/?p=32633"},"modified":"2024-01-22T12:17:01","modified_gmt":"2024-01-22T11:17:01","slug":"bundesweite-kommunikationskampagne-weiter-wissen","status":"publish","type":"post","link":"https:\/\/blogs.fu-berlin.de\/bibliotheken\/2024\/01\/22\/bundesweite-kommunikationskampagne-weiter-wissen\/","title":{"rendered":"Bundesweite Kommunikationskampagne &#8222;Weiter Wissen&#8220;"},"content":{"rendered":"\n<p><strong>Universit\u00e4tsbibliothek ist als Mitinitiatorin dabei.<\/strong><\/p>\n\n\n\n<p>Mit der Kampagne \u201eWeiter Wissen\u201c m\u00f6chten wir die gesellschaftliche Relevanz wissenschaftlicher Bibliotheken, ihre Aufgaben und Funktionen sichtbar machen.<br><br>Dr. Andreas Brandtner, Leitender Direktor der Universit\u00e4tsbibliothek, erkl\u00e4rt:<\/p>\n\n\n\n<blockquote class=\"wp-block-quote is-layout-flow wp-block-quote-is-layout-flow\"><p>Die Funktionen und Angebote von Universit\u00e4tsbibliotheken haben sich in den letzten 20 Jahren enorm entwickelt, um den Bed\u00fcrfnissen von Forschenden, Lehrenden und Studierenden gerecht zu werden. Um nur einige Stichpunkte zu nennen: Elektronische Ressourcen, Forschungsdatenmanagement, Open Access oder K\u00fcnstliche Intelligenz sind dynamische Themenfelder, mit denen wir uns befassen und zu denen wir Angebote entwickeln.<br><br>In unserer t\u00e4glichen Arbeit stellen wir immer wieder fest, dass l\u00e4ngst nicht all diese vielf\u00e4ltigen Wirkungsfelder au\u00dferhalb unserer Fachcommunity bekannt sind. Das allgemeine Image von wissenschaftlichen Bibliotheken bleibt \u2013 so ist mir das in zahlreichen Gespr\u00e4chen begegnet &#8211; diffus bis anachronistisch. Liegt es daran, dass die Nutzenden uns heute oft so sehen, wie sie uns auch vor 20 Jahren schon gesehen haben; n\u00e4mlich m\u00e4\u00dfig moderne R\u00e4ume mit Schreibtischen und B\u00fccherregalen? M\u00fcssen wir unsere Services, unsere Rolle, unsere Bedeutung heute nicht st\u00e4rker kommunizieren? Sollten wir nicht selbstbewusster auftreten, uns besser vernetzen, unsere unverzichtbare Funktion im Wissenschaftsbetrieb st\u00e4rker betonen? Ich denke: ja. Und genau deswegen ist die Universit\u00e4tsbibliothek der Freien Universit\u00e4t Berlin als Mitinitiatorin bei \u201eWeiter Wissen\u201c dabei.\u201c<\/p><\/blockquote>\n\n\n\n<figure class=\"wp-block-gallery has-nested-images columns-default is-cropped wp-block-gallery-1 is-layout-flex wp-block-gallery-is-layout-flex\">\n<figure class=\"wp-block-image size-large\"><img loading=\"lazy\" decoding=\"async\" width=\"2000\" height=\"1500\" data-id=\"32639\" src=\"https:\/\/blogs.fu-berlin.de\/bibliotheken\/files\/2024\/01\/Kachelgrafik_Digitale-Langzeitarchivierung.jpg\" alt=\"\" class=\"wp-image-32639\" srcset=\"https:\/\/blogs.fu-berlin.de\/bibliotheken\/files\/2024\/01\/Kachelgrafik_Digitale-Langzeitarchivierung.jpg 2000w, https:\/\/blogs.fu-berlin.de\/bibliotheken\/files\/2024\/01\/Kachelgrafik_Digitale-Langzeitarchivierung-300x225.jpg 300w, https:\/\/blogs.fu-berlin.de\/bibliotheken\/files\/2024\/01\/Kachelgrafik_Digitale-Langzeitarchivierung-1536x1152.jpg 1536w, https:\/\/blogs.fu-berlin.de\/bibliotheken\/files\/2024\/01\/Kachelgrafik_Digitale-Langzeitarchivierung-1200x900.jpg 1200w\" sizes=\"auto, (max-width: 709px) 85vw, (max-width: 909px) 67vw, (max-width: 1362px) 62vw, 840px\" \/><\/figure>\n\n\n\n<figure class=\"wp-block-image size-large\"><img loading=\"lazy\" decoding=\"async\" width=\"2000\" height=\"1500\" data-id=\"32640\" src=\"https:\/\/blogs.fu-berlin.de\/bibliotheken\/files\/2024\/01\/Kachelgrafik_Forschung-und-Entwicklung.jpg\" alt=\"\" class=\"wp-image-32640\" srcset=\"https:\/\/blogs.fu-berlin.de\/bibliotheken\/files\/2024\/01\/Kachelgrafik_Forschung-und-Entwicklung.jpg 2000w, https:\/\/blogs.fu-berlin.de\/bibliotheken\/files\/2024\/01\/Kachelgrafik_Forschung-und-Entwicklung-300x225.jpg 300w, https:\/\/blogs.fu-berlin.de\/bibliotheken\/files\/2024\/01\/Kachelgrafik_Forschung-und-Entwicklung-1536x1152.jpg 1536w, https:\/\/blogs.fu-berlin.de\/bibliotheken\/files\/2024\/01\/Kachelgrafik_Forschung-und-Entwicklung-1200x900.jpg 1200w\" sizes=\"auto, (max-width: 709px) 85vw, (max-width: 909px) 67vw, (max-width: 1362px) 62vw, 840px\" \/><\/figure>\n\n\n\n<figure class=\"wp-block-image size-large\"><img loading=\"lazy\" decoding=\"async\" width=\"2000\" height=\"1500\" data-id=\"32642\" src=\"https:\/\/blogs.fu-berlin.de\/bibliotheken\/files\/2024\/01\/Kachelgrafik_Forschungsdatenmanagement.jpg\" alt=\"\" class=\"wp-image-32642\" srcset=\"https:\/\/blogs.fu-berlin.de\/bibliotheken\/files\/2024\/01\/Kachelgrafik_Forschungsdatenmanagement.jpg 2000w, https:\/\/blogs.fu-berlin.de\/bibliotheken\/files\/2024\/01\/Kachelgrafik_Forschungsdatenmanagement-300x225.jpg 300w, https:\/\/blogs.fu-berlin.de\/bibliotheken\/files\/2024\/01\/Kachelgrafik_Forschungsdatenmanagement-1536x1152.jpg 1536w, https:\/\/blogs.fu-berlin.de\/bibliotheken\/files\/2024\/01\/Kachelgrafik_Forschungsdatenmanagement-1200x900.jpg 1200w\" sizes=\"auto, (max-width: 709px) 85vw, (max-width: 909px) 67vw, (max-width: 1362px) 62vw, 840px\" \/><\/figure>\n\n\n\n<figure class=\"wp-block-image size-large\"><img loading=\"lazy\" decoding=\"async\" width=\"2000\" height=\"1500\" data-id=\"32641\" src=\"https:\/\/blogs.fu-berlin.de\/bibliotheken\/files\/2024\/01\/Kachelgrafik_Kulturelles-Erbe.jpg\" alt=\"\" class=\"wp-image-32641\" srcset=\"https:\/\/blogs.fu-berlin.de\/bibliotheken\/files\/2024\/01\/Kachelgrafik_Kulturelles-Erbe.jpg 2000w, https:\/\/blogs.fu-berlin.de\/bibliotheken\/files\/2024\/01\/Kachelgrafik_Kulturelles-Erbe-300x225.jpg 300w, https:\/\/blogs.fu-berlin.de\/bibliotheken\/files\/2024\/01\/Kachelgrafik_Kulturelles-Erbe-1536x1152.jpg 1536w, https:\/\/blogs.fu-berlin.de\/bibliotheken\/files\/2024\/01\/Kachelgrafik_Kulturelles-Erbe-1200x900.jpg 1200w\" sizes=\"auto, (max-width: 709px) 85vw, (max-width: 909px) 67vw, (max-width: 1362px) 62vw, 840px\" \/><\/figure>\n\n\n\n<figure class=\"wp-block-image size-large\"><img loading=\"lazy\" decoding=\"async\" width=\"2000\" height=\"1500\" data-id=\"32643\" src=\"https:\/\/blogs.fu-berlin.de\/bibliotheken\/files\/2024\/01\/Kachelgrafik_Open-Access.jpg\" alt=\"\" class=\"wp-image-32643\" srcset=\"https:\/\/blogs.fu-berlin.de\/bibliotheken\/files\/2024\/01\/Kachelgrafik_Open-Access.jpg 2000w, https:\/\/blogs.fu-berlin.de\/bibliotheken\/files\/2024\/01\/Kachelgrafik_Open-Access-300x225.jpg 300w, https:\/\/blogs.fu-berlin.de\/bibliotheken\/files\/2024\/01\/Kachelgrafik_Open-Access-1536x1152.jpg 1536w, https:\/\/blogs.fu-berlin.de\/bibliotheken\/files\/2024\/01\/Kachelgrafik_Open-Access-1200x900.jpg 1200w\" sizes=\"auto, (max-width: 709px) 85vw, (max-width: 909px) 67vw, (max-width: 1362px) 62vw, 840px\" \/><\/figure>\n<\/figure>\n\n\n\n<p><\/p>\n\n\n\n<p>Ziel der Kampagne ist es, den Entscheidungstr\u00e4ger*innen, der Wissenschaftscommunity und den F\u00f6rderern die essentiellen und vielf\u00e4ltigen Leistungen der Bibliotheken als Voraussetzung f\u00fcr hochwertige Forschung und Wissenschaft zu verdeutlichen. Denn nur mit politischer Unterst\u00fctzung kann die Forschung in Deutschland auch morgen und \u00fcbermorgen gew\u00e4hrleistet sein.<br>Die Kampagne wurde vom Deutschen Bibliotheksverband und 15 wissenschaftlichen Bibliotheken ins Leben gerufen. Sie ist partizipativ ausgelegt: Alle wissenschaftlichen Bibliotheken in Deutschland k\u00f6nnen sich anschlie\u00dfen und die Vorlagen, Grafiken und Texte f\u00fcr ihre \u00d6ffentlichkeitsarbeit nutzen, um verschiedene Schwerpunkte ihrer Arbeit aufzuzeigen.<\/p>\n\n\n\n<p><a rel=\"noreferrer noopener\" href=\"https:\/\/www.bibliotheksverband.de\/kampagne-weiter-wissen\" target=\"_blank\">Hier<\/a> finden Sie weitre Informationen und verschiedene Vorlagen zum Download, die Sie mit Ihrem Logo jeweils anpassen k\u00f6nnen.<\/p>\n","protected":false},"excerpt":{"rendered":"<p>Universit\u00e4tsbibliothek ist als Mitinitiatorin dabei. Mit der Kampagne \u201eWeiter Wissen\u201c m\u00f6chten wir die gesellschaftliche Relevanz wissenschaftlicher Bibliotheken, ihre Aufgaben und Funktionen sichtbar machen. Dr. Andreas Brandtner, Leitender Direktor der Universit\u00e4tsbibliothek, erkl\u00e4rt: Die Funktionen und Angebote von Universit\u00e4tsbibliotheken haben sich in den letzten 20 Jahren enorm entwickelt, um den Bed\u00fcrfnissen von Forschenden, Lehrenden und Studierenden gerecht &hellip; <a href=\"https:\/\/blogs.fu-berlin.de\/bibliotheken\/2024\/01\/22\/bundesweite-kommunikationskampagne-weiter-wissen\/\" class=\"more-link\"><span class=\"screen-reader-text\">\u201eBundesweite Kommunikationskampagne &#8222;Weiter Wissen&#8220;\u201c<\/span> weiterlesen<\/a><\/p>\n","protected":false},"author":1427,"featured_media":32637,"comment_status":"open","ping_status":"open","sticky":false,"template":"","format":"standard","meta":{"footnotes":""},"categories":[9,599,601],"tags":[471623,471624,780,46937],"class_list":["post-32633","post","type-post","status-publish","format-standard","has-post-thumbnail","hentry","category-allgemein","category-bibliothekswesen","category-universitatsbibliothek","tag-weiter-wissen","tag-kommunikationskampagne","tag-wissenschaftliche-bibliotheken","tag-zusammenarbeit"],"_links":{"self":[{"href":"https:\/\/blogs.fu-berlin.de\/bibliotheken\/wp-json\/wp\/v2\/posts\/32633","targetHints":{"allow":["GET"]}}],"collection":[{"href":"https:\/\/blogs.fu-berlin.de\/bibliotheken\/wp-json\/wp\/v2\/posts"}],"about":[{"href":"https:\/\/blogs.fu-berlin.de\/bibliotheken\/wp-json\/wp\/v2\/types\/post"}],"author":[{"embeddable":true,"href":"https:\/\/blogs.fu-berlin.de\/bibliotheken\/wp-json\/wp\/v2\/users\/1427"}],"replies":[{"embeddable":true,"href":"https:\/\/blogs.fu-berlin.de\/bibliotheken\/wp-json\/wp\/v2\/comments?post=32633"}],"version-history":[{"count":6,"href":"https:\/\/blogs.fu-berlin.de\/bibliotheken\/wp-json\/wp\/v2\/posts\/32633\/revisions"}],"predecessor-version":[{"id":32647,"href":"https:\/\/blogs.fu-berlin.de\/bibliotheken\/wp-json\/wp\/v2\/posts\/32633\/revisions\/32647"}],"wp:featuredmedia":[{"embeddable":true,"href":"https:\/\/blogs.fu-berlin.de\/bibliotheken\/wp-json\/wp\/v2\/media\/32637"}],"wp:attachment":[{"href":"https:\/\/blogs.fu-berlin.de\/bibliotheken\/wp-json\/wp\/v2\/media?parent=32633"}],"wp:term":[{"taxonomy":"category","embeddable":true,"href":"https:\/\/blogs.fu-berlin.de\/bibliotheken\/wp-json\/wp\/v2\/categories?post=32633"},{"taxonomy":"post_tag","embeddable":true,"href":"https:\/\/blogs.fu-berlin.de\/bibliotheken\/wp-json\/wp\/v2\/tags?post=32633"}],"curies":[{"name":"wp","href":"https:\/\/api.w.org\/{rel}","templated":true}]}}