{"id":32686,"date":"2024-02-09T11:27:12","date_gmt":"2024-02-09T10:27:12","guid":{"rendered":"https:\/\/blogs.fu-berlin.de\/bibliotheken\/?p=32686"},"modified":"2024-02-09T12:12:16","modified_gmt":"2024-02-09T11:12:16","slug":"mein-job-bibliothek-den-passenden-job-in-der-bibliothekswelt-finden","status":"publish","type":"post","link":"https:\/\/blogs.fu-berlin.de\/bibliotheken\/2024\/02\/09\/mein-job-bibliothek-den-passenden-job-in-der-bibliothekswelt-finden\/","title":{"rendered":"\u201eMein Job\u201c Bibliothek \u2013 den passenden Job in der Bibliothekswelt finden"},"content":{"rendered":"\n<p>Eine T\u00e4tigkeit im Arbeitsumfeld Bibliothek bietet viel Abwechslung, viel Kontakt zu Menschen und ist meist eben nicht bestimmt von Routinearbeiten. Bibliotheken auf dem Land oder in der Stadt sind vor allem eines: \u00d6ffentliche Orte f\u00fcr Menschen die sich treffen, zusammen lernen, Bibliotheksservices nutzen oder Veranstaltungen besuchen m\u00f6chten.<\/p>\n\n\n\n<p>Seit einigen Wochen gibt es sehr gute Einblicke in die verschiedenen T\u00e4tigkeitsfelder in der Bibliothek: Die Webseite \u201e<a href=\"https:\/\/meinjob-bibliothek.de\/\" data-type=\"URL\" data-id=\"https:\/\/meinjob-bibliothek.de\/\">Mein Job Bibliothek<\/a>\u201c zeigt auf vielf\u00e4ltige, ideenreiche und pers\u00f6nliche Weise, warum Menschen sich f\u00fcr einen Job in der Bibliothek entscheiden. Es erspart interessierten Menschen viel Zeit danach zu schauen, wie viele Bibliotheken es in Deutschland gibt und welche (Bibliotheks-)Arten und Aufgabenbereiche dort zu finden sind. Der Bereich: \u201e<a href=\"https:\/\/meinjob-bibliothek.de\/ueber-uns\/\" data-type=\"URL\" data-id=\"https:\/\/meinjob-bibliothek.de\/ueber-uns\/\">\u00dcber uns<\/a>\u201c schafft eine faktische und ausdrucksstarke Darstellung, wie facettenreich Bibliotheken sind. <\/p>\n\n\n\n<p>Ob ein Praktikum, eine duale Ausbildung, Studium oder Quereinstieg: Bibliotheken suchen Menschen in vielen Bereichen; der Fachkr\u00e4ftemangel ist sp\u00fcrbar. Bibliotheken sind beteiligt an der Gestaltung einer demokratischen Gesellschaft, sind offen, tolerant, inklusiv und konsumfrei. Diese Haltungen und Werte werden auf den Webseiten mit unterschiedlichen Profilen von Menschen gezeigt und mit Zitaten anschaulich dargestellt. <\/p>\n\n\n\n<figure class=\"wp-block-pullquote\"><blockquote><p>Einer der Gr\u00fcnde, warum ich die FaMI-Ausbildung gew\u00e4hlt habe, war, dass ich vom Wandel der Arbeit in Bibliotheken geh\u00f6rt habe: Der Einzug des Digitalen in die Welt der B\u00fccher hat mich angesprochen.<\/p><cite>Alexander Baals, FaMI-Auszubildender an der Universit\u00e4tsbibliothek der Freien Universit\u00e4t Berlin<\/cite><\/blockquote><\/figure>\n\n\n\n<p><\/p>\n\n\n\n<p>Das Angebot auf der Webseite sofort in den offenen <a href=\"https:\/\/bibliojobs.eu\/\" data-type=\"URL\" data-id=\"https:\/\/bibliojobs.eu\/\">Stellenangeboten<\/a> zu recherchieren ist ein gro\u00dfer Mehrwert. Initiiert wurde das Webportal von den Bibliotheksverb\u00e4nden mit dem prim\u00e4ren Ziel, die Personalgewinnung zu unterst\u00fctzen. Die \u201e<a href=\"https:\/\/www.bibliotheksverband.de\/kommission-personalgewinnung\" data-type=\"URL\" data-id=\"https:\/\/www.bibliotheksverband.de\/kommission-personalgewinnung\">Fachkommission Personalgewinnung<\/a>\u201c des deutschen Bibliotheksverbands (dbv) arbeitet seit vielen Jahren daran, die Wahrnehmung des Berufsbildes in Bibliotheken in der \u00d6ffentlichkeit zeitgem\u00e4\u00df und attraktiv zu vermitteln. Mit dem Launch von &#8222;Mein Job Bibliothek&#8220; ist das vortrefflich gelungen! <\/p>\n","protected":false},"excerpt":{"rendered":"<p>Eine T\u00e4tigkeit im Arbeitsumfeld Bibliothek bietet viel Abwechslung, viel Kontakt zu Menschen und ist meist eben nicht bestimmt von Routinearbeiten. Bibliotheken auf dem Land oder in der Stadt sind vor allem eines: \u00d6ffentliche Orte f\u00fcr Menschen die sich treffen, zusammen lernen, Bibliotheksservices nutzen oder Veranstaltungen besuchen m\u00f6chten. Seit einigen Wochen gibt es sehr gute Einblicke &hellip; <a href=\"https:\/\/blogs.fu-berlin.de\/bibliotheken\/2024\/02\/09\/mein-job-bibliothek-den-passenden-job-in-der-bibliothekswelt-finden\/\" class=\"more-link\"><span class=\"screen-reader-text\">\u201e\u201eMein Job\u201c Bibliothek \u2013 den passenden Job in der Bibliothekswelt finden\u201c<\/span> weiterlesen<\/a><\/p>\n","protected":false},"author":5902,"featured_media":0,"comment_status":"open","ping_status":"open","sticky":false,"template":"","format":"standard","meta":{"footnotes":""},"categories":[9,599,604,603,584805],"tags":[471626,447,471629,736,471628,989,364838,188000,368587,471627,196714],"class_list":["post-32686","post","type-post","status-publish","format-standard","hentry","category-allgemein","category-bibliothekswesen","category-ins-netz-geschaut","category-vorgestellt","category-was-ist-neu","tag-arbeitgeberin-bibliothek","tag-bibliotheken","tag-dbv","tag-fachangestellte-fur-medien-und-informationsdienste","tag-fachkraeftemangel","tag-fami-ausbildung","tag-jobsuche","tag-karriere","tag-personalgewinnung","tag-stellenanzeiger","tag-webportal"],"_links":{"self":[{"href":"https:\/\/blogs.fu-berlin.de\/bibliotheken\/wp-json\/wp\/v2\/posts\/32686","targetHints":{"allow":["GET"]}}],"collection":[{"href":"https:\/\/blogs.fu-berlin.de\/bibliotheken\/wp-json\/wp\/v2\/posts"}],"about":[{"href":"https:\/\/blogs.fu-berlin.de\/bibliotheken\/wp-json\/wp\/v2\/types\/post"}],"author":[{"embeddable":true,"href":"https:\/\/blogs.fu-berlin.de\/bibliotheken\/wp-json\/wp\/v2\/users\/5902"}],"replies":[{"embeddable":true,"href":"https:\/\/blogs.fu-berlin.de\/bibliotheken\/wp-json\/wp\/v2\/comments?post=32686"}],"version-history":[{"count":7,"href":"https:\/\/blogs.fu-berlin.de\/bibliotheken\/wp-json\/wp\/v2\/posts\/32686\/revisions"}],"predecessor-version":[{"id":32693,"href":"https:\/\/blogs.fu-berlin.de\/bibliotheken\/wp-json\/wp\/v2\/posts\/32686\/revisions\/32693"}],"wp:attachment":[{"href":"https:\/\/blogs.fu-berlin.de\/bibliotheken\/wp-json\/wp\/v2\/media?parent=32686"}],"wp:term":[{"taxonomy":"category","embeddable":true,"href":"https:\/\/blogs.fu-berlin.de\/bibliotheken\/wp-json\/wp\/v2\/categories?post=32686"},{"taxonomy":"post_tag","embeddable":true,"href":"https:\/\/blogs.fu-berlin.de\/bibliotheken\/wp-json\/wp\/v2\/tags?post=32686"}],"curies":[{"name":"wp","href":"https:\/\/api.w.org\/{rel}","templated":true}]}}