{"id":3270,"date":"2009-11-05T15:51:54","date_gmt":"2009-11-05T14:51:54","guid":{"rendered":"https:\/\/blogs.fu-berlin.de\/bibliotheken\/?p=3270"},"modified":"2009-11-05T15:59:28","modified_gmt":"2009-11-05T14:59:28","slug":"ausstellung-die-grosse-wende","status":"publish","type":"post","link":"https:\/\/blogs.fu-berlin.de\/bibliotheken\/2009\/11\/05\/ausstellung-die-grosse-wende\/","title":{"rendered":"Ausstellung: Die grosse Wende"},"content":{"rendered":"<p><img decoding=\"async\" src=\"https:\/\/www.ub.fu-berlin.de\/image\/neue_homepage\/plakate\/wende.jpg\" align=\"right\" hspace=\"3\">In der<a href=\"https:\/\/www.ub.fu-berlin.de\/service_neu\/ausstellung\/\"> Fotoausstellung zum 20. Jahrestag des Mauerfalls<\/a>, die vom 9. November 2009 bis zum 8. Januar 2010 im Foyer der Universit\u00e4tsbibliothek zu sehen ist, hat Ursula Eckertz-Popp, Fotografin an der Universit\u00e4tsbibliothek der Freien Universit\u00e4t Berlin, ihre Erfahrungen an der Berliner Mauer vor und w\u00e4hrend der Wendezeit fotografisch festgehalten.<\/p>\n<p>Parallel zu den Fotografien werden ausgew\u00e4hlte Buchtitel aus den Best\u00e4nden der Universit\u00e4tsbibliothek der Freien Universit\u00e4t Berlin zum Thema &#8222;Berliner Mauer&#8220; als Ort und Bauwerk gezeigt.<\/p>\n<p>Die Er\u00f6ffnung findet am Montag den 9. November um 17 Uhr statt.<br \/>\n<em>G\u00e4ste sind herzlich willkommen!!!<\/em> \ud83d\ude42<\/p>\n<p>Der Ausstellungskatalog kostet 3 Euro.<\/p>\n<p>Im 1. OG der Universit\u00e4tsbibliothek werden erg\u00e4nzend zahlreiche belletristische Werke aus dem Bestand der Universit\u00e4tsbibliothek pr\u00e4sentiert, die die Folgen des Mauerfalls und der Wiedervereinigung Deutschlands literarisch verarbeiten. Die B\u00fccher k\u00f6nnen dann im Januar wieder ausgeliehen werden.<\/p>\n","protected":false},"excerpt":{"rendered":"<p>In der Fotoausstellung zum 20. Jahrestag des Mauerfalls, die vom 9. November 2009 bis zum 8. Januar 2010 im Foyer der Universit\u00e4tsbibliothek zu sehen ist, hat Ursula Eckertz-Popp, Fotografin an der Universit\u00e4tsbibliothek der Freien Universit\u00e4t Berlin, ihre Erfahrungen an der Berliner Mauer vor und w\u00e4hrend der Wendezeit fotografisch festgehalten. Parallel zu den Fotografien werden ausgew\u00e4hlte &hellip; <a href=\"https:\/\/blogs.fu-berlin.de\/bibliotheken\/2009\/11\/05\/ausstellung-die-grosse-wende\/\" class=\"more-link\"><span class=\"screen-reader-text\">\u201eAusstellung: Die grosse Wende\u201c<\/span> weiterlesen<\/a><\/p>\n","protected":false},"author":265,"featured_media":0,"comment_status":"open","ping_status":"open","sticky":false,"template":"","format":"standard","meta":{"footnotes":""},"categories":[9],"tags":[],"class_list":["post-3270","post","type-post","status-publish","format-standard","hentry","category-allgemein"],"_links":{"self":[{"href":"https:\/\/blogs.fu-berlin.de\/bibliotheken\/wp-json\/wp\/v2\/posts\/3270","targetHints":{"allow":["GET"]}}],"collection":[{"href":"https:\/\/blogs.fu-berlin.de\/bibliotheken\/wp-json\/wp\/v2\/posts"}],"about":[{"href":"https:\/\/blogs.fu-berlin.de\/bibliotheken\/wp-json\/wp\/v2\/types\/post"}],"author":[{"embeddable":true,"href":"https:\/\/blogs.fu-berlin.de\/bibliotheken\/wp-json\/wp\/v2\/users\/265"}],"replies":[{"embeddable":true,"href":"https:\/\/blogs.fu-berlin.de\/bibliotheken\/wp-json\/wp\/v2\/comments?post=3270"}],"version-history":[{"count":12,"href":"https:\/\/blogs.fu-berlin.de\/bibliotheken\/wp-json\/wp\/v2\/posts\/3270\/revisions"}],"predecessor-version":[{"id":3291,"href":"https:\/\/blogs.fu-berlin.de\/bibliotheken\/wp-json\/wp\/v2\/posts\/3270\/revisions\/3291"}],"wp:attachment":[{"href":"https:\/\/blogs.fu-berlin.de\/bibliotheken\/wp-json\/wp\/v2\/media?parent=3270"}],"wp:term":[{"taxonomy":"category","embeddable":true,"href":"https:\/\/blogs.fu-berlin.de\/bibliotheken\/wp-json\/wp\/v2\/categories?post=3270"},{"taxonomy":"post_tag","embeddable":true,"href":"https:\/\/blogs.fu-berlin.de\/bibliotheken\/wp-json\/wp\/v2\/tags?post=3270"}],"curies":[{"name":"wp","href":"https:\/\/api.w.org\/{rel}","templated":true}]}}