{"id":32701,"date":"2024-02-14T12:41:18","date_gmt":"2024-02-14T11:41:18","guid":{"rendered":"https:\/\/blogs.fu-berlin.de\/bibliotheken\/?p=32701"},"modified":"2024-02-14T15:54:03","modified_gmt":"2024-02-14T14:54:03","slug":"neuer-zeitschriftenvertrag-mit-dem-verlag-taylor-francis","status":"publish","type":"post","link":"https:\/\/blogs.fu-berlin.de\/bibliotheken\/2024\/02\/14\/neuer-zeitschriftenvertrag-mit-dem-verlag-taylor-francis\/","title":{"rendered":"Neuer Zeitschriftenvertrag mit dem Verlag Taylor &amp; Francis"},"content":{"rendered":"\n<p>Ebenfalls zu Beginn dieses Jahres ist die Universit\u00e4tsbibliothek dem neuen, deutschlandweit geltenden Vertrag f\u00fcr Zeitschriften des Taylor &amp; Francis Verlages beigetreten. FU-Angeh\u00f6rige k\u00f6nnen nun auf mehrere hundert Zeitschriften <a rel=\"noreferrer noopener\" href=\"https:\/\/www.tandfonline.com\/\" data-type=\"URL\" data-id=\"https:\/\/www.tandfonline.com\/\" target=\"_blank\">zugreifen<\/a>. <\/p>\n\n\n\n<p>Gleichzeitig haben Wissenschaftler der Freien Universit\u00e4t Berlin die M\u00f6glichkeit, einfacher in Zeitschriften des Verlages zu <a href=\"https:\/\/www.fu-berlin.de\/sites\/open_access\/finanzierung-oa\/zeitschriftenartikel\/verlagsvereinbarungen\/index.html\">pub<\/a><a href=\"https:\/\/www.fu-berlin.de\/sites\/open_access\/finanzierung-oa\/zeitschriftenartikel\/verlagsvereinbarungen\/index.html#collapse_132823544_taylor_and_francis\">lizieren<\/a>.<\/p>\n\n\n\n<p>Dieses Posting wurde vom Team ERM der Universit\u00e4tsbibliothek ver\u00f6ffentlicht.<\/p>\n","protected":false},"excerpt":{"rendered":"<p>Ebenfalls zu Beginn dieses Jahres ist die Universit\u00e4tsbibliothek dem neuen, deutschlandweit geltenden Vertrag f\u00fcr Zeitschriften des Taylor &amp; Francis Verlages beigetreten. FU-Angeh\u00f6rige k\u00f6nnen nun auf mehrere hundert Zeitschriften zugreifen. Gleichzeitig haben Wissenschaftler der Freien Universit\u00e4t Berlin die M\u00f6glichkeit, einfacher in Zeitschriften des Verlages zu publizieren. Dieses Posting wurde vom Team ERM der Universit\u00e4tsbibliothek ver\u00f6ffentlicht.<\/p>\n","protected":false},"author":2106,"featured_media":0,"comment_status":"open","ping_status":"open","sticky":false,"template":"","format":"standard","meta":{"footnotes":""},"categories":[599,584805],"tags":[471630,1455],"class_list":["post-32701","post","type-post","status-publish","format-standard","hentry","category-bibliothekswesen","category-was-ist-neu","tag-read-and-publish","tag-taylor-francis"],"_links":{"self":[{"href":"https:\/\/blogs.fu-berlin.de\/bibliotheken\/wp-json\/wp\/v2\/posts\/32701","targetHints":{"allow":["GET"]}}],"collection":[{"href":"https:\/\/blogs.fu-berlin.de\/bibliotheken\/wp-json\/wp\/v2\/posts"}],"about":[{"href":"https:\/\/blogs.fu-berlin.de\/bibliotheken\/wp-json\/wp\/v2\/types\/post"}],"author":[{"embeddable":true,"href":"https:\/\/blogs.fu-berlin.de\/bibliotheken\/wp-json\/wp\/v2\/users\/2106"}],"replies":[{"embeddable":true,"href":"https:\/\/blogs.fu-berlin.de\/bibliotheken\/wp-json\/wp\/v2\/comments?post=32701"}],"version-history":[{"count":2,"href":"https:\/\/blogs.fu-berlin.de\/bibliotheken\/wp-json\/wp\/v2\/posts\/32701\/revisions"}],"predecessor-version":[{"id":32703,"href":"https:\/\/blogs.fu-berlin.de\/bibliotheken\/wp-json\/wp\/v2\/posts\/32701\/revisions\/32703"}],"wp:attachment":[{"href":"https:\/\/blogs.fu-berlin.de\/bibliotheken\/wp-json\/wp\/v2\/media?parent=32701"}],"wp:term":[{"taxonomy":"category","embeddable":true,"href":"https:\/\/blogs.fu-berlin.de\/bibliotheken\/wp-json\/wp\/v2\/categories?post=32701"},{"taxonomy":"post_tag","embeddable":true,"href":"https:\/\/blogs.fu-berlin.de\/bibliotheken\/wp-json\/wp\/v2\/tags?post=32701"}],"curies":[{"name":"wp","href":"https:\/\/api.w.org\/{rel}","templated":true}]}}