{"id":3271,"date":"2009-11-05T15:06:06","date_gmt":"2009-11-05T14:06:06","guid":{"rendered":"https:\/\/blogs.fu-berlin.de\/bibliotheken\/?p=3271"},"modified":"2009-11-05T15:19:02","modified_gmt":"2009-11-05T14:19:02","slug":"wikipedia-in-der-diskussion-%e2%80%93-am-05-11-2009","status":"publish","type":"post","link":"https:\/\/blogs.fu-berlin.de\/bibliotheken\/2009\/11\/05\/wikipedia-in-der-diskussion-%e2%80%93-am-05-11-2009\/","title":{"rendered":"Wikipedia in der Diskussion \u2013 am 05.11.2009"},"content":{"rendered":"<p><img decoding=\"async\" src=\"https:\/\/upload.wikimedia.org\/wikipedia\/commons\/thumb\/archive\/f\/f0\/20050606134022%21Wikipedia-logo-de.png\/98px-Wikipedia-logo-de.png\" alt=\"\" align=\"right\" \/>Kurzfristig noch ein Tipp des Tages: heute, um 18 Uhr findet eine Veranstaltung zum Thema <a href=\"https:\/\/blog.wikimedia.de\/2009\/10\/29\/relevanz-in-der-diskussion-was-kommt-eigentlich-in-die-wikipedia-und-was-nicht\/\">\u201eRelevanz in der Diskussion \u2013 Was kommt eigentlich in die Wikipedia und was nicht?\u201c<\/a> in den Berliner R\u00e4umlichkeiten des Vereins Wikimedia statt. Zwar sind die wenigen Pl\u00e4tze schon alle vergeben, jedoch kann man sich via <a href=\"https:\/\/blog.wikimedia.de\/2009\/11\/05\/stream-und-chat-fur-die-podiumsdiskussion-heute-abend\/\">Live-Video-Stream und \u2013Chat<\/a> beteiligen.<\/p>\n<p>Zusammen kommen Mitarbeiter der Online-Enzyklop\u00e4die, Blogger und Journalisten, die offen die Richtung des Projekts diskutieren wollen. Seit einigen Wochen l\u00e4uft im Internet eine teils heftig gef\u00fchrte Debatte um die Aufnahmekriterien der deutschsprachigen Wikipedia, nachdem ein bekannter Blogger kritisch \u00fcber die L\u00f6schung des Vereinsartikels \u201eMissbrauchsOpfer Gegen InternetSperren&#8220; (MOGiS) berichtet hatte \u2013 der Artikel war von einem Administrator aufgrund \u201efehlender Relevanz\u201c gel\u00f6scht worden.<\/p>\n<p>Die Nachricht verbreitete sich schnell in der deutschsprachigen Blogosph\u00e4re. Woran misst man Bedeutsamkeit? Wer darf in die Online-Enzyklop\u00e4die aufgenommen werden, wer nicht und warum? Zwischenzeitlich hat der einflussreiche Kritiker mit seinem Blog selbst <a href=\"https:\/\/de.wikipedia.org\/wiki\/Fefes_Blog\">einen Eintrag<\/a> in Wikipedia erhalten, was ebenso <a href=\"https:\/\/de.wikipedia.org\/wiki\/Wikipedia:L%C3%B6schkandidaten\/30._Oktober_2009#Fefes_Blog_.28erl..2C_bleibt.29\">viel diskutiert<\/a> wurde.<\/p>\n<p>In der deutschsprachigen Wikipedia sind es eine Reihe von  <a href=\"https:\/\/de.wikipedia.org\/wiki\/Wikipedia:Relevanzkriterien\">Relevanzkriterien<\/a>, die ma\u00dfgeblich den Ton angeben, jedoch teilt sich schon seit langer Zeit die Autorengemeinde in zwei Gruppen: jene, die m\u00f6glichst viele (gutgeschriebene) Artikel im Lexikon sehen wollen (die sogenannten \u201eInklusionisten\u201c) und der andere Teil (die \u201eExklusionisten\u201c), der f\u00fcr eine beschr\u00e4nkte Aufnahme ist.<\/p>\n<p>Der Ausgang der Diskussion verspricht auf alle F\u00e4lle spannend zu werden. Schon vor knapp einer Woche hat sich <a href=\"https:\/\/chaosradio.ccc.de\/cr151.html\">Chaosradio<\/a>, der Live-Talk des Berliner Chaos Computer Clubs, des Themas angenommen und einen Wikipedia-Administratoren und einen <a href=\"https:\/\/frank.geekheim.de\/?p=574\">Blogger<\/a> gemeinsam diskutieren lassen.<\/p>\n","protected":false},"excerpt":{"rendered":"<p>Kurzfristig noch ein Tipp des Tages: heute, um 18 Uhr findet eine Veranstaltung zum Thema \u201eRelevanz in der Diskussion \u2013 Was kommt eigentlich in die Wikipedia und was nicht?\u201c in den Berliner R\u00e4umlichkeiten des Vereins Wikimedia statt. Zwar sind die wenigen Pl\u00e4tze schon alle vergeben, jedoch kann man sich via Live-Video-Stream und \u2013Chat beteiligen. Zusammen &hellip; <a href=\"https:\/\/blogs.fu-berlin.de\/bibliotheken\/2009\/11\/05\/wikipedia-in-der-diskussion-%e2%80%93-am-05-11-2009\/\" class=\"more-link\"><span class=\"screen-reader-text\">\u201eWikipedia in der Diskussion \u2013 am 05.11.2009\u201c<\/span> weiterlesen<\/a><\/p>\n","protected":false},"author":293,"featured_media":0,"comment_status":"open","ping_status":"open","sticky":false,"template":"","format":"standard","meta":{"footnotes":""},"categories":[604,70],"tags":[1255,484],"class_list":["post-3271","post","type-post","status-publish","format-standard","hentry","category-ins-netz-geschaut","category-veranstaltungen","tag-relevanz","tag-wikipedia"],"_links":{"self":[{"href":"https:\/\/blogs.fu-berlin.de\/bibliotheken\/wp-json\/wp\/v2\/posts\/3271","targetHints":{"allow":["GET"]}}],"collection":[{"href":"https:\/\/blogs.fu-berlin.de\/bibliotheken\/wp-json\/wp\/v2\/posts"}],"about":[{"href":"https:\/\/blogs.fu-berlin.de\/bibliotheken\/wp-json\/wp\/v2\/types\/post"}],"author":[{"embeddable":true,"href":"https:\/\/blogs.fu-berlin.de\/bibliotheken\/wp-json\/wp\/v2\/users\/293"}],"replies":[{"embeddable":true,"href":"https:\/\/blogs.fu-berlin.de\/bibliotheken\/wp-json\/wp\/v2\/comments?post=3271"}],"version-history":[{"count":9,"href":"https:\/\/blogs.fu-berlin.de\/bibliotheken\/wp-json\/wp\/v2\/posts\/3271\/revisions"}],"predecessor-version":[{"id":3756,"href":"https:\/\/blogs.fu-berlin.de\/bibliotheken\/wp-json\/wp\/v2\/posts\/3271\/revisions\/3756"}],"wp:attachment":[{"href":"https:\/\/blogs.fu-berlin.de\/bibliotheken\/wp-json\/wp\/v2\/media?parent=3271"}],"wp:term":[{"taxonomy":"category","embeddable":true,"href":"https:\/\/blogs.fu-berlin.de\/bibliotheken\/wp-json\/wp\/v2\/categories?post=3271"},{"taxonomy":"post_tag","embeddable":true,"href":"https:\/\/blogs.fu-berlin.de\/bibliotheken\/wp-json\/wp\/v2\/tags?post=3271"}],"curies":[{"name":"wp","href":"https:\/\/api.w.org\/{rel}","templated":true}]}}