{"id":32735,"date":"2024-03-14T06:00:00","date_gmt":"2024-03-14T05:00:00","guid":{"rendered":"https:\/\/blogs.fu-berlin.de\/bibliotheken\/?p=32735"},"modified":"2024-03-14T07:43:16","modified_gmt":"2024-03-14T06:43:16","slug":"fachbibliothek-geschichts-kunstwissenschaften-geschlossen","status":"publish","type":"post","link":"https:\/\/blogs.fu-berlin.de\/bibliotheken\/2024\/03\/14\/fachbibliothek-geschichts-kunstwissenschaften-geschlossen\/","title":{"rendered":"Fachbibliothek Geschichts- und Kunstwissenschaften bleibt vom 18.\u201322. M\u00e4rz 2024 geschlossen"},"content":{"rendered":"\n<p>Aus internen Gr\u00fcnden bleibt die <a href=\"https:\/\/www.geschkult.fu-berlin.de\/e\/fmi\/bibliothek\/index.html\">Fachbibliothek Geschichts- und Kunstwissenschaften<\/a> (Koserstr. 20) in der 12. Kalenderwoche (18.\u201322. M\u00e4rz 2024) f\u00fcr den Publikumsverkehr geschlossen. Anfragen per E-Mail und Digitalisierungsauftr\u00e4ge werden in diesem Zeitraum weiterhin bearbeitet.<\/p>\n\n\n\n<p>F\u00e4lligkeiten, die in diese Woche fallen, werden auf den n\u00e4chsten \u00d6ffnungtag verschoben. Die R\u00fcckgabe von FU-Medien ist in <a href=\"https:\/\/www.fu-berlin.de\/sites\/ub\/standorte\/index.html\">allen Leihstellen<\/a> der Freien Universit\u00e4t Berlin au\u00dfer in den Bibliotheken der Charit\u00e9 m\u00f6glich. Fernleihen m\u00fcssen in der <a href=\"https:\/\/www.fu-berlin.de\/sites\/ub\">Zentralbibliothek<\/a> (Garystr. 39) zur\u00fcckgegeben werden.<\/p>\n\n\n\n<p>Wir bitten um Ihr Verst\u00e4ndnis.<\/p>\n\n\n\n<p class=\"has-small-font-size\">(Bildquelle: Hubert Graml)<\/p>\n","protected":false},"excerpt":{"rendered":"<p>Aus internen Gr\u00fcnden bleibt die Fachbibliothek Geschichts- und Kunstwissenschaften (Koserstr. 20) in der 12. Kalenderwoche (18.\u201322. M\u00e4rz 2024) f\u00fcr den Publikumsverkehr geschlossen. Anfragen per E-Mail und Digitalisierungsauftr\u00e4ge werden in diesem Zeitraum weiterhin bearbeitet. F\u00e4lligkeiten, die in diese Woche fallen, werden auf den n\u00e4chsten \u00d6ffnungtag verschoben. Die R\u00fcckgabe von FU-Medien ist in allen Leihstellen der Freien &hellip; <a href=\"https:\/\/blogs.fu-berlin.de\/bibliotheken\/2024\/03\/14\/fachbibliothek-geschichts-kunstwissenschaften-geschlossen\/\" class=\"more-link\"><span class=\"screen-reader-text\">\u201eFachbibliothek Geschichts- und Kunstwissenschaften bleibt vom 18.\u201322. M\u00e4rz 2024 geschlossen\u201c<\/span> weiterlesen<\/a><\/p>\n","protected":false},"author":293,"featured_media":31591,"comment_status":"open","ping_status":"open","sticky":false,"template":"","format":"standard","meta":{"footnotes":""},"categories":[9],"tags":[457908,237774],"class_list":["post-32735","post","type-post","status-publish","format-standard","has-post-thumbnail","hentry","category-allgemein","tag-fachbibliothek-geschichts-und-kunstwissenschaften","tag-sonderschliesszeiten"],"_links":{"self":[{"href":"https:\/\/blogs.fu-berlin.de\/bibliotheken\/wp-json\/wp\/v2\/posts\/32735","targetHints":{"allow":["GET"]}}],"collection":[{"href":"https:\/\/blogs.fu-berlin.de\/bibliotheken\/wp-json\/wp\/v2\/posts"}],"about":[{"href":"https:\/\/blogs.fu-berlin.de\/bibliotheken\/wp-json\/wp\/v2\/types\/post"}],"author":[{"embeddable":true,"href":"https:\/\/blogs.fu-berlin.de\/bibliotheken\/wp-json\/wp\/v2\/users\/293"}],"replies":[{"embeddable":true,"href":"https:\/\/blogs.fu-berlin.de\/bibliotheken\/wp-json\/wp\/v2\/comments?post=32735"}],"version-history":[{"count":9,"href":"https:\/\/blogs.fu-berlin.de\/bibliotheken\/wp-json\/wp\/v2\/posts\/32735\/revisions"}],"predecessor-version":[{"id":32753,"href":"https:\/\/blogs.fu-berlin.de\/bibliotheken\/wp-json\/wp\/v2\/posts\/32735\/revisions\/32753"}],"wp:featuredmedia":[{"embeddable":true,"href":"https:\/\/blogs.fu-berlin.de\/bibliotheken\/wp-json\/wp\/v2\/media\/31591"}],"wp:attachment":[{"href":"https:\/\/blogs.fu-berlin.de\/bibliotheken\/wp-json\/wp\/v2\/media?parent=32735"}],"wp:term":[{"taxonomy":"category","embeddable":true,"href":"https:\/\/blogs.fu-berlin.de\/bibliotheken\/wp-json\/wp\/v2\/categories?post=32735"},{"taxonomy":"post_tag","embeddable":true,"href":"https:\/\/blogs.fu-berlin.de\/bibliotheken\/wp-json\/wp\/v2\/tags?post=32735"}],"curies":[{"name":"wp","href":"https:\/\/api.w.org\/{rel}","templated":true}]}}