{"id":32786,"date":"2024-04-09T19:00:00","date_gmt":"2024-04-09T18:00:00","guid":{"rendered":"https:\/\/blogs.fu-berlin.de\/bibliotheken\/?p=32786"},"modified":"2024-04-10T08:57:39","modified_gmt":"2024-04-10T07:57:39","slug":"umgang-mit-arsenbelasteten-buechern-aus-dem-19-jahrhundert-in-der-universitaetsbibliothek","status":"publish","type":"post","link":"https:\/\/blogs.fu-berlin.de\/bibliotheken\/2024\/04\/09\/umgang-mit-arsenbelasteten-buechern-aus-dem-19-jahrhundert-in-der-universitaetsbibliothek\/","title":{"rendered":"Umgang mit arsenbelasteten B\u00fcchern aus dem 19. Jahrhundert in der Universit\u00e4tsbibliothek"},"content":{"rendered":"\n<p>In den letzten Wochen wurde in den Medien viel \u00fcber die Belastung von B\u00fcchern aus dem 19. Jahrhundert mit Arsen berichtet.<\/p>\n\n\n\n<p>Hintergrund ist die Verwendung von Schweinfurter Gr\u00fcn bei der Einf\u00e4rbung von Einb\u00e4nden, Buchschnitten, Titelschildern sowie in Druck- oder Handkolorierungen von Illustrationen im 19. Jahrhundert. <a href=\"https:\/\/de.wikipedia.org\/wiki\/Schweinfurter_Gr%C3%BCn\">Schweinfurter Gr\u00fcn<\/a> wurde 1805 entwickelt und enth\u00e4lt Arsen. Seit 1882 darf es in Deutschland nicht mehr als F\u00e4rbemittel verwendet und seit 1887 nicht mehr in w\u00e4ssrigen Bindemitteln und in Pastell verarbeitet werden. Die Verwendung von arsenhaltigen Farben betrifft nur einen Teil der im 19. Jahrhundert ver\u00f6ffentlichten B\u00fccher.<\/p>\n\n\n\n<p>Aktuell lassen mehrere Bibliotheken in Deutschland ihre Best\u00e4nde auf diese arsenhaltige Farbe testen. Zudem haben die betreffenden H\u00e4user auch den Zugriff auf Medien mit Erscheinungsjahren zwischen 1800 und 1900 tempor\u00e4r eingeschr\u00e4nkt. Auch in den Bibliotheken der Freien Universit\u00e4t Berlin gibt es viele B\u00fccher aus dem 19. Jahrhundert. Wahrscheinlich ist davon ein Teil arsenbelastet.<\/p>\n\n\n\n<p>Die m\u00f6gliche Gesundheitsgef\u00e4hrdung, die von den betroffenen B\u00fcchern ausgeht, ist nach <a href=\"https:\/\/www.bibliotheksverband.de\/sites\/default\/files\/2024-01\/ArsenHandreichung2023-12-08.pdf\">derzeitigem Kenntnisstand als gering<\/a> einzustufen. Die Universit\u00e4tsbibliothek der Freien Universit\u00e4t wird deshalb die betroffenen Best\u00e4nde weiterhin f\u00fcr die Benutzung an unseren Standorten zur Verf\u00fcgung stellen.<\/p>\n\n\n\n<p>Dennoch empfiehlt es sich, einige einfache Grundregeln beim Umgang mit B\u00fcchern aus dem 19. Jahrhundert einzuhalten, um unn\u00f6tige Gesundheitsrisiken zu vermeiden. Hierzu geh\u00f6rt eine ausgiebige Handhygiene vor und nach der Benutzung alter B\u00fccher. Zudem ist das Tragen von Handschuhen beim Arbeiten mit alten B\u00fcchern sehr zu empfehlen. Sollten Sie also zuk\u00fcnftig B\u00fccher aus dem 19. Jahrhundert in unseren H\u00e4usern nutzen wollen, werden wir Ihnen Handschuhe daf\u00fcr anbieten. Nat\u00fcrlich k\u00f6nnen Sie auch Handschuhe f\u00fcr die Nutzung anderer alter B\u00fccher erhalten.<\/p>\n\n\n\n<p>Wir beobachten die aktuellen Entwicklungen zu diesem Thema weiterhin, werden unsere Ma\u00dfnahmen fortlaufend anpassen und dar\u00fcber informieren.<\/p>\n\n\n\n<p><strong>Text: <a href=\"https:\/\/www.fu-berlin.de\/sites\/ub\/ueber-uns\/team\/narewski\/index.html\">Ringo Narewski<\/a> und <a href=\"https:\/\/www.fu-berlin.de\/sites\/ub\/ueber-uns\/team\/kowalak\/index.html\">Mario Kowalak<\/a> (Universit\u00e4tsbibliothek)<\/strong><\/p>\n\n\n\n<p class=\"has-small-font-size\">(Bildquelle: <a href=\"https:\/\/pixabay.com\/de\/photos\/b%C3%BCcher-alt-antiquit%C3%A4t-literatur-4812032\/\">pixabay.com<\/a>)<\/p>\n","protected":false},"excerpt":{"rendered":"<p>In letzter Zeit wurde viel \u00fcber die Belastung von B\u00fcchern aus dem 19. Jahrhundert mit Arsen berichtet. Zwar ist nach derzeitigem Kenntnisstand eine m\u00f6gliche Gesundheitsgef\u00e4hrung als gering einzustufen, dennoch m\u00f6chten wir Sie mit einigen einfachen Grundregeln vertraut machen.<\/p>\n","protected":false},"author":293,"featured_media":32788,"comment_status":"open","ping_status":"open","sticky":false,"template":"","format":"standard","meta":{"footnotes":""},"categories":[9,599],"tags":[3022,584818,1945,582,584819],"class_list":["post-32786","post","type-post","status-publish","format-standard","has-post-thumbnail","hentry","category-allgemein","category-bibliothekswesen","tag-19-jahrhundert","tag-arsen","tag-benutzung","tag-bucher","tag-schweinfurter-gruen"],"_links":{"self":[{"href":"https:\/\/blogs.fu-berlin.de\/bibliotheken\/wp-json\/wp\/v2\/posts\/32786","targetHints":{"allow":["GET"]}}],"collection":[{"href":"https:\/\/blogs.fu-berlin.de\/bibliotheken\/wp-json\/wp\/v2\/posts"}],"about":[{"href":"https:\/\/blogs.fu-berlin.de\/bibliotheken\/wp-json\/wp\/v2\/types\/post"}],"author":[{"embeddable":true,"href":"https:\/\/blogs.fu-berlin.de\/bibliotheken\/wp-json\/wp\/v2\/users\/293"}],"replies":[{"embeddable":true,"href":"https:\/\/blogs.fu-berlin.de\/bibliotheken\/wp-json\/wp\/v2\/comments?post=32786"}],"version-history":[{"count":5,"href":"https:\/\/blogs.fu-berlin.de\/bibliotheken\/wp-json\/wp\/v2\/posts\/32786\/revisions"}],"predecessor-version":[{"id":32803,"href":"https:\/\/blogs.fu-berlin.de\/bibliotheken\/wp-json\/wp\/v2\/posts\/32786\/revisions\/32803"}],"wp:featuredmedia":[{"embeddable":true,"href":"https:\/\/blogs.fu-berlin.de\/bibliotheken\/wp-json\/wp\/v2\/media\/32788"}],"wp:attachment":[{"href":"https:\/\/blogs.fu-berlin.de\/bibliotheken\/wp-json\/wp\/v2\/media?parent=32786"}],"wp:term":[{"taxonomy":"category","embeddable":true,"href":"https:\/\/blogs.fu-berlin.de\/bibliotheken\/wp-json\/wp\/v2\/categories?post=32786"},{"taxonomy":"post_tag","embeddable":true,"href":"https:\/\/blogs.fu-berlin.de\/bibliotheken\/wp-json\/wp\/v2\/tags?post=32786"}],"curies":[{"name":"wp","href":"https:\/\/api.w.org\/{rel}","templated":true}]}}