{"id":32806,"date":"2024-04-11T13:24:53","date_gmt":"2024-04-11T12:24:53","guid":{"rendered":"https:\/\/blogs.fu-berlin.de\/bibliotheken\/?p=32806"},"modified":"2024-04-11T13:24:53","modified_gmt":"2024-04-11T12:24:53","slug":"servus-an-unseren-bibliotheksdirektor","status":"publish","type":"post","link":"https:\/\/blogs.fu-berlin.de\/bibliotheken\/2024\/04\/11\/servus-an-unseren-bibliotheksdirektor\/","title":{"rendered":"Servus an unseren Bibliotheksdirektor"},"content":{"rendered":"\n<figure class=\"wp-block-image size-full\"><img loading=\"lazy\" decoding=\"async\" width=\"1300\" height=\"867\" src=\"https:\/\/blogs.fu-berlin.de\/bibliotheken\/files\/2024\/04\/Andreas-Brandtner-_PKI3692.jpg\" alt=\"\" class=\"wp-image-32811\" srcset=\"https:\/\/blogs.fu-berlin.de\/bibliotheken\/files\/2024\/04\/Andreas-Brandtner-_PKI3692.jpg 1300w, https:\/\/blogs.fu-berlin.de\/bibliotheken\/files\/2024\/04\/Andreas-Brandtner-_PKI3692-300x200.jpg 300w, https:\/\/blogs.fu-berlin.de\/bibliotheken\/files\/2024\/04\/Andreas-Brandtner-_PKI3692-1200x800.jpg 1200w\" sizes=\"auto, (max-width: 709px) 85vw, (max-width: 909px) 67vw, (max-width: 1362px) 62vw, 840px\" \/><figcaption>Dr. Andreas Brandtner im Lesesaal der Zentralbibliothek<br>Bildquelle: Bernd Wannenmacher<\/figcaption><\/figure>\n\n\n\n<p>Ende M\u00e4rz 2024 hat Dr. Andreas Brandtner die Universit\u00e4tsbibliothek der Freien Universit\u00e4t verlassen. Der geb\u00fcrtige \u00d6sterreicher leitet ab April die <a href=\"https:\/\/bibliothek.univie.ac.at\/\" target=\"_blank\" rel=\"noreferrer noopener\">UB Wien<\/a>, wo er von 2005 bis 2010 bereits die stellvertretende Leitung innehatte.<br><br>Im Jahr 2018 hatte Dr. Brandtner die Stelle als leitender Direktor der Universit\u00e4tsbibliothek der Freien Universit\u00e4t angetreten. Mit hoher fachlicher Kompetenz hat er das Organisationsentwicklungs-Projekt <a href=\"https:\/\/www.fu-berlin.de\/sites\/ub\/ueber-uns\/wandel\/index.html\" target=\"_blank\" rel=\"noreferrer noopener\">Wandel@FU-Bib<\/a> initiiert und umgesetzt. Die Organisationsstruktur wurde modernisiert, die Services in den Vordergrund gestellt. Ihm war wichtig, dass die UB m\u00f6glichst gut auf die Bedarfe und Interessen der Forschenden, Lehrenden und Studierenden ausgerichtet ist, wobei sein Fokus auf der Forschungsunterst\u00fctzung lag. <br>In seine Amtszeit fiel auch die COVID-19-Pandemie, in der er die UB mit Augenma\u00df und unbeirrter Gelassenheit durch schwierige Zeiten gef\u00fchrt hat. Er engagierte sich stark in internationalen Netzwerken, kn\u00fcpfte zahlreiche Kontakte ins Ausland und brachte Kolleg*innen aus verschiedenen L\u00e4ndern zusammen, um voneinander zu lernen.<br><br>Wir w\u00fcnschen Dr. Andreas Brandtner f\u00fcr seine berufliche Zukunft alles Gute und freuen uns auf k\u00fcnftige Kooperationen zwischen den Universit\u00e4tsbibliotheken der FU Berlin und der Universit\u00e4t Wien.<br><br>Bis zur Neubesetzung der Stelle werden <a rel=\"noreferrer noopener\" href=\"https:\/\/www.fu-berlin.de\/sites\/ub\/ueber-uns\/team\/blinten\/index.html\" target=\"_blank\">Benjamin Blinten<\/a> und <a rel=\"noreferrer noopener\" href=\"https:\/\/www.fu-berlin.de\/sites\/ub\/ueber-uns\/team\/tatai\/index.html\" target=\"_blank\">Dr. Andrea Tatai <\/a>gemeinsam die UB leiten.<\/p>\n","protected":false},"excerpt":{"rendered":"<p>Ende M\u00e4rz 2024 hat Dr. Andreas Brandtner die Universit\u00e4tsbibliothek der Freien Universit\u00e4t verlassen. Der geb\u00fcrtige \u00d6sterreicher leitet ab April die UB Wien, wo er von 2005 bis 2010 bereits die stellvertretende Leitung innehatte. Im Jahr 2018 hatte Dr. Brandtner die Stelle als leitender Direktor der Universit\u00e4tsbibliothek der Freien Universit\u00e4t angetreten. Mit hoher fachlicher Kompetenz hat &hellip; <a href=\"https:\/\/blogs.fu-berlin.de\/bibliotheken\/2024\/04\/11\/servus-an-unseren-bibliotheksdirektor\/\" class=\"more-link\"><span class=\"screen-reader-text\">\u201eServus an unseren Bibliotheksdirektor\u201c<\/span> weiterlesen<\/a><\/p>\n","protected":false},"author":1427,"featured_media":0,"comment_status":"open","ping_status":"open","sticky":false,"template":"","format":"standard","meta":{"footnotes":""},"categories":[9,599,457816,601,584805],"tags":[1472,584820,584821],"class_list":["post-32806","post","type-post","status-publish","format-standard","hentry","category-allgemein","category-bibliothekswesen","category-lehr-lernservices","category-universitatsbibliothek","category-was-ist-neu","tag-bibliotheksdirektor","tag-leitung","tag-organisationsentwicklung"],"_links":{"self":[{"href":"https:\/\/blogs.fu-berlin.de\/bibliotheken\/wp-json\/wp\/v2\/posts\/32806","targetHints":{"allow":["GET"]}}],"collection":[{"href":"https:\/\/blogs.fu-berlin.de\/bibliotheken\/wp-json\/wp\/v2\/posts"}],"about":[{"href":"https:\/\/blogs.fu-berlin.de\/bibliotheken\/wp-json\/wp\/v2\/types\/post"}],"author":[{"embeddable":true,"href":"https:\/\/blogs.fu-berlin.de\/bibliotheken\/wp-json\/wp\/v2\/users\/1427"}],"replies":[{"embeddable":true,"href":"https:\/\/blogs.fu-berlin.de\/bibliotheken\/wp-json\/wp\/v2\/comments?post=32806"}],"version-history":[{"count":3,"href":"https:\/\/blogs.fu-berlin.de\/bibliotheken\/wp-json\/wp\/v2\/posts\/32806\/revisions"}],"predecessor-version":[{"id":32813,"href":"https:\/\/blogs.fu-berlin.de\/bibliotheken\/wp-json\/wp\/v2\/posts\/32806\/revisions\/32813"}],"wp:attachment":[{"href":"https:\/\/blogs.fu-berlin.de\/bibliotheken\/wp-json\/wp\/v2\/media?parent=32806"}],"wp:term":[{"taxonomy":"category","embeddable":true,"href":"https:\/\/blogs.fu-berlin.de\/bibliotheken\/wp-json\/wp\/v2\/categories?post=32806"},{"taxonomy":"post_tag","embeddable":true,"href":"https:\/\/blogs.fu-berlin.de\/bibliotheken\/wp-json\/wp\/v2\/tags?post=32806"}],"curies":[{"name":"wp","href":"https:\/\/api.w.org\/{rel}","templated":true}]}}