{"id":32876,"date":"2024-05-06T08:03:39","date_gmt":"2024-05-06T07:03:39","guid":{"rendered":"https:\/\/blogs.fu-berlin.de\/bibliotheken\/?p=32876"},"modified":"2024-05-06T08:03:39","modified_gmt":"2024-05-06T07:03:39","slug":"neuer-themenfilm-geschichte-mit-pflanzen-das-herbar-willdenow","status":"publish","type":"post","link":"https:\/\/blogs.fu-berlin.de\/bibliotheken\/2024\/05\/06\/neuer-themenfilm-geschichte-mit-pflanzen-das-herbar-willdenow\/","title":{"rendered":"Neuer Themenfilm: &#8222;Geschichte mit Pflanzen \u2013 Das Herbar Willdenow&#8220;"},"content":{"rendered":"\n<figure class=\"wp-block-gallery has-nested-images columns-default is-cropped wp-block-gallery-1 is-layout-flex wp-block-gallery-is-layout-flex\">\n<figure class=\"wp-block-image size-large\"><img loading=\"lazy\" decoding=\"async\" width=\"2560\" height=\"1920\" data-id=\"32888\" src=\"https:\/\/blogs.fu-berlin.de\/bibliotheken\/files\/2024\/04\/willdenow_c00_eg000_720p-scaled.jpg\" alt=\"\" class=\"wp-image-32888\" srcset=\"https:\/\/blogs.fu-berlin.de\/bibliotheken\/files\/2024\/04\/willdenow_c00_eg000_720p-scaled.jpg 2560w, https:\/\/blogs.fu-berlin.de\/bibliotheken\/files\/2024\/04\/willdenow_c00_eg000_720p-300x225.jpg 300w, https:\/\/blogs.fu-berlin.de\/bibliotheken\/files\/2024\/04\/willdenow_c00_eg000_720p-1536x1152.jpg 1536w, https:\/\/blogs.fu-berlin.de\/bibliotheken\/files\/2024\/04\/willdenow_c00_eg000_720p-2048x1536.jpg 2048w, https:\/\/blogs.fu-berlin.de\/bibliotheken\/files\/2024\/04\/willdenow_c00_eg000_720p-1200x900.jpg 1200w\" sizes=\"auto, (max-width: 709px) 85vw, (max-width: 909px) 67vw, (max-width: 1362px) 62vw, 840px\" \/><figcaption>Blick auf die Ordner mit den Original-Bl\u00e4ttern des Herbar Willdenow in den  R\u00e4umen des Botanischen Gartens<\/figcaption><\/figure>\n\n\n\n<figure class=\"wp-block-image size-large\"><img loading=\"lazy\" decoding=\"async\" width=\"1727\" height=\"973\" data-id=\"32889\" src=\"https:\/\/blogs.fu-berlin.de\/bibliotheken\/files\/2024\/04\/Herbar.png\" alt=\"\" class=\"wp-image-32889\" srcset=\"https:\/\/blogs.fu-berlin.de\/bibliotheken\/files\/2024\/04\/Herbar.png 1727w, https:\/\/blogs.fu-berlin.de\/bibliotheken\/files\/2024\/04\/Herbar-300x169.png 300w, https:\/\/blogs.fu-berlin.de\/bibliotheken\/files\/2024\/04\/Herbar-1536x865.png 1536w, https:\/\/blogs.fu-berlin.de\/bibliotheken\/files\/2024\/04\/Herbar-1200x676.png 1200w\" sizes=\"auto, (max-width: 709px) 85vw, (max-width: 909px) 67vw, (max-width: 1362px) 62vw, 840px\" \/><figcaption>Screenshot aus dem Interview mit Dr. Walter Lack<\/figcaption><\/figure>\n<\/figure>\n\n\n\n<p>Die Geschichte der Freien Universit\u00e4t Berlin begann vergleichsweise sp\u00e4t: 1948. Sie setzt aber Wissenschaftstraditionen fort, die sich in Berlin schon vor Jahrhunderten entwickelten. Die Sammlung von Carl Ludwig Willdenow etwa geh\u00f6rt seit \u00fcber 200 Jahren zum Bestand des Botanischen Gartens und bietet eine F\u00fclle von Material, an dem immer noch geforscht wird.<br><br>Von diesem Herbar erz\u00e4hlt Professor Dr. Walter Lack, der als Direktor den Botanischen Garten und das Botanische Museum leitete und am Fachbereich Biologie der Freien Universit\u00e4t lehrte. <br>Der neue Themenfilm findet sich online in der Ausstellung \u201eErlebte Geschichte\u201c unter:  <a rel=\"noreferrer noopener\" href=\"https:\/\/erlebte-geschichte.fu-berlin.de\/themen\/forschung\/geschichte-mit-pflanzen-das-herbar-willdenow\" target=\"_blank\">https:\/\/erlebte-geschichte.fu-berlin.de\/themen\/forschung\/geschichte-mit-pflanzen-das-herbar-willdenow<\/a>  <br><\/p>\n","protected":false},"excerpt":{"rendered":"<p>Die Geschichte der Freien Universit\u00e4t Berlin begann vergleichsweise sp\u00e4t: 1948. Sie setzt aber Wissenschaftstraditionen fort, die sich in Berlin schon vor Jahrhunderten entwickelten. Die Sammlung von Carl Ludwig Willdenow etwa geh\u00f6rt seit \u00fcber 200 Jahren zum Bestand des Botanischen Gartens und bietet eine F\u00fclle von Material, an dem immer noch geforscht wird. Von diesem Herbar &hellip; <a href=\"https:\/\/blogs.fu-berlin.de\/bibliotheken\/2024\/05\/06\/neuer-themenfilm-geschichte-mit-pflanzen-das-herbar-willdenow\/\" class=\"more-link\"><span class=\"screen-reader-text\">\u201eNeuer Themenfilm: &#8222;Geschichte mit Pflanzen \u2013 Das Herbar Willdenow&#8220;\u201c<\/span> weiterlesen<\/a><\/p>\n","protected":false},"author":1427,"featured_media":0,"comment_status":"open","ping_status":"open","sticky":false,"template":"","format":"standard","meta":{"footnotes":""},"categories":[9,604,457816,493,601,457834,603,584805],"tags":[636,637,457916,471620,74,457897,2593],"class_list":["post-32876","post","type-post","status-publish","format-standard","hentry","category-allgemein","category-ins-netz-geschaut","category-lehr-lernservices","category-recherchetipps","category-universitatsbibliothek","category-universitaetssammlungen","category-vorgestellt","category-was-ist-neu","tag-botanischer-garten","tag-botanisches-museum","tag-digitale-interviewsammlungen","tag-erlebte-geschichte","tag-freie-universitat-berlin","tag-interview-archiv","tag-oral-history"],"_links":{"self":[{"href":"https:\/\/blogs.fu-berlin.de\/bibliotheken\/wp-json\/wp\/v2\/posts\/32876","targetHints":{"allow":["GET"]}}],"collection":[{"href":"https:\/\/blogs.fu-berlin.de\/bibliotheken\/wp-json\/wp\/v2\/posts"}],"about":[{"href":"https:\/\/blogs.fu-berlin.de\/bibliotheken\/wp-json\/wp\/v2\/types\/post"}],"author":[{"embeddable":true,"href":"https:\/\/blogs.fu-berlin.de\/bibliotheken\/wp-json\/wp\/v2\/users\/1427"}],"replies":[{"embeddable":true,"href":"https:\/\/blogs.fu-berlin.de\/bibliotheken\/wp-json\/wp\/v2\/comments?post=32876"}],"version-history":[{"count":2,"href":"https:\/\/blogs.fu-berlin.de\/bibliotheken\/wp-json\/wp\/v2\/posts\/32876\/revisions"}],"predecessor-version":[{"id":32890,"href":"https:\/\/blogs.fu-berlin.de\/bibliotheken\/wp-json\/wp\/v2\/posts\/32876\/revisions\/32890"}],"wp:attachment":[{"href":"https:\/\/blogs.fu-berlin.de\/bibliotheken\/wp-json\/wp\/v2\/media?parent=32876"}],"wp:term":[{"taxonomy":"category","embeddable":true,"href":"https:\/\/blogs.fu-berlin.de\/bibliotheken\/wp-json\/wp\/v2\/categories?post=32876"},{"taxonomy":"post_tag","embeddable":true,"href":"https:\/\/blogs.fu-berlin.de\/bibliotheken\/wp-json\/wp\/v2\/tags?post=32876"}],"curies":[{"name":"wp","href":"https:\/\/api.w.org\/{rel}","templated":true}]}}