{"id":32954,"date":"2024-06-04T10:06:31","date_gmt":"2024-06-04T09:06:31","guid":{"rendered":"https:\/\/blogs.fu-berlin.de\/bibliotheken\/?p=32954"},"modified":"2024-06-17T08:46:50","modified_gmt":"2024-06-17T07:46:50","slug":"in-europa-vernetzt-die-welt-zu-gast-liber-journees-an-der-universitaetsbibliothek","status":"publish","type":"post","link":"https:\/\/blogs.fu-berlin.de\/bibliotheken\/2024\/06\/04\/in-europa-vernetzt-die-welt-zu-gast-liber-journees-an-der-universitaetsbibliothek\/","title":{"rendered":"In Europa vernetzt \u2013 die Welt zu Gast: LIBER Journ\u00e9es an der Universit\u00e4tsbibliothek"},"content":{"rendered":"\n<figure class=\"wp-block-gallery has-nested-images columns-default is-cropped wp-block-gallery-1 is-layout-flex wp-block-gallery-is-layout-flex\">\n<figure class=\"wp-block-image size-large\"><img loading=\"lazy\" decoding=\"async\" width=\"2560\" height=\"1703\" data-id=\"32957\" src=\"https:\/\/blogs.fu-berlin.de\/bibliotheken\/files\/2024\/05\/2024-05-29-LIBER-Journees-0521-scaled.jpg\" alt=\"\" class=\"wp-image-32957\" srcset=\"https:\/\/blogs.fu-berlin.de\/bibliotheken\/files\/2024\/05\/2024-05-29-LIBER-Journees-0521-scaled.jpg 2560w, https:\/\/blogs.fu-berlin.de\/bibliotheken\/files\/2024\/05\/2024-05-29-LIBER-Journees-0521-300x200.jpg 300w, https:\/\/blogs.fu-berlin.de\/bibliotheken\/files\/2024\/05\/2024-05-29-LIBER-Journees-0521-1536x1022.jpg 1536w, https:\/\/blogs.fu-berlin.de\/bibliotheken\/files\/2024\/05\/2024-05-29-LIBER-Journees-0521-2048x1362.jpg 2048w, https:\/\/blogs.fu-berlin.de\/bibliotheken\/files\/2024\/05\/2024-05-29-LIBER-Journees-0521-1200x798.jpg 1200w\" sizes=\"auto, (max-width: 709px) 85vw, (max-width: 909px) 67vw, (max-width: 1362px) 62vw, 840px\" \/><figcaption>Fotograf: B. Wannemacher<\/figcaption><\/figure>\n\n\n\n<figure class=\"wp-block-image size-large\"><img loading=\"lazy\" decoding=\"async\" width=\"1703\" height=\"2560\" data-id=\"32958\" src=\"https:\/\/blogs.fu-berlin.de\/bibliotheken\/files\/2024\/05\/2024-05-29-LIBER-Journees-1972-scaled.jpg\" alt=\"\" class=\"wp-image-32958\" srcset=\"https:\/\/blogs.fu-berlin.de\/bibliotheken\/files\/2024\/05\/2024-05-29-LIBER-Journees-1972-scaled.jpg 1703w, https:\/\/blogs.fu-berlin.de\/bibliotheken\/files\/2024\/05\/2024-05-29-LIBER-Journees-1972-200x300.jpg 200w, https:\/\/blogs.fu-berlin.de\/bibliotheken\/files\/2024\/05\/2024-05-29-LIBER-Journees-1972-1022x1536.jpg 1022w, https:\/\/blogs.fu-berlin.de\/bibliotheken\/files\/2024\/05\/2024-05-29-LIBER-Journees-1972-1362x2048.jpg 1362w, https:\/\/blogs.fu-berlin.de\/bibliotheken\/files\/2024\/05\/2024-05-29-LIBER-Journees-1972-1200x1804.jpg 1200w\" sizes=\"auto, (max-width: 709px) 85vw, (max-width: 909px) 67vw, (max-width: 1362px) 62vw, 840px\" \/><figcaption>Fotograf: B. Wannemacher<\/figcaption><\/figure>\n\n\n\n<figure class=\"wp-block-image size-large\"><img loading=\"lazy\" decoding=\"async\" width=\"2560\" height=\"1703\" data-id=\"32960\" src=\"https:\/\/blogs.fu-berlin.de\/bibliotheken\/files\/2024\/05\/2024-05-29-LIBER-Journees-0539-scaled.jpg\" alt=\"\" class=\"wp-image-32960\" srcset=\"https:\/\/blogs.fu-berlin.de\/bibliotheken\/files\/2024\/05\/2024-05-29-LIBER-Journees-0539-scaled.jpg 2560w, https:\/\/blogs.fu-berlin.de\/bibliotheken\/files\/2024\/05\/2024-05-29-LIBER-Journees-0539-300x200.jpg 300w, https:\/\/blogs.fu-berlin.de\/bibliotheken\/files\/2024\/05\/2024-05-29-LIBER-Journees-0539-1536x1022.jpg 1536w, https:\/\/blogs.fu-berlin.de\/bibliotheken\/files\/2024\/05\/2024-05-29-LIBER-Journees-0539-2048x1362.jpg 2048w, https:\/\/blogs.fu-berlin.de\/bibliotheken\/files\/2024\/05\/2024-05-29-LIBER-Journees-0539-1200x798.jpg 1200w\" sizes=\"auto, (max-width: 709px) 85vw, (max-width: 909px) 67vw, (max-width: 1362px) 62vw, 840px\" \/><figcaption>Fotograf: B. Wannemacher<\/figcaption><\/figure>\n\n\n\n<figure class=\"wp-block-image size-large\"><img loading=\"lazy\" decoding=\"async\" width=\"2560\" height=\"1703\" data-id=\"32959\" src=\"https:\/\/blogs.fu-berlin.de\/bibliotheken\/files\/2024\/05\/2024-05-29-LIBER-Journees-1978-scaled.jpg\" alt=\"\" class=\"wp-image-32959\" srcset=\"https:\/\/blogs.fu-berlin.de\/bibliotheken\/files\/2024\/05\/2024-05-29-LIBER-Journees-1978-scaled.jpg 2560w, https:\/\/blogs.fu-berlin.de\/bibliotheken\/files\/2024\/05\/2024-05-29-LIBER-Journees-1978-300x200.jpg 300w, https:\/\/blogs.fu-berlin.de\/bibliotheken\/files\/2024\/05\/2024-05-29-LIBER-Journees-1978-1536x1022.jpg 1536w, https:\/\/blogs.fu-berlin.de\/bibliotheken\/files\/2024\/05\/2024-05-29-LIBER-Journees-1978-2048x1362.jpg 2048w, https:\/\/blogs.fu-berlin.de\/bibliotheken\/files\/2024\/05\/2024-05-29-LIBER-Journees-1978-1200x798.jpg 1200w\" sizes=\"auto, (max-width: 709px) 85vw, (max-width: 909px) 67vw, (max-width: 1362px) 62vw, 840px\" \/><figcaption>Teilnehmende der LIBER Journ\u00e9es 2024. Fotograf: Bernd Wannemacher<\/figcaption><\/figure>\n<\/figure>\n\n\n\n<p><\/p>\n\n\n\n<p>Vom 29. bis zum 31. Mai fanden in Berlin die <a rel=\"noreferrer noopener\" href=\"https:\/\/libereurope.eu\/event\/liber-journees-for-library-directors\/\" target=\"_blank\">LIBER Journ\u00e9es 2024<\/a> statt. Die Konferenz ist Teil des Leadership Programms der <a rel=\"noreferrer noopener\" href=\"https:\/\/libereurope.eu\/\" target=\"_blank\">Ligue des Biblioth\u00e8ques Europ\u00e9ennes de Recherche (LIBER)<\/a> und fand dieses Jahr zum ersten Mal an einer deutschen Gastbibliothek statt.<\/p>\n\n\n\n<p>Die LIBER setzt sich als europaweite Interessenvertretung f\u00fcr die Vernetzung Wissenschaftlicher Bibliotheken ein. Ihr geh\u00f6ren \u00fcber 420 Einrichtungen aus 40 europ\u00e4ischen L\u00e4ndern an. Ziel der diesj\u00e4hrigen Konferenz war es, Bibliotheksleitungen mit internationalen, angesehenen Speaker*innen zum Thema \u201eTrusted Leadership in Challenging Times\u201c in Dialog zu bringen.<\/p>\n\n\n\n<p>In sechs Sessions beleuchteten die eingeladenen Referent*innen &#8211; unter ihnen auch G\u00fcnter M. Ziegler, Pr\u00e4sident der Freien Universit\u00e4t Berlin &#8211; die Bedeutung und das Verh\u00e4ltnis von Vertrauen und F\u00fchrung. Universit\u00e4ten und Wissenschaftliche Bibliotheken stehen vor gro\u00dfen Transformationsherausforderungen: Die Arbeitswelt und auch das Lernverhalten ver\u00e4ndern sich rasant. Gesellschaftliche Spannungen nehmen zu und werden ebenso wie politische Konflikte in die Institutionen hineingetragen. Multiple Krisenph\u00e4nomene und dynamische Wandlungsprozesse bewirken einen konstant hohen Ver\u00e4nderungsdruck.<\/p>\n\n\n\n<p>Beispiele von Vortragenden aus verschiedenen L\u00e4ndern verdeutlichten dies:  In USA versuchen bestimmte politische Akteur*innen bspw. vermehrt, auf juristischem Weg <em>Book Bans<\/em> gegen aus ihrer Sicht obsz\u00f6ne Inhalte zu erwirken. Bibliotheken sind von dieser Praxis unmittelbar negativ betroffen. In der Ukraine m\u00fcssen Bibliotheken unter den Bedingungen des russischen Angriffskrieges f\u00fcr ihre Nutzenden da sein und helfen, den universit\u00e4ren Lehr- und Lernbetrieb aufrecht zu erhalten. In Deutschland und vielen anderen L\u00e4ndern ringen Bibliotheken um den richtigen Umgang mit  Auseinandersetzungen und zum Teil destruktiven Protesten, die die Hochschullandschaft im Zuge des eskalierten Nahostkonflikts erfasst haben. <\/p>\n\n\n\n<p>Die R\u00fcckkopplung der Vortragsinhalte auf die Praxiserfahrung der Teilnehmenden erfolgte in moderierten Diskussionen, die kontrovers und konstruktiv verliefen. Die thematische Bandbreite der verschiedenen Sessions zeigte eindr\u00fccklich, dass die Anforderungen an vertrauensstiftende und auf Vertrauen gr\u00fcndende F\u00fchrung im Bibliothekswesen hoch sind und Leadership in einem volatilen Umfeld gelingen muss. Die LIBER Journ\u00e9es 2024 hat unter anderem gezeigt, dass \u201eTrusted Leadership\u201c in herausfordernden Zeiten mehr denn je zur Notwendigkeit wird. <\/p>\n\n\n\n<p>Wir danken unseren Besucher*innen f\u00fcr die drei spannenden Tage, f\u00fcr viele  Denkanst\u00f6\u00dfe und wunderbare neue Vernetzung. <\/p>\n\n\n\n<hr class=\"wp-block-separator has-alpha-channel-opacity\" \/>\n\n\n\n<p><strong>\u201cConnected in Europe \u2013 hosting the world: LIBER Journ\u00e9es at Freie Universit\u00e4t Berlin\u2019s University Library<\/strong><\/p>\n\n\n\n<p>From 29 to 31 May 2024, the University Library of Freie Universit\u00e4t Berlin hosted the fourth LIBER Journ\u00e9es. The conference is part of the Leadership Programme of <a href=\"https:\/\/libereurope.eu\/\" data-type=\"URL\" data-id=\"https:\/\/libereurope.eu\/\">LIBER (Ligue des Biblioth\u00e8ques Europ\u00e9ennes de Recherche)<\/a> and took place at a German host library for the first time in 2024.<\/p>\n\n\n\n<p>Under the theme &#8222;Trusted Leadership in Challenging Times&#8220;, library directors from all over Europe discussed the interplay of trust and leadership in turbulent times facing universities and academic libraries today and in the future. Internationally renowned speakers \u2013 including Prof. Dr G\u00fcnter Ziegler, President of Freie Universit\u00e4t Berlin \u2013 joined the conference. <\/p>\n\n\n\n<p>We would like to thank our visitors for those three exciting days, for many thought-provoking ideas and wonderful new networks.<\/p>\n\n\n\n<p><strong>Text:&nbsp;<a href=\"https:\/\/www.fu-berlin.de\/sites\/ub\/ueber-uns\/team\/katz\/index.html\" data-type=\"URL\" data-id=\"https:\/\/www.fu-berlin.de\/sites\/ub\/ueber-uns\/team\/katz\/index.html\" target=\"_blank\" rel=\"noreferrer noopener\">Dr. Julian Katz<\/a><\/strong><\/p>\n","protected":false},"excerpt":{"rendered":"<p>Vom 29. bis zum 31. Mai fanden in Berlin die LIBER Journ\u00e9es 2024 statt. Die Konferenz ist Teil des Leadership Programms der Ligue des Biblioth\u00e8ques Europ\u00e9ennes de Recherche (LIBER) und fand dieses Jahr zum ersten Mal an einer deutschen Gastbibliothek statt. Die LIBER setzt sich als europaweite Interessenvertretung f\u00fcr die Vernetzung Wissenschaftlicher Bibliotheken ein. Ihr &hellip; <a href=\"https:\/\/blogs.fu-berlin.de\/bibliotheken\/2024\/06\/04\/in-europa-vernetzt-die-welt-zu-gast-liber-journees-an-der-universitaetsbibliothek\/\" class=\"more-link\"><span class=\"screen-reader-text\">\u201eIn Europa vernetzt \u2013 die Welt zu Gast: LIBER Journ\u00e9es an der Universit\u00e4tsbibliothek\u201c<\/span> weiterlesen<\/a><\/p>\n","protected":false},"author":1427,"featured_media":0,"comment_status":"open","ping_status":"open","sticky":false,"template":"","format":"standard","meta":{"footnotes":""},"categories":[9,599,600,601,70,603],"tags":[584843,1418,40536],"class_list":["post-32954","post","type-post","status-publish","format-standard","hentry","category-allgemein","category-bibliothekswesen","category-fachbibliotheken","category-universitatsbibliothek","category-veranstaltungen","category-vorgestellt","tag-internationalitaet","tag-konferenz","tag-vernetzung"],"_links":{"self":[{"href":"https:\/\/blogs.fu-berlin.de\/bibliotheken\/wp-json\/wp\/v2\/posts\/32954","targetHints":{"allow":["GET"]}}],"collection":[{"href":"https:\/\/blogs.fu-berlin.de\/bibliotheken\/wp-json\/wp\/v2\/posts"}],"about":[{"href":"https:\/\/blogs.fu-berlin.de\/bibliotheken\/wp-json\/wp\/v2\/types\/post"}],"author":[{"embeddable":true,"href":"https:\/\/blogs.fu-berlin.de\/bibliotheken\/wp-json\/wp\/v2\/users\/1427"}],"replies":[{"embeddable":true,"href":"https:\/\/blogs.fu-berlin.de\/bibliotheken\/wp-json\/wp\/v2\/comments?post=32954"}],"version-history":[{"count":9,"href":"https:\/\/blogs.fu-berlin.de\/bibliotheken\/wp-json\/wp\/v2\/posts\/32954\/revisions"}],"predecessor-version":[{"id":32987,"href":"https:\/\/blogs.fu-berlin.de\/bibliotheken\/wp-json\/wp\/v2\/posts\/32954\/revisions\/32987"}],"wp:attachment":[{"href":"https:\/\/blogs.fu-berlin.de\/bibliotheken\/wp-json\/wp\/v2\/media?parent=32954"}],"wp:term":[{"taxonomy":"category","embeddable":true,"href":"https:\/\/blogs.fu-berlin.de\/bibliotheken\/wp-json\/wp\/v2\/categories?post=32954"},{"taxonomy":"post_tag","embeddable":true,"href":"https:\/\/blogs.fu-berlin.de\/bibliotheken\/wp-json\/wp\/v2\/tags?post=32954"}],"curies":[{"name":"wp","href":"https:\/\/api.w.org\/{rel}","templated":true}]}}