{"id":32956,"date":"2024-06-13T09:02:00","date_gmt":"2024-06-13T08:02:00","guid":{"rendered":"https:\/\/blogs.fu-berlin.de\/bibliotheken\/?p=32956"},"modified":"2024-06-14T07:53:29","modified_gmt":"2024-06-14T06:53:29","slug":"beteiligung-an-der-langen-nacht-der-wissenschaften","status":"publish","type":"post","link":"https:\/\/blogs.fu-berlin.de\/bibliotheken\/2024\/06\/13\/beteiligung-an-der-langen-nacht-der-wissenschaften\/","title":{"rendered":"Beteiligung an der Langen Nacht der Wissenschaften"},"content":{"rendered":"\n<p>Lesungen, Experimentierst\u00e4nde, Vortr\u00e4ge und eine Sommernachtsparty: der 22. Juni wird bunt!<\/p>\n\n\n\n<figure class=\"wp-block-image size-full\"><img loading=\"lazy\" decoding=\"async\" width=\"1080\" height=\"1080\" src=\"https:\/\/blogs.fu-berlin.de\/bibliotheken\/files\/2024\/06\/LndW-Beitrag.png\" alt=\"\" class=\"wp-image-32967\" srcset=\"https:\/\/blogs.fu-berlin.de\/bibliotheken\/files\/2024\/06\/LndW-Beitrag.png 1080w, https:\/\/blogs.fu-berlin.de\/bibliotheken\/files\/2024\/06\/LndW-Beitrag-300x300.png 300w, https:\/\/blogs.fu-berlin.de\/bibliotheken\/files\/2024\/06\/LndW-Beitrag-150x150.png 150w\" sizes=\"auto, (max-width: 709px) 85vw, (max-width: 909px) 67vw, (max-width: 1362px) 62vw, 840px\" \/><\/figure>\n\n\n\n<p><br>Mehr als 200 Angebote erwarten kleine und gro\u00dfe Abenteurer*innen w\u00e4hrend der <a rel=\"noreferrer noopener\" href=\"https:\/\/www.fu-berlin.de\/sites\/langenacht\/index.html\" data-type=\"URL\" data-id=\"https:\/\/www.fu-berlin.de\/sites\/langenacht\/index.html\" target=\"_blank\">Langen Nacht der Wissenschaften an der Freien Universit\u00e4t<\/a>. Auch die Universit\u00e4tsbibliothek gibt an verschiedenen Standorten kreative Einblicke in ihre Arbeit:&nbsp;<\/p>\n\n\n\n<p><strong>Philologische Bibliothek<\/strong><br>19 &#8211; 20 Uhr: <a rel=\"noreferrer noopener\" href=\"https:\/\/www.fu-berlin.de\/sites\/langenacht\/programm\/bibs\/bibliotheken1.html\" target=\"_blank\">Lesung<\/a>&nbsp;von Dr. Nora Goldenbogen&nbsp;&#8211; Seit ich wei\u00df, dass Du lebst<br>20.30 &#8211; 21.30 Uhr: <a rel=\"noreferrer noopener\" href=\"https:\/\/www.fu-berlin.de\/sites\/langenacht\/programm\/bibs\/bibliotheken2.html\" target=\"_blank\">Lesung<\/a> von Anja Schindler &#8211; Die drei Leben des Meir Schwartz &#8211; Das Schicksal meines Vaters<\/p>\n\n\n\n<p><strong>Campusbibliothek<\/strong><br>Ausstellung <a rel=\"noreferrer noopener\" href=\"https:\/\/www.fu-berlin.de\/sites\/langenacht\/programm\/geschkult\/geschkult4.html\" target=\"_blank\">Four Women \u2013 Four Stories<\/a>, Altbau Ebene 3\u00a0<br>Ausstellung\u00a0<a href=\"https:\/\/www.fu-berlin.de\/presse\/informationen\/fup\/2023\/fup_23_167-ex-libris-ausstellung-archaeologie\/index.html\" target=\"_blank\" rel=\"noreferrer noopener\">Das verborgene Leben der B\u00fccher<\/a>, Altbau Ebene 2 und 3<\/p>\n\n\n\n<p>A<strong>da Lovelace Center for Digital Humanities (ADA)&nbsp;und&nbsp;Dahlem Humanities Center (DHC)&nbsp;<\/strong><br><a href=\"https:\/\/www.ada.fu-berlin.de\/kalender\/LNDW2024.html\">Interaktive St\u00e4nde, Gl\u00fccksrad, Kurzpr\u00e4sentationen und Sommerfest mit Cocktailbar und Musik<\/a>: Theaterhof und&nbsp;H\u00f6rsaal 1a (Habelschwerdter Allee 45\u201a \u201aRostlaube\u2018, zwischen KL26 und KL29).<\/p>\n","protected":false},"excerpt":{"rendered":"<p>Lesungen, Experimentierst\u00e4nde, Vortr\u00e4ge und eine Sommernachtsparty: der 22. Juni wird bunt! Mehr als 200 Angebote erwarten kleine und gro\u00dfe Abenteurer*innen w\u00e4hrend der Langen Nacht der Wissenschaften an der Freien Universit\u00e4t. Auch die Universit\u00e4tsbibliothek gibt an verschiedenen Standorten kreative Einblicke in ihre Arbeit:&nbsp; Philologische Bibliothek19 &#8211; 20 Uhr: Lesung&nbsp;von Dr. Nora Goldenbogen&nbsp;&#8211; Seit ich wei\u00df, dass &hellip; <a href=\"https:\/\/blogs.fu-berlin.de\/bibliotheken\/2024\/06\/13\/beteiligung-an-der-langen-nacht-der-wissenschaften\/\" class=\"more-link\"><span class=\"screen-reader-text\">\u201eBeteiligung an der Langen Nacht der Wissenschaften\u201c<\/span> weiterlesen<\/a><\/p>\n","protected":false},"author":1427,"featured_media":0,"comment_status":"open","ping_status":"open","sticky":false,"template":"","format":"standard","meta":{"footnotes":""},"categories":[9,601,70],"tags":[772],"class_list":["post-32956","post","type-post","status-publish","format-standard","hentry","category-allgemein","category-universitatsbibliothek","category-veranstaltungen","tag-lange-nacht-der-wissenschaften"],"_links":{"self":[{"href":"https:\/\/blogs.fu-berlin.de\/bibliotheken\/wp-json\/wp\/v2\/posts\/32956","targetHints":{"allow":["GET"]}}],"collection":[{"href":"https:\/\/blogs.fu-berlin.de\/bibliotheken\/wp-json\/wp\/v2\/posts"}],"about":[{"href":"https:\/\/blogs.fu-berlin.de\/bibliotheken\/wp-json\/wp\/v2\/types\/post"}],"author":[{"embeddable":true,"href":"https:\/\/blogs.fu-berlin.de\/bibliotheken\/wp-json\/wp\/v2\/users\/1427"}],"replies":[{"embeddable":true,"href":"https:\/\/blogs.fu-berlin.de\/bibliotheken\/wp-json\/wp\/v2\/comments?post=32956"}],"version-history":[{"count":5,"href":"https:\/\/blogs.fu-berlin.de\/bibliotheken\/wp-json\/wp\/v2\/posts\/32956\/revisions"}],"predecessor-version":[{"id":32984,"href":"https:\/\/blogs.fu-berlin.de\/bibliotheken\/wp-json\/wp\/v2\/posts\/32956\/revisions\/32984"}],"wp:attachment":[{"href":"https:\/\/blogs.fu-berlin.de\/bibliotheken\/wp-json\/wp\/v2\/media?parent=32956"}],"wp:term":[{"taxonomy":"category","embeddable":true,"href":"https:\/\/blogs.fu-berlin.de\/bibliotheken\/wp-json\/wp\/v2\/categories?post=32956"},{"taxonomy":"post_tag","embeddable":true,"href":"https:\/\/blogs.fu-berlin.de\/bibliotheken\/wp-json\/wp\/v2\/tags?post=32956"}],"curies":[{"name":"wp","href":"https:\/\/api.w.org\/{rel}","templated":true}]}}