{"id":33087,"date":"2024-08-05T16:00:10","date_gmt":"2024-08-05T15:00:10","guid":{"rendered":"https:\/\/blogs.fu-berlin.de\/bibliotheken\/?p=33087"},"modified":"2024-08-08T11:13:57","modified_gmt":"2024-08-08T10:13:57","slug":"learn-move-sinnvolle-pausen-auf-dem-bluehenden-campus","status":"publish","type":"post","link":"https:\/\/blogs.fu-berlin.de\/bibliotheken\/2024\/08\/05\/learn-move-sinnvolle-pausen-auf-dem-bluehenden-campus\/","title":{"rendered":"Sinnvolle Pausen auf dem Bl\u00fchenden Campus"},"content":{"rendered":"\n<p>Bewegungsangebote in der Bibliothek k\u00f6nnen die geistige Leistungsf\u00e4higkeit steigern. Aktive Pausen an der frischen Luft sorgen f\u00fcr mehr Wohlbefinden und Konzentration. Auf den <a href=\"https:\/\/www.fu-berlin.de\/sites\/nachhaltigkeit\/handlungsfelder\/campus\/biodiversitaet\/bluehendercampus\/index.html\" data-type=\"URL\" data-id=\"https:\/\/www.fu-berlin.de\/sites\/nachhaltigkeit\/handlungsfelder\/campus\/biodiversitaet\/bluehendercampus\/index.html\">Fl\u00e4chen des Bl\u00fchenden Campus<\/a> nahe den Bibliotheken k\u00f6nnen kurze Lernunterbrechungen zum Beispiel f\u00fcr wichtige Schmetterlingsbeobachtungen genutzt werden. Vorkenntnisse braucht es nicht. <\/p>\n\n\n\n<figure class=\"wp-block-image size-full is-resized is-style-rounded\"><img loading=\"lazy\" decoding=\"async\" src=\"https:\/\/blogs.fu-berlin.de\/bibliotheken\/files\/2024\/08\/Tagfalter_Vivien.jpg\" alt=\"\" class=\"wp-image-33089\" width=\"431\" height=\"575\" srcset=\"https:\/\/blogs.fu-berlin.de\/bibliotheken\/files\/2024\/08\/Tagfalter_Vivien.jpg 1536w, https:\/\/blogs.fu-berlin.de\/bibliotheken\/files\/2024\/08\/Tagfalter_Vivien-225x300.jpg 225w, https:\/\/blogs.fu-berlin.de\/bibliotheken\/files\/2024\/08\/Tagfalter_Vivien-1152x1536.jpg 1152w, https:\/\/blogs.fu-berlin.de\/bibliotheken\/files\/2024\/08\/Tagfalter_Vivien-1200x1600.jpg 1200w\" sizes=\"auto, (max-width: 431px) 85vw, 431px\" \/><\/figure>\n\n\n\n<p>Die Freie Universit\u00e4t hat das Jahr 2024 zum \u201e<a href=\"https:\/\/www.fu-berlin.de\/themen\/biodiversitaet\/index.html\" data-type=\"URL\" data-id=\"https:\/\/www.fu-berlin.de\/themen\/biodiversitaet\/index.html\">Jahr der Biodiversit\u00e4t<\/a>\u201c ausgerufen. \u201eMit dem Jahr der Biodiversit\u00e4t setzt die Universit\u00e4t ein starkes Zeichen f\u00fcr den Schutz und die F\u00f6rderung der biologischen Vielfalt. Die Initiative unterstreicht die Bedeutung von Biodiversit\u00e4t f\u00fcr die \u00d6kosysteme, die menschliche Gesundheit und das Wohlbefinden.\u201c <a id=\"_ftnref1\" href=\"#_ftn1\">[1]<\/a><\/p>\n\n\n\n<p>Auf den Bl\u00fchwiesen neben der <a href=\"https:\/\/www.wiwiss.fu-berlin.de\/bibliothek\/index.html\" data-type=\"URL\" data-id=\"https:\/\/www.wiwiss.fu-berlin.de\/bibliothek\/index.html\">Fachbibliothek Wirtschaftswissenschaft <\/a>und der <a href=\"https:\/\/www.jura.fu-berlin.de\/bibliothek\/index.html\" data-type=\"URL\" data-id=\"https:\/\/www.jura.fu-berlin.de\/bibliothek\/index.html\">Fachbibliothek Rechtswissenschaft <\/a>kann man wunderbar abschalten und entspannen. An sonnigen und windstillen Tagen tummeln sich dort vielf\u00e4ltige  Insekten und Schmetterlinge. Welche Falterarten sind es genau? Um das herauszufinden, l\u00e4sst sich das Erfassen der biologischen Vielfalt mit einer 15-min\u00fctigen Beobachtung gut unterst\u00fctzen.  <\/p>\n\n\n\n<p>Die Schmetterlingsz\u00e4hlungen und ihr Eintrag in die \u201e<a href=\"https:\/\/www.vielfaltergarten.de\/mitmachen\/die-vielfaltergarten-app\/\" data-type=\"URL\" data-id=\"https:\/\/www.vielfaltergarten.de\/mitmachen\/die-vielfaltergarten-app\/\">VielFalterGartenApp<\/a>\u201c sind ein wichtiger Beitrag zur Forschung &amp; zum Schutz von Artenvielfalt.<\/p>\n\n\n\n<hr class=\"wp-block-separator has-alpha-channel-opacity\" \/>\n\n\n\n<p>Wie funktioniert das? <br>Hierzu gibt es in den Bibliotheken ein Merkblatt (siehe Abbildung) &#8211; bitte an der Leihstelle erfragen. <\/p>\n\n\n\n<figure class=\"wp-block-image size-full\"><img loading=\"lazy\" decoding=\"async\" width=\"590\" height=\"846\" src=\"https:\/\/blogs.fu-berlin.de\/bibliotheken\/files\/2024\/08\/grafik.png\" alt=\"\" class=\"wp-image-33095\" srcset=\"https:\/\/blogs.fu-berlin.de\/bibliotheken\/files\/2024\/08\/grafik.png 590w, https:\/\/blogs.fu-berlin.de\/bibliotheken\/files\/2024\/08\/grafik-209x300.png 209w\" sizes=\"auto, (max-width: 590px) 85vw, 590px\" \/><\/figure>\n\n\n\n<p><\/p>\n\n\n\n<p>\u201eWin-Win\u201c f\u00fcr beide Seiten: Die aktive Unterbrechung vom Lernen f\u00f6rdert Motivation &amp; Aufmerksamkeit im Studium. Der Aufenthalt in der (Stadt-) Natur sorgt f\u00fcr Wohlbefinden und neuen Elan. Und: Die Beobachtungsergebnisse flie\u00dfen in wichtige Forschungsdaten ein. <br>Das Projekt <a rel=\"noreferrer noopener\" href=\"https:\/\/vielfaltergarten.de\/das-projekt\" target=\"_blank\">VielFalterGarten<\/a> ist eine Initiative das Landes Berlin, des <a href=\"https:\/\/www.ufz.de\/tagfalter-monitoring\/index.php?de=41795\" data-type=\"URL\" data-id=\"https:\/\/www.ufz.de\/tagfalter-monitoring\/index.php?de=41795\">Helmholtz Zentrums f\u00fcr Umweltforschung<\/a> und des <a href=\"https:\/\/www.idiv.de\/de\" data-type=\"URL\" data-id=\"https:\/\/www.idiv.de\/de\">Deutschen Zentrums f\u00fcr integrative Biodiversit\u00e4tsforschung (IDiv)<\/a>. Wir unterst\u00fctzen es durch die AG <a href=\"https:\/\/www.fu-berlin.de\/sites\/ub\/ueber-uns\/nachhaltigkeit\/greenfubiballeinfos\/index.html\" data-type=\"URL\" data-id=\"https:\/\/www.fu-berlin.de\/sites\/ub\/ueber-uns\/nachhaltigkeit\/greenfubiballeinfos\/index.html\">GreenFUBib<\/a> der Universit\u00e4tsbibliothek und mit Hilfe der Fachbibliotheken <a rel=\"noreferrer noopener\" href=\"https:\/\/www.jura.fu-berlin.de\/bibliothek\/index.html\" target=\"_blank\">Rechtswissenschaft<\/a> und <a rel=\"noreferrer noopener\" href=\"https:\/\/www.wiwiss.fu-berlin.de\/bibliothek\/index.html\" target=\"_blank\">Wirtschaftswissenschaft<\/a>.<\/p>\n\n\n\n<hr class=\"wp-block-separator has-alpha-channel-opacity\" \/>\n\n\n\n<p><a id=\"_ftn1\" href=\"#_ftnref1\">[1]<\/a> Webseite: Jahr der Biodiversit\u00e4t an der Freien Universit\u00e4t Berlin: <a href=\"https:\/\/www.fu-berlin.de\/themen\/biodiversitaet\/index.html\">https:\/\/www.fu-berlin.de\/themen\/biodiversitaet\/index.html<\/a> (letzter Aufruf am 05.08.2024).<\/p>\n\n\n\n<p><\/p>\n","protected":false},"excerpt":{"rendered":"<p>Bewegungsangebote in der Bibliothek k\u00f6nnen die geistige Leistungsf\u00e4higkeit steigern. Aktive Pausen an der frischen Luft sorgen f\u00fcr mehr Wohlbefinden und Konzentration. Auf den Fl\u00e4chen des Bl\u00fchenden Campus nahe den Bibliotheken k\u00f6nnen kurze Lernunterbrechungen zum Beispiel f\u00fcr wichtige Schmetterlingsbeobachtungen genutzt werden. Vorkenntnisse braucht es nicht. Die Freie Universit\u00e4t hat das Jahr 2024 zum \u201eJahr der Biodiversit\u00e4t\u201c &hellip; <a href=\"https:\/\/blogs.fu-berlin.de\/bibliotheken\/2024\/08\/05\/learn-move-sinnvolle-pausen-auf-dem-bluehenden-campus\/\" class=\"more-link\"><span class=\"screen-reader-text\">\u201eSinnvolle Pausen auf dem Bl\u00fchenden Campus\u201c<\/span> weiterlesen<\/a><\/p>\n","protected":false},"author":5902,"featured_media":0,"comment_status":"open","ping_status":"open","sticky":false,"template":"","format":"standard","meta":{"footnotes":""},"categories":[9,599,601,603,584805],"tags":[196703,584855,196553,368602,368750,368753,584839,2678,584856,584858,17005],"class_list":["post-33087","post","type-post","status-publish","format-standard","hentry","category-allgemein","category-bibliothekswesen","category-universitatsbibliothek","category-vorgestellt","category-was-ist-neu","tag-17-ziele-fuer-nachhaltige-entwicklung","tag-citizien-science","tag-forschungsdaten","tag-green-library","tag-greenfubib","tag-gruene-bibliothek","tag-jahr-der-biodiversitaet","tag-nachhaltigkeit","tag-natur-mensch-beziehung","tag-stadtoekologie","tag-well-being"],"_links":{"self":[{"href":"https:\/\/blogs.fu-berlin.de\/bibliotheken\/wp-json\/wp\/v2\/posts\/33087","targetHints":{"allow":["GET"]}}],"collection":[{"href":"https:\/\/blogs.fu-berlin.de\/bibliotheken\/wp-json\/wp\/v2\/posts"}],"about":[{"href":"https:\/\/blogs.fu-berlin.de\/bibliotheken\/wp-json\/wp\/v2\/types\/post"}],"author":[{"embeddable":true,"href":"https:\/\/blogs.fu-berlin.de\/bibliotheken\/wp-json\/wp\/v2\/users\/5902"}],"replies":[{"embeddable":true,"href":"https:\/\/blogs.fu-berlin.de\/bibliotheken\/wp-json\/wp\/v2\/comments?post=33087"}],"version-history":[{"count":13,"href":"https:\/\/blogs.fu-berlin.de\/bibliotheken\/wp-json\/wp\/v2\/posts\/33087\/revisions"}],"predecessor-version":[{"id":33113,"href":"https:\/\/blogs.fu-berlin.de\/bibliotheken\/wp-json\/wp\/v2\/posts\/33087\/revisions\/33113"}],"wp:attachment":[{"href":"https:\/\/blogs.fu-berlin.de\/bibliotheken\/wp-json\/wp\/v2\/media?parent=33087"}],"wp:term":[{"taxonomy":"category","embeddable":true,"href":"https:\/\/blogs.fu-berlin.de\/bibliotheken\/wp-json\/wp\/v2\/categories?post=33087"},{"taxonomy":"post_tag","embeddable":true,"href":"https:\/\/blogs.fu-berlin.de\/bibliotheken\/wp-json\/wp\/v2\/tags?post=33087"}],"curies":[{"name":"wp","href":"https:\/\/api.w.org\/{rel}","templated":true}]}}