{"id":33104,"date":"2024-08-07T07:48:34","date_gmt":"2024-08-07T06:48:34","guid":{"rendered":"https:\/\/blogs.fu-berlin.de\/bibliotheken\/?p=33104"},"modified":"2024-09-16T07:09:02","modified_gmt":"2024-09-16T06:09:02","slug":"neue-leitung-der-universitaetsbibliothek-gesucht","status":"publish","type":"post","link":"https:\/\/blogs.fu-berlin.de\/bibliotheken\/2024\/08\/07\/neue-leitung-der-universitaetsbibliothek-gesucht\/","title":{"rendered":"Neue Leitung der Universit\u00e4tsbibliothek gesucht!"},"content":{"rendered":"\n<p>Die Universit\u00e4tsbibliothek der Freien Universit\u00e4t Berlin sucht eine neue Leitung. Ab sofort k\u00f6nnen sich interessierte und qualifizierte Personen auf die Direktionsstelle im S\u00fcdwesten Berlins bewerben. <\/p>\n\n\n\n<p>Mit 14 Standorten f\u00fcr etwa 37.500 Studierende und 4000 Wissenschaftler*innen ist die Universit\u00e4tsbibliothek zust\u00e4ndig f\u00fcr die Vermittlung von Informationen, Literatur und Services f\u00fcr Forschung, Lehre und Studium und geh\u00f6rt zu den gr\u00f6\u00dften Universit\u00e4tsbibliotheken Deutschlands. Wir stellen dabei physische und virtuelle Lern- und Kommunikationsr\u00e4ume bereit, um analog und digital Begegnung und Austausch zu erm\u00f6glichen. <\/p>\n\n\n\n<p>Wenn Ihr Interesse geweckt ist, finden Sie auf<a href=\"https:\/\/www.fu-berlin.de\/sites\/ub\/ueber-uns\/stellen\/index.html\"> unserer Webseite alle weiteren Informationen zur Stelle<\/a>. <\/p>\n","protected":false},"excerpt":{"rendered":"<p>Die Universit\u00e4tsbibliothek der Freien Universit\u00e4t Berlin sucht eine neue Leitung. Ab sofort k\u00f6nnen sich interessierte und qualifizierte Personen auf die Direktionsstelle im S\u00fcdwesten Berlins bewerben. Mit 14 Standorten f\u00fcr etwa 37.500 Studierende und 4000 Wissenschaftler*innen ist die Universit\u00e4tsbibliothek zust\u00e4ndig f\u00fcr die Vermittlung von Informationen, Literatur und Services f\u00fcr Forschung, Lehre und Studium und geh\u00f6rt zu &hellip; <a href=\"https:\/\/blogs.fu-berlin.de\/bibliotheken\/2024\/08\/07\/neue-leitung-der-universitaetsbibliothek-gesucht\/\" class=\"more-link\"><span class=\"screen-reader-text\">\u201eNeue Leitung der Universit\u00e4tsbibliothek gesucht!\u201c<\/span> weiterlesen<\/a><\/p>\n","protected":false},"author":3230,"featured_media":33105,"comment_status":"open","ping_status":"open","sticky":false,"template":"","format":"standard","meta":{"footnotes":""},"categories":[9,601],"tags":[584863,364805,584862,210570,584860,584861,471627,2362],"class_list":["post-33104","post","type-post","status-publish","format-standard","has-post-thumbnail","hentry","category-allgemein","category-universitatsbibliothek","tag-anstellung","tag-arbeitsplatz","tag-beschaeftigungsverhaeltnis","tag-bewerbung","tag-direktion","tag-position","tag-stellenanzeiger","tag-stellenausschreibung"],"_links":{"self":[{"href":"https:\/\/blogs.fu-berlin.de\/bibliotheken\/wp-json\/wp\/v2\/posts\/33104","targetHints":{"allow":["GET"]}}],"collection":[{"href":"https:\/\/blogs.fu-berlin.de\/bibliotheken\/wp-json\/wp\/v2\/posts"}],"about":[{"href":"https:\/\/blogs.fu-berlin.de\/bibliotheken\/wp-json\/wp\/v2\/types\/post"}],"author":[{"embeddable":true,"href":"https:\/\/blogs.fu-berlin.de\/bibliotheken\/wp-json\/wp\/v2\/users\/3230"}],"replies":[{"embeddable":true,"href":"https:\/\/blogs.fu-berlin.de\/bibliotheken\/wp-json\/wp\/v2\/comments?post=33104"}],"version-history":[{"count":3,"href":"https:\/\/blogs.fu-berlin.de\/bibliotheken\/wp-json\/wp\/v2\/posts\/33104\/revisions"}],"predecessor-version":[{"id":33146,"href":"https:\/\/blogs.fu-berlin.de\/bibliotheken\/wp-json\/wp\/v2\/posts\/33104\/revisions\/33146"}],"wp:featuredmedia":[{"embeddable":true,"href":"https:\/\/blogs.fu-berlin.de\/bibliotheken\/wp-json\/wp\/v2\/media\/33105"}],"wp:attachment":[{"href":"https:\/\/blogs.fu-berlin.de\/bibliotheken\/wp-json\/wp\/v2\/media?parent=33104"}],"wp:term":[{"taxonomy":"category","embeddable":true,"href":"https:\/\/blogs.fu-berlin.de\/bibliotheken\/wp-json\/wp\/v2\/categories?post=33104"},{"taxonomy":"post_tag","embeddable":true,"href":"https:\/\/blogs.fu-berlin.de\/bibliotheken\/wp-json\/wp\/v2\/tags?post=33104"}],"curies":[{"name":"wp","href":"https:\/\/api.w.org\/{rel}","templated":true}]}}