{"id":33120,"date":"2024-08-16T08:49:21","date_gmt":"2024-08-16T07:49:21","guid":{"rendered":"https:\/\/blogs.fu-berlin.de\/bibliotheken\/?p=33120"},"modified":"2024-08-16T10:21:31","modified_gmt":"2024-08-16T09:21:31","slug":"eins-von-drei-nachhaltigkeitsprojekten","status":"publish","type":"post","link":"https:\/\/blogs.fu-berlin.de\/bibliotheken\/2024\/08\/16\/eins-von-drei-nachhaltigkeitsprojekten\/","title":{"rendered":"Die \u201eFree-Book Lounge\u201c \u2013 eines von drei Nachhaltigkeitsprojekten"},"content":{"rendered":"\n<p>Auszubildende zur\/zum Fachangestellte*n f\u00fcr Medien- und Informationsdienste in Bibliotheken (kurz: FaMI) k\u00f6nnen aktive Akteur*innen f\u00fcr Nachhaltigkeit sein und werden. Im Herbst 2023 hatten die drei Azubis der Universit\u00e4tsbibliothek der Freien Universit\u00e4t Berlin im 2. Lehrjahr die Aufgabe erhalten, jeweils ein Projekt zum Thema Nachhaltigkeit und zu den Merkmalen einer \u201e<a href=\"https:\/\/cdn.ifla.org\/wp-content\/uploads\/IFLA-GreenLibraryDefinition_German_2022Jan.pdf\">Gr\u00fcnen Bibliothek<\/a>\u201c zu formulieren und durchzuf\u00fchren. Dazu hatten sie einen einf\u00fchrenden <a href=\"https:\/\/blogs.fu-berlin.de\/bibliotheken\/2023\/10\/18\/workshop-fuer-auszubildende-die-gruene-bibliothek-nachhaltiges-handeln-fuer-den-berufsnachwuchs\/\">Workshop <\/a>zusammen mit anderen FaMI-Azubis aus den unterschiedlichen Bibliotheken Berlins. Eines der Projekte von den drei Azubis ist nun fertig gestellt worden. Ein Projektbericht. <\/p>\n\n\n\n<p><strong>Die Idee<\/strong><\/p>\n\n\n\n<p>Von Beginn an entstand eine Begeisterung f\u00fcr die Idee eines B\u00fccher-Tausch-Regals. <a href=\"https:\/\/www.berlin.de\/special\/sharing\/oeffentliche-buecherschraenke\/\" data-type=\"URL\" data-id=\"https:\/\/www.berlin.de\/special\/sharing\/oeffentliche-buecherschraenke\/\">\u00d6ffentliche B\u00fccherschr\u00e4nke<\/a>, oft aus alten Telefonzellen gebaut, finden sich mittlerweile \u00fcberall in der Stadt verteilt, aber leider noch relativ wenig auf dem Campus der Freien Universit\u00e4t.<\/p>\n\n\n\n<p>Die abschlie\u00dfende Entscheidung f\u00fcr ein B\u00fccherregal fiel dann dieses Fr\u00fchjahr. Im Januar 2024 erhielt jeder der drei FaMI-Azubis eine eigene Seite im internen Bibliotheks-Wiki, auf welcher sie sich Gedanken zu ihren Projekten machen und bereits erste Schritte, abzukl\u00e4rende Fragen und To-Do&#8217;s notieren konnten.<\/p>\n\n\n\n<p>Daraufhin folgten einige Recherchen zu den M\u00f6glichkeiten, welche es bei B\u00fccher-Tausch-Regalen gibt. So mussten wichtige Entscheidungen getroffen werden, wie z. B.: Sollen nur B\u00fccher oder auch funktionst\u00fcchtige Dinge getauscht werden k\u00f6nnen? Welcher Zielgruppe soll das Regal zug\u00e4nglich gemacht werden? Soll es ein \u00f6ffentliches Regal werden, sichtbar auf der Webseite <a href=\"https:\/\/www.bookcrossing.com\/\">Bookcrossing<\/a>?  W\u00e4hrend der \u00dcberlegungen wurde auch dem <a href=\"https:\/\/wikis.fu-berlin.de\/x\/7QAgV\">Bookcrossing Regal<\/a> in der Geowissenschaftlichen Bibliothek am Campus Lankwitz ein Besuch abgestattet.<\/p>\n\n\n\n<p>Im Februar 2024 gab es erneut einen Azubi-Workshop mit den drei FU-Azubis, bei welchem noch einiges an konkretem Input zum Thema Nachhaltigkeit in und durch Bibliotheken dazukam. Unter anderem zu den Themen: <a href=\"https:\/\/librarymap.ifla.org\/stories\">SDG-Stories<\/a>, <a href=\"https:\/\/www.ifla.org\/de\/units\/environment-sustainability-and-libraries\/\">Ensulib<\/a>, <a href=\"https:\/\/www.ifla.org\/g\/environment-sustainability-and-libraries\/ifla-green-library-award\/\">Green Library Award<\/a>, der<a href=\"https:\/\/www.fussabdruck.de\/\"> \u00f6kologische Fu\u00dfabdruck<\/a> und der <a href=\"https:\/\/www.handabdruck.eu\/\">positive Handabdruck<\/a>.<\/p>\n\n\n\n<p>Danach begann eine Phase der selbstst\u00e4ndigen Arbeit. Premiere im praktischen Ausbildungsplan der Azubis: Im Juni 2024 gab es eine ganze Woche Zeit f\u00fcr die Projektdurchf\u00fchrung. Besonders die Standort-Suche stellte sich dabei als eine gro\u00dfe H\u00fcrde heraus. Schlie\u00dflich er\u00f6ffnete sich die M\u00f6glichkeit, dass bereits vorhandene Mitnahme-B\u00fccherregal im Foyer der Zentralbibliothek f\u00fcr die Idee zu nutzen. In der Projektwoche fiel dann zudem die Entscheidung f\u00fcr den Namen des B\u00fccherregals (\u201eFree-Book-Lounge\u201c) und das endg\u00fcltige Design wurde erstellt:<\/p>\n\n\n\n<figure class=\"wp-block-image size-full\"><img loading=\"lazy\" decoding=\"async\" width=\"2560\" height=\"1810\" src=\"https:\/\/blogs.fu-berlin.de\/bibliotheken\/files\/2024\/08\/Aushangschild-scaled.jpg\" alt=\"\" class=\"wp-image-33126\" srcset=\"https:\/\/blogs.fu-berlin.de\/bibliotheken\/files\/2024\/08\/Aushangschild-scaled.jpg 2560w, https:\/\/blogs.fu-berlin.de\/bibliotheken\/files\/2024\/08\/Aushangschild-300x212.jpg 300w, https:\/\/blogs.fu-berlin.de\/bibliotheken\/files\/2024\/08\/Aushangschild-1536x1086.jpg 1536w, https:\/\/blogs.fu-berlin.de\/bibliotheken\/files\/2024\/08\/Aushangschild-2048x1448.jpg 2048w, https:\/\/blogs.fu-berlin.de\/bibliotheken\/files\/2024\/08\/Aushangschild-1200x848.jpg 1200w\" sizes=\"auto, (max-width: 709px) 85vw, (max-width: 909px) 67vw, (max-width: 1362px) 62vw, 840px\" \/><\/figure>\n\n\n\n<p><\/p>\n\n\n\n<p>Es wurden Deko-Elemente wie selbstgezogene Zimmerpflanzen der Arbeitsgruppe <a href=\"https:\/\/www.fu-berlin.de\/sites\/ub\/ueber-uns\/nachhaltigkeit\/index.html\" data-type=\"URL\" data-id=\"https:\/\/www.fu-berlin.de\/sites\/ub\/ueber-uns\/nachhaltigkeit\/index.html\">GreenFUBib<\/a> als auch Bookart-Objekte zur Versch\u00f6nerung aufgestellt. Im Sinne des Re-Use-Gedankens werden f\u00fcr mitgenommene B\u00fccher Jutebeutel bereitgestellt, die aus der <a href=\"https:\/\/www.fu-berlin.de\/sites\/nachhaltigkeit\/handlungsfelder\/campus\/verwertung_entsorgung\/fundgrube\/index.html\" data-type=\"URL\" data-id=\"https:\/\/www.fu-berlin.de\/sites\/nachhaltigkeit\/handlungsfelder\/campus\/verwertung_entsorgung\/fundgrube\/index.html\">Fundgrube der Stabsstelle Nachhaltigkeit &amp; Energie<\/a> stammen. Flyer zu den bestehenden Nachhaltigkeitsinitiativen wie <a href=\"https:\/\/www.fu-berlin.de\/sites\/sustain\/index.html\" data-type=\"URL\" data-id=\"https:\/\/www.fu-berlin.de\/sites\/sustain\/index.html\">Sustain it!<\/a> oder dem <a href=\"https:\/\/www.fu-berlin.de\/sites\/sustain\/nhkonkret\/uni_gardening\/index.html\" data-type=\"URL\" data-id=\"https:\/\/www.fu-berlin.de\/sites\/sustain\/nhkonkret\/uni_gardening\/index.html\">Unigardining-Projekt<\/a> wurden ausgelegt, um Interessierten zu zeigen, wo es \u00fcberall m\u00f6glich ist, sich f\u00fcr Umwelt- und Klimaschutz zu engagieren. <\/p>\n\n\n\n<figure class=\"wp-block-image size-full\"><img loading=\"lazy\" decoding=\"async\" width=\"2560\" height=\"1920\" src=\"https:\/\/blogs.fu-berlin.de\/bibliotheken\/files\/2024\/08\/free-book-lounge-revised.png\" alt=\"\" class=\"wp-image-33137\" srcset=\"https:\/\/blogs.fu-berlin.de\/bibliotheken\/files\/2024\/08\/free-book-lounge-revised.png 2560w, https:\/\/blogs.fu-berlin.de\/bibliotheken\/files\/2024\/08\/free-book-lounge-revised-300x225.png 300w, https:\/\/blogs.fu-berlin.de\/bibliotheken\/files\/2024\/08\/free-book-lounge-revised-1536x1152.png 1536w, https:\/\/blogs.fu-berlin.de\/bibliotheken\/files\/2024\/08\/free-book-lounge-revised-2048x1536.png 2048w, https:\/\/blogs.fu-berlin.de\/bibliotheken\/files\/2024\/08\/free-book-lounge-revised-1200x900.png 1200w\" sizes=\"auto, (max-width: 709px) 85vw, (max-width: 909px) 67vw, (max-width: 1362px) 62vw, 840px\" \/><\/figure>\n\n\n\n<p>Die neue \u201eFree-Book-Lounge\u201c in der Zentralbibliothek (Garystr. 39)<\/p>\n\n\n\n<p><strong>Fazit <\/strong><\/p>\n\n\n\n<figure class=\"wp-block-pullquote\"><blockquote><p>Durch dieses Projekt habe ich eine unfassbare Menge gelernt. Eine Projektidee zu haben, ist zun\u00e4chst gro\u00dfartig und man kann diese in seiner Vorstellung stetig ausbauen und weiterentwickeln. Aber der eigentliche Umsetzungsprozess und die damit verbundene Zeit zur Gestaltung, f\u00fcr Absprachen und Beschaffung von Materialien, war dann doch anspruchsvoller als ich erwartet hatte. Ich hatte dennoch eine Menge Spa\u00df w\u00e4hrend des Prozesses, besonders da ich mich viel kreativ ausleben konnte.<\/p><p>Ich bin mit der &#8222;Free-Book-Lounge&#8220; wirklich durchweg zufrieden und ich hoffe sie wird die Zentralbibliothek auch in Zukunft bereichern.<\/p><p>~Lara Senst, Auszubildende und Projektverantwortliche <\/p><\/blockquote><\/figure>\n\n\n\n<p><\/p>\n","protected":false},"excerpt":{"rendered":"<p>Auszubildende zur\/zum Fachangestellte*n f\u00fcr Medien- und Informationsdienste in Bibliotheken (kurz: FaMI) k\u00f6nnen aktive Akteur*innen f\u00fcr Nachhaltigkeit sein und werden. Im Herbst 2023 hatten die drei Azubis der Universit\u00e4tsbibliothek der Freien Universit\u00e4t Berlin im 2. Lehrjahr die Aufgabe erhalten, jeweils ein Projekt zum Thema Nachhaltigkeit und zu den Merkmalen einer \u201eGr\u00fcnen Bibliothek\u201c zu formulieren und durchzuf\u00fchren. &hellip; <a href=\"https:\/\/blogs.fu-berlin.de\/bibliotheken\/2024\/08\/16\/eins-von-drei-nachhaltigkeitsprojekten\/\" class=\"more-link\"><span class=\"screen-reader-text\">\u201eDie \u201eFree-Book Lounge\u201c \u2013 eines von drei Nachhaltigkeitsprojekten\u201c<\/span> weiterlesen<\/a><\/p>\n","protected":false},"author":5902,"featured_media":0,"comment_status":"open","ping_status":"open","sticky":false,"template":"","format":"standard","meta":{"footnotes":""},"categories":[9,601,603,584805],"tags":[196703,457935,584866,471616,989,368602,368750,368753,2678,2755,368778],"class_list":["post-33120","post","type-post","status-publish","format-standard","hentry","category-allgemein","category-universitatsbibliothek","category-vorgestellt","category-was-ist-neu","tag-17-ziele-fuer-nachhaltige-entwicklung","tag-bildung-fuer-nachhaltige-entwicklung","tag-buechertausch","tag-duale-ausbildung","tag-fami-ausbildung","tag-green-library","tag-greenfubib","tag-gruene-bibliothek","tag-nachhaltigkeit","tag-projekt","tag-re-use"],"_links":{"self":[{"href":"https:\/\/blogs.fu-berlin.de\/bibliotheken\/wp-json\/wp\/v2\/posts\/33120","targetHints":{"allow":["GET"]}}],"collection":[{"href":"https:\/\/blogs.fu-berlin.de\/bibliotheken\/wp-json\/wp\/v2\/posts"}],"about":[{"href":"https:\/\/blogs.fu-berlin.de\/bibliotheken\/wp-json\/wp\/v2\/types\/post"}],"author":[{"embeddable":true,"href":"https:\/\/blogs.fu-berlin.de\/bibliotheken\/wp-json\/wp\/v2\/users\/5902"}],"replies":[{"embeddable":true,"href":"https:\/\/blogs.fu-berlin.de\/bibliotheken\/wp-json\/wp\/v2\/comments?post=33120"}],"version-history":[{"count":15,"href":"https:\/\/blogs.fu-berlin.de\/bibliotheken\/wp-json\/wp\/v2\/posts\/33120\/revisions"}],"predecessor-version":[{"id":33141,"href":"https:\/\/blogs.fu-berlin.de\/bibliotheken\/wp-json\/wp\/v2\/posts\/33120\/revisions\/33141"}],"wp:attachment":[{"href":"https:\/\/blogs.fu-berlin.de\/bibliotheken\/wp-json\/wp\/v2\/media?parent=33120"}],"wp:term":[{"taxonomy":"category","embeddable":true,"href":"https:\/\/blogs.fu-berlin.de\/bibliotheken\/wp-json\/wp\/v2\/categories?post=33120"},{"taxonomy":"post_tag","embeddable":true,"href":"https:\/\/blogs.fu-berlin.de\/bibliotheken\/wp-json\/wp\/v2\/tags?post=33120"}],"curies":[{"name":"wp","href":"https:\/\/api.w.org\/{rel}","templated":true}]}}