{"id":33143,"date":"2024-08-29T09:51:48","date_gmt":"2024-08-29T08:51:48","guid":{"rendered":"https:\/\/blogs.fu-berlin.de\/bibliotheken\/?p=33143"},"modified":"2024-10-16T15:43:35","modified_gmt":"2024-10-16T14:43:35","slug":"longlist-fuer-den-deutschen-buchpreis-2024-veroeffentlicht","status":"publish","type":"post","link":"https:\/\/blogs.fu-berlin.de\/bibliotheken\/2024\/08\/29\/longlist-fuer-den-deutschen-buchpreis-2024-veroeffentlicht\/","title":{"rendered":"Longlist f\u00fcr den Deutschen Buchpreis 2024 ver\u00f6ffentlicht"},"content":{"rendered":"\n<p>Wer noch nach einer Sommerlekt\u00fcre f\u00fcr die freie Zeit vor dem beginnenden Semester sucht, der sollte hier f\u00fcndig werden. Die Jury f\u00fcr den <a rel=\"noreferrer noopener\" href=\"https:\/\/www.deutscher-buchpreis.de\/\" target=\"_blank\">Deutschen Buchpreis<\/a> 2024 hat die Longlist ver\u00f6ffentlicht und 20 Romane nominiert. Insgesamt waren 180 Titel von 106 Verlagen eingereicht worden. Mit dem Deutschen Buchpreis zeichnet die Stiftung Buchkultur und Lesef\u00f6rderung des B\u00f6rsenvereins des Deutschen Buchhandels j\u00e4hrlich zum Auftakt der Frankfurter Buchmesse den deutschsprachigen \u201eRoman des Jahres\u201c aus. Ziel des Preises ist es, \u00fcber L\u00e4ndergrenzen hinaus Aufmerksamkeit zu schaffen f\u00fcr deutschsprachige Autor*innen, das Lesen und das Leitmedium Buch.<\/p>\n\n\n\n<p>Die nominierten Romane (in alphabetischer Reihenfolge):<\/p>\n\n\n\n<p>Die <a rel=\"noreferrer noopener\" href=\"https:\/\/www.fu-berlin.de\/sites\/philbib\/index.html\" target=\"_blank\">Philologische Bibliothek<\/a> war schnell und hat f\u00fcr Sie schon ein paar der B\u00fccher angeschafft. Verf\u00fcgbare Titel sind auf den jeweiligen Titel in Primo verlinkt.<\/p>\n\n\n\n<ul class=\"wp-block-list\"><li>Nora Bossong: <a rel=\"noreferrer noopener\" href=\"https:\/\/fu-berlin.primo.exlibrisgroup.com\/permalink\/49KOBV_FUB\/1v1tp5h\/alma9961618002002883\" target=\"_blank\">Reichskanzlerplatz<\/a> (Suhrkamp Verlag, August 2024)<\/li><li>Zora del Buono: <a href=\"https:\/\/fu-berlin.primo.exlibrisgroup.com\/permalink\/49KOBV_FUB\/1v1tp5h\/alma9961636711902883\" target=\"_blank\" rel=\"noreferrer noopener\">Seinetwegen<\/a> (Verlag C.H.Beck, Juli 2024)<\/li><li>Franz Friedrich: <a rel=\"noreferrer noopener\" href=\"https:\/\/fu-berlin.primo.exlibrisgroup.com\/permalink\/49KOBV_FUB\/1v1tp5h\/alma9961463207602883\" target=\"_blank\">Die Passagierin<\/a> (S. Fischer Verlag, April 2024)<\/li><li>Martina Hefter: <a rel=\"noreferrer noopener\" href=\"https:\/\/fu-berlin.primo.exlibrisgroup.com\/permalink\/49KOBV_FUB\/1v1tp5h\/alma9961589007802883\" target=\"_blank\">Hey guten Morgen, wie geht es dir?<\/a> (Klett-Cotta, Juli 2024)<\/li><li>Timon Karl Kaleyta: <a href=\"https:\/\/fu-berlin.primo.exlibrisgroup.com\/permalink\/49KOBV_FUB\/1v1tp5h\/alma9961636711702883\" target=\"_blank\" rel=\"noreferrer noopener\">Heilung<\/a> (Piper Verlag, Februar 2024)<\/li><li>Maren Kames: <a rel=\"noreferrer noopener\" href=\"https:\/\/fu-berlin.primo.exlibrisgroup.com\/permalink\/49KOBV_FUB\/1v1tp5h\/alma9961450407802883\" target=\"_blank\">Hasenprosa<\/a> (Suhrkamp Verlag, M\u00e4rz 2024)<\/li><li>Michael K\u00f6hlmeier: <a rel=\"noreferrer noopener\" href=\"https:\/\/fu-berlin.primo.exlibrisgroup.com\/permalink\/49KOBV_FUB\/1v1tp5h\/alma9961404312102883\" target=\"_blank\">Das Philosophenschiff<\/a> (Hanser, Januar 2024)<\/li><li>Daniela Krien: <a rel=\"noreferrer noopener\" href=\"https:\/\/fu-berlin.primo.exlibrisgroup.com\/permalink\/49KOBV_FUB\/1v1tp5h\/alma9961617993202883\" target=\"_blank\">Mein drittes Leben<\/a> (Diogenes Verlag, August 2024)<\/li><li>Andr\u00e9 Kubiczek: <a rel=\"noreferrer noopener\" href=\"https:\/\/fu-berlin.primo.exlibrisgroup.com\/permalink\/49KOBV_FUB\/1v1tp5h\/alma9961524706502883\" target=\"_blank\">Nostalgia<\/a> (Rowohlt Berlin Verlag, Mai 2024)<\/li><li>Ulla Lenze: <a rel=\"noreferrer noopener\" href=\"https:\/\/fu-berlin.primo.exlibrisgroup.com\/permalink\/49KOBV_FUB\/1v1tp5h\/alma9961618001402883\" target=\"_blank\">Das Wohlbefinden<\/a> (Klett-Cotta, August 2024)<\/li><li>Clemens Meyer: <a href=\"https:\/\/fu-berlin.primo.exlibrisgroup.com\/permalink\/49KOBV_FUB\/1v1tp5h\/alma9961636712702883\" target=\"_blank\" rel=\"noreferrer noopener\">Die Projektoren<\/a> (S. Fischer Verlag, August 2024)<\/li><li>Max Oravin: <a href=\"https:\/\/fu-berlin.primo.exlibrisgroup.com\/permalink\/49KOBV_FUB\/1v1tp5h\/alma9961636712302883\" target=\"_blank\" rel=\"noreferrer noopener\">Toni &amp; Toni<\/a> (Literaturverlag Droschl, August 2024)<\/li><li>Ronya Othmann: <a rel=\"noreferrer noopener\" href=\"https:\/\/fu-berlin.primo.exlibrisgroup.com\/permalink\/49KOBV_FUB\/1v1tp5h\/alma9961437595402883\" target=\"_blank\">Vierundsiebzig<\/a> (Rowohlt Verlag, M\u00e4rz 2024)<\/li><li>Mithu Sanyal: <a href=\"https:\/\/fu-berlin.primo.exlibrisgroup.com\/permalink\/49KOBV_FUB\/1v1tp5h\/alma9961636712102883\" target=\"_blank\" rel=\"noreferrer noopener\">Antichristie<\/a> (Hanser, September 2024)<\/li><li>Stefanie Sargnagel: <a rel=\"noreferrer noopener\" href=\"https:\/\/fu-berlin.primo.exlibrisgroup.com\/permalink\/49KOBV_FUB\/1v1tp5h\/alma9961632710002883\" target=\"_blank\">Iowa \u2013Ein Ausflug nach Amerika<\/a> (Rowohlt Hundert Augen, Dezember 2023)<\/li><li>Dana von Suffrin: <a rel=\"noreferrer noopener\" href=\"https:\/\/fu-berlin.primo.exlibrisgroup.com\/permalink\/49KOBV_FUB\/1v1tp5h\/alma9961444109402883\" target=\"_blank\">Nochmal von vorne<\/a> (Kiepenheuer &amp; Witsch, M\u00e4rz 2024)<\/li><li>Markus Thielemann: <a rel=\"noreferrer noopener\" href=\"https:\/\/fu-berlin.primo.exlibrisgroup.com\/permalink\/49KOBV_FUB\/1v1tp5h\/alma9961589008002883\" target=\"_blank\">Von Norden rollt ein Donner<\/a> (Verlag C.H.Beck, Juli 2024)<\/li><li>Ruth-Maria Thomas: <a rel=\"noreferrer noopener\" href=\"https:\/\/fu-berlin.primo.exlibrisgroup.com\/permalink\/49KOBV_FUB\/1v1tp5h\/alma9961589008202883\" target=\"_blank\">Die sch\u00f6nste Version<\/a> (Rowohlt Hundert Augen, Juli 2024)<\/li><li>Doris Wirth: <a href=\"https:\/\/fu-berlin.primo.exlibrisgroup.com\/permalink\/49KOBV_FUB\/1v1tp5h\/alma9961636711502883\" target=\"_blank\" rel=\"noreferrer noopener\">Findet mich<\/a> (Geparden Verlag, M\u00e4rz 2024)<\/li><li>Iris Wolff: <a rel=\"noreferrer noopener\" href=\"https:\/\/fu-berlin.primo.exlibrisgroup.com\/permalink\/49KOBV_FUB\/1v1tp5h\/alma9961389199202883\" target=\"_blank\">Lichtungen<\/a> (Klett-Cotta, Januar 2024)<\/li><\/ul>\n\n\n\n<p><strong>Berliner Schriftsteller*innen unter den Nominierten<\/strong><\/p>\n\n\n\n<p>Bei ein paar Autor*innen fiebern wir aus lokaler Sicht besonders mit. Nora Bossong hat an der Humboldt-Universit\u00e4t studiert und lebt in Berlin. Sie wurde f\u00fcr ihr literarisches Werk schon mehrfach ausgezeichnet. In ihrem Roman <em>Reichskanzlerplatz<\/em> ist deutsche Geschichte Thema, es geht jedoch auch um moderne Fragen. Wie lebt man Diversit\u00e4t und welchen Einfluss spielt die Gesellschaft dabei.<\/p>\n\n\n\n<p>Franz Friedrich hat an der Universit\u00e4t der K\u00fcnste studiert und lebt ebenfalls in Berlin. 2014 war er schon einmal auf der Longlist f\u00fcr den Deutschen Buchpreis. Sein Roman <em>Die Passagierin<\/em> erz\u00e4hlt von der Vergangenheit einer Frau, die zur\u00fcckkehrt in das Sanatorium, in dem sie als Kind war und dort auf die unterschiedlichsten Menschen trifft. Auch diesen Autoren besch\u00e4ftigen aktuelle Fragen, Einsamkeit, Freundschaft, Gemeinschaft und der Wunsch, es m\u00f6ge sich etwas ver\u00e4ndern in der Welt.<\/p>\n\n\n\n<p>F\u00fcr alle, die es aus dem Norden nach Berlin verschlagen hat, ist Markus Thielemann zu empfehlen. Sein Roman <em>Von Norden rollt ein Donner<\/em> spielt in der L\u00fcneburger Heide. Dort vermengen sich Heimatschutz und Gewalt. In der westdeutschen Provinz st\u00f6\u00dft ein 19-J\u00e4hriger auf Hass, v\u00f6lkische Ideologie &#8211; und auf ein tiefes Schweigen. Die Idylle erweist sich als br\u00fcchig. Auch dieser Autor liegt mit seinem Anti-Heimatroman am Puls der Zeit.<\/p>\n\n\n\n<p><strong>Jurymitglieder und Details zur Preisverleihung<\/strong><\/p>\n\n\n\n<figure class=\"wp-block-image size-full\"><img loading=\"lazy\" decoding=\"async\" width=\"2560\" height=\"1707\" src=\"https:\/\/blogs.fu-berlin.de\/bibliotheken\/files\/2024\/08\/dbp24_Jury-Pressefoto_c_Christof_Jakob-scaled.jpg\" alt=\"\" class=\"wp-image-33149\" srcset=\"https:\/\/blogs.fu-berlin.de\/bibliotheken\/files\/2024\/08\/dbp24_Jury-Pressefoto_c_Christof_Jakob-scaled.jpg 2560w, https:\/\/blogs.fu-berlin.de\/bibliotheken\/files\/2024\/08\/dbp24_Jury-Pressefoto_c_Christof_Jakob-300x200.jpg 300w, https:\/\/blogs.fu-berlin.de\/bibliotheken\/files\/2024\/08\/dbp24_Jury-Pressefoto_c_Christof_Jakob-1536x1024.jpg 1536w, https:\/\/blogs.fu-berlin.de\/bibliotheken\/files\/2024\/08\/dbp24_Jury-Pressefoto_c_Christof_Jakob-2048x1365.jpg 2048w, https:\/\/blogs.fu-berlin.de\/bibliotheken\/files\/2024\/08\/dbp24_Jury-Pressefoto_c_Christof_Jakob-1200x800.jpg 1200w\" sizes=\"auto, (max-width: 709px) 85vw, (max-width: 909px) 67vw, (max-width: 1362px) 62vw, 840px\" \/><figcaption>Die Jury des Deutschen Buchpreises 2024. V.l.n.r.: Gerrit Bartels, Klaus N\u00fcchtern, Regina Moths, Natascha Freundel, Torsten Hoffmann, Magda Birkmann, Marianna Lieder.<br>\u00a9 Christof Jakob (via boersenverein.de)<\/figcaption><\/figure>\n\n\n\n<p>Die Jury besteht aus sieben Mitgliedern: Natascha Freundel (rbb), Gerrit Bartels (Der Tagesspiegel), Magda Birkmann (freie Literaturvermittlerin und Buchh\u00e4ndlerin), Torsten Hoffmann (Universit\u00e4t Stuttgart), Marianna Lieder (freie Kritikerin), Regina Moths (Buchhandlung Literatur Moths) und Klaus N\u00fcchtern (Der Falter).<\/p>\n\n\n\n<blockquote class=\"wp-block-quote is-layout-flow wp-block-quote-is-layout-flow\"><p>\u201eWir haben gestaunt, gestritten, gelacht und 20 Titel ausgew\u00e4hlt, die auf der H\u00f6he der Zeit sind, wiedergelesen werden wollen und die Welt nicht nur zeigen, wie sie ist, sondern auch, wie sie sein k\u00f6nnte.\u201c<\/p><cite>Natascha Freundel, rbb (Jurysprecherin)<\/cite><\/blockquote>\n\n\n\n<p>Der Deutsche Buchpreis wird dieses Jahr zum 20. Mal verliehen. Im n\u00e4chsten Schritt w\u00e4hlen die Jurymitglieder aus den Titeln der Longlist sechs Romane f\u00fcr die Shortlist aus, die am 17. September 2024 ver\u00f6ffentlicht wird.<\/p>\n\n\n\n<p>Die Autor*innen und Leser*innen d\u00fcrfen bis zum Abend der Preisverleihung am 14. Oktober im Kaisersaal des Frankfurter R\u00f6mer gespannt sein. Erst dann wird der Roman des Jahres 2024 bekanntgegeben.<\/p>\n\n\n\n<p>Ein Taschenbuch <em>Deutscher Buchpreis 2024: Die Nominierten<\/em> bietet Leseproben der 20 Titel. Ab dieser Woche ist das Buch deutschlandweit in vielen Buchhandlungen kostenlos erh\u00e4ltlich. Zu einigen Romanen gibt es schon H\u00f6rproben, hier <a href=\"https:\/\/www.deutscher-buchpreis.de\/nominiert\">auf der Website des Deutschen Buchpreises 2024 Longlist<\/a>.<\/p>\n\n\n\n<p>Zum Jubil\u00e4um stellt der B\u00f6rsenverein des Deutschen Buchhandels ein kostenfreies <a rel=\"noreferrer noopener\" href=\"https:\/\/www.boersenverein.de\/presse\/digitale-pressemappen\/\" target=\"_blank\">Mediendossier<\/a> zu 20 Jahren Deutscher Buchpreis mit allerhand Fakten zur Verf\u00fcgung. So halten beispielsweise bis heute Jan Faktors <em><a rel=\"noreferrer noopener\" href=\"https:\/\/fu-berlin.primo.exlibrisgroup.com\/permalink\/49KOBV_FUB\/1v1tp5h\/alma990037910800402883\" target=\"_blank\">Georgs Sorgen um die Vergangenheit oder Im Reich des heiligen Hodensack-Bimbams von Prag<\/a><\/em>  (2010) und Frank Witzels <a rel=\"noreferrer noopener\" href=\"https:\/\/fu-berlin.primo.exlibrisgroup.com\/permalink\/49KOBV_FUB\/1v1tp5h\/alma990052577940402883\" target=\"_blank\"><em>Die Erfindung der Roten Armee Fraktion durch einen manisch depressiven Teenager im Sommer 1969<\/em><\/a> (2015) den Rekord f\u00fcr die l\u00e4ngsten Romantitel, die es auf die Longlist schafften. Witzel gewann den Preis.<\/p>\n\n\n\n<p><em>(Bildquelle und Zitat: deutscher-buchpreis.de)<\/em><\/p>\n\n\n\n<p class=\"has-small-font-size\">Vielen Dank f\u00fcr diesen Beitrag an unsere Kollegin Jutta Wunder aus der Zentralbibliothek.<\/p>\n","protected":false},"excerpt":{"rendered":"<p>Wer noch nach einer Sommerlekt\u00fcre f\u00fcr die freie Zeit vor dem beginnenden Semester sucht, der sollte hier f\u00fcndig werden. Die Jury f\u00fcr den Deutschen Buchpreis 2024 hat die Longlist ver\u00f6ffentlicht und 20 Romane nominiert. Insgesamt waren 180 Titel von 106 Verlagen eingereicht worden. Mit dem Deutschen Buchpreis zeichnet die Stiftung Buchkultur und Lesef\u00f6rderung des B\u00f6rsenvereins &hellip; <a href=\"https:\/\/blogs.fu-berlin.de\/bibliotheken\/2024\/08\/29\/longlist-fuer-den-deutschen-buchpreis-2024-veroeffentlicht\/\" class=\"more-link\"><span class=\"screen-reader-text\">\u201eLonglist f\u00fcr den Deutschen Buchpreis 2024 ver\u00f6ffentlicht\u201c<\/span> weiterlesen<\/a><\/p>\n","protected":false},"author":293,"featured_media":33145,"comment_status":"open","ping_status":"open","sticky":false,"template":"","format":"standard","meta":{"footnotes":""},"categories":[9],"tags":[],"class_list":["post-33143","post","type-post","status-publish","format-standard","has-post-thumbnail","hentry","category-allgemein"],"_links":{"self":[{"href":"https:\/\/blogs.fu-berlin.de\/bibliotheken\/wp-json\/wp\/v2\/posts\/33143","targetHints":{"allow":["GET"]}}],"collection":[{"href":"https:\/\/blogs.fu-berlin.de\/bibliotheken\/wp-json\/wp\/v2\/posts"}],"about":[{"href":"https:\/\/blogs.fu-berlin.de\/bibliotheken\/wp-json\/wp\/v2\/types\/post"}],"author":[{"embeddable":true,"href":"https:\/\/blogs.fu-berlin.de\/bibliotheken\/wp-json\/wp\/v2\/users\/293"}],"replies":[{"embeddable":true,"href":"https:\/\/blogs.fu-berlin.de\/bibliotheken\/wp-json\/wp\/v2\/comments?post=33143"}],"version-history":[{"count":14,"href":"https:\/\/blogs.fu-berlin.de\/bibliotheken\/wp-json\/wp\/v2\/posts\/33143\/revisions"}],"predecessor-version":[{"id":33345,"href":"https:\/\/blogs.fu-berlin.de\/bibliotheken\/wp-json\/wp\/v2\/posts\/33143\/revisions\/33345"}],"wp:featuredmedia":[{"embeddable":true,"href":"https:\/\/blogs.fu-berlin.de\/bibliotheken\/wp-json\/wp\/v2\/media\/33145"}],"wp:attachment":[{"href":"https:\/\/blogs.fu-berlin.de\/bibliotheken\/wp-json\/wp\/v2\/media?parent=33143"}],"wp:term":[{"taxonomy":"category","embeddable":true,"href":"https:\/\/blogs.fu-berlin.de\/bibliotheken\/wp-json\/wp\/v2\/categories?post=33143"},{"taxonomy":"post_tag","embeddable":true,"href":"https:\/\/blogs.fu-berlin.de\/bibliotheken\/wp-json\/wp\/v2\/tags?post=33143"}],"curies":[{"name":"wp","href":"https:\/\/api.w.org\/{rel}","templated":true}]}}