{"id":33161,"date":"2024-09-03T09:05:00","date_gmt":"2024-09-03T08:05:00","guid":{"rendered":"https:\/\/blogs.fu-berlin.de\/bibliotheken\/?p=33161"},"modified":"2024-09-03T12:18:51","modified_gmt":"2024-09-03T11:18:51","slug":"werde-fami-ausbildung-an-der-freien-universitaet-berlin","status":"publish","type":"post","link":"https:\/\/blogs.fu-berlin.de\/bibliotheken\/2024\/09\/03\/werde-fami-ausbildung-an-der-freien-universitaet-berlin\/","title":{"rendered":"Werde FaMI &#8211; Ausbildung an der Freien Universit\u00e4t Berlin"},"content":{"rendered":"\n<p>FaMI &#8211; das bedeutet Fachangestellte*r f\u00fcr Medien- und Informationsdienste und ist eine dreij\u00e4hrige duale Ausbildung, in der Sie verschiedene bibliothekarische Bereiche durchlaufen. Zum einen sind Sie praktisch an einem der 14 Standorte der Universit\u00e4tsbibliothek der FU t\u00e4tig, zum anderen erlernen Sie in der Berufsschule (Louise-Schr\u00f6der-Oberstufenzentrum in Lichterfelde-S\u00fcd) die theoretischen Grundlagen.<\/p>\n\n\n\n<figure class=\"wp-block-image size-full\"><img loading=\"lazy\" decoding=\"async\" width=\"1080\" height=\"906\" src=\"https:\/\/blogs.fu-berlin.de\/bibliotheken\/files\/2024\/09\/Unsere-Azubis.png\" alt=\"\" class=\"wp-image-33162\" srcset=\"https:\/\/blogs.fu-berlin.de\/bibliotheken\/files\/2024\/09\/Unsere-Azubis.png 1080w, https:\/\/blogs.fu-berlin.de\/bibliotheken\/files\/2024\/09\/Unsere-Azubis-300x252.png 300w\" sizes=\"auto, (max-width: 709px) 85vw, (max-width: 909px) 67vw, (max-width: 1362px) 62vw, 840px\" \/><figcaption>Auszubildende im dritten Lehrjahr der Universit\u00e4tsbibliothek der Freien Universit\u00e4t Berlin: Isabella Langbein, Lara Senst &amp; Alexander Baals<\/figcaption><\/figure>\n\n\n\n<p>Und was sagen unsere Azubis zur Ausbildung? <\/p>\n\n\n\n<blockquote class=\"wp-block-quote is-layout-flow wp-block-quote-is-layout-flow\"><p><em>Ich sehe meinen Ausbildungsberuf als Leuchtturm in einer gro\u00dfen Menge an Informationen. Es freut mich, wenn ich mit meiner Arbeit anderen helfen kann, sich im Meer dieser Informationen zurechtzufinden. Ein Wegweiser des Wissens zu sein? Ziemlich cool!<\/em><\/p><cite>Isabella (Auszubildende in der Campusbibliothek und der Philologischen Bibliothek):<\/cite><\/blockquote>\n\n\n\n<blockquote class=\"wp-block-quote is-layout-flow wp-block-quote-is-layout-flow\"><p><em>Am meisten sch\u00e4tze ich die Vielf\u00e4ltigkeit, die mir die Freie Universit\u00e4t bietet. Durch die Arbeit in verschiedenen Abteilungen der Universit\u00e4tsbibliothek kann ich einen breiten \u00dcberblick der verschiedenen T\u00e4tigkeiten in einer Bibliothek gewinnen.<\/em><\/p><cite>Lara (Auszubildende in der Wirtschaftswissenschaftlichen Bibliothek):<\/cite><\/blockquote>\n\n\n\n<blockquote class=\"wp-block-quote is-layout-flow wp-block-quote-is-layout-flow\"><p><em>Mir gef\u00e4llt, dass ich in der Bibliothek viele M\u00f6glichkeiten habe, mich zu verwirklichen. Wir lernen nahezu alle Abteilungen kennen und unter diesen findet jede*r etwas, was er\/sie gerne macht. Ich kann auch ein Auslandspraktikum machen, um weitere Erfahrungen zu sammeln.<\/em><\/p><cite>Alexander (Auszubildender in der Rechtswissenschaftlichen Bibliothek und der Bibliothek f\u00fcr Sozialwissenschaften und Osteuropastudien):<\/cite><\/blockquote>\n\n\n\n<p>Neben den klassischen T\u00e4tigkeiten, die in der Ausbildung zum FaMI erlernt werden, gibt es auch eine Vielzahl an weiteren spannenden Einsatzorten: Von Praktika in anderen Einrichtungen \u00fcber Projekt-Wochen im eigenen Haus. Die oben genannten Azubis haben beispielsweise ein Video \u00fcber die bestehenden Vorurteile und die Realit\u00e4t der Ausbildung gedreht und ver\u00f6ffentlicht. <a href=\"https:\/\/youtu.be\/Fw8RXlvXjaE\">Das Video dazu finden Sie hier.<\/a><\/p>\n\n\n\n<p>Ist Ihr Interesse geweckt? Bewerben Sie sich f\u00fcr eine Ausbildung (Beginn September 2025): <a href=\"https:\/\/www.fu-berlin.de\/sites\/ausbildung\/ausbildungsberufe\/fachangestellte-r-medien-informationsdienste\/index.html\">Bewerbung zur Ausbildung FaMI<\/a><\/p>\n\n\n\n<p><\/p>\n","protected":false},"excerpt":{"rendered":"<p>FaMI &#8211; das bedeutet Fachangestellte*r f\u00fcr Medien- und Informationsdienste und ist eine dreij\u00e4hrige duale Ausbildung, in der Sie verschiedene bibliothekarische Bereiche durchlaufen. Zum einen sind Sie praktisch an einem der 14 Standorte der Universit\u00e4tsbibliothek der FU t\u00e4tig, zum anderen erlernen Sie in der Berufsschule (Louise-Schr\u00f6der-Oberstufenzentrum in Lichterfelde-S\u00fcd) die theoretischen Grundlagen. Und was sagen unsere Azubis &hellip; <a href=\"https:\/\/blogs.fu-berlin.de\/bibliotheken\/2024\/09\/03\/werde-fami-ausbildung-an-der-freien-universitaet-berlin\/\" class=\"more-link\"><span class=\"screen-reader-text\">\u201eWerde FaMI &#8211; Ausbildung an der Freien Universit\u00e4t Berlin\u201c<\/span> weiterlesen<\/a><\/p>\n","protected":false},"author":3230,"featured_media":0,"comment_status":"open","ping_status":"open","sticky":false,"template":"","format":"standard","meta":{"footnotes":""},"categories":[601],"tags":[529,736,989,74],"class_list":["post-33161","post","type-post","status-publish","format-standard","hentry","category-universitatsbibliothek","tag-ausbildung","tag-fachangestellte-fur-medien-und-informationsdienste","tag-fami-ausbildung","tag-freie-universitat-berlin"],"_links":{"self":[{"href":"https:\/\/blogs.fu-berlin.de\/bibliotheken\/wp-json\/wp\/v2\/posts\/33161","targetHints":{"allow":["GET"]}}],"collection":[{"href":"https:\/\/blogs.fu-berlin.de\/bibliotheken\/wp-json\/wp\/v2\/posts"}],"about":[{"href":"https:\/\/blogs.fu-berlin.de\/bibliotheken\/wp-json\/wp\/v2\/types\/post"}],"author":[{"embeddable":true,"href":"https:\/\/blogs.fu-berlin.de\/bibliotheken\/wp-json\/wp\/v2\/users\/3230"}],"replies":[{"embeddable":true,"href":"https:\/\/blogs.fu-berlin.de\/bibliotheken\/wp-json\/wp\/v2\/comments?post=33161"}],"version-history":[{"count":6,"href":"https:\/\/blogs.fu-berlin.de\/bibliotheken\/wp-json\/wp\/v2\/posts\/33161\/revisions"}],"predecessor-version":[{"id":33180,"href":"https:\/\/blogs.fu-berlin.de\/bibliotheken\/wp-json\/wp\/v2\/posts\/33161\/revisions\/33180"}],"wp:attachment":[{"href":"https:\/\/blogs.fu-berlin.de\/bibliotheken\/wp-json\/wp\/v2\/media?parent=33161"}],"wp:term":[{"taxonomy":"category","embeddable":true,"href":"https:\/\/blogs.fu-berlin.de\/bibliotheken\/wp-json\/wp\/v2\/categories?post=33161"},{"taxonomy":"post_tag","embeddable":true,"href":"https:\/\/blogs.fu-berlin.de\/bibliotheken\/wp-json\/wp\/v2\/tags?post=33161"}],"curies":[{"name":"wp","href":"https:\/\/api.w.org\/{rel}","templated":true}]}}