{"id":33184,"date":"2024-09-06T08:50:59","date_gmt":"2024-09-06T07:50:59","guid":{"rendered":"https:\/\/blogs.fu-berlin.de\/bibliotheken\/?p=33184"},"modified":"2024-09-06T08:50:59","modified_gmt":"2024-09-06T07:50:59","slug":"alle-e-books-des-verlagssegments-rechtswissenschaft-aus-der-mohr-siebeck-elibrary-fuer-ein-jahr-verfuegbar","status":"publish","type":"post","link":"https:\/\/blogs.fu-berlin.de\/bibliotheken\/2024\/09\/06\/alle-e-books-des-verlagssegments-rechtswissenschaft-aus-der-mohr-siebeck-elibrary-fuer-ein-jahr-verfuegbar\/","title":{"rendered":"Alle E-Books des Verlagssegments Rechtswissenschaft aus der Mohr Siebeck eLibrary f\u00fcr ein Jahr verf\u00fcgbar"},"content":{"rendered":"\n<p>Gute Nachrichten: F\u00fcr ein Jahr sind die rechtswissenschaftlichen E-Books aus der <strong><a rel=\"noreferrer noopener\" href=\"https:\/\/www.mohrsiebeck.com\/rechtswissenschaft\/\" target=\"_blank\">Mohr Siebeck eLibrary<\/a><\/strong> \u00fcber Primo f\u00fcr alle Angeh\u00f6rigen der Freien Universit\u00e4t Berlin verf\u00fcgbar. Das Paket konnte mit zus\u00e4tzlichen Mitteln des Fachbereichs Rechtswissenschaft seit dem 01.08.2024 lizenziert werden und l\u00e4uft bis zum 31.07.2025. <\/p>\n\n\n\n<p>Das Paket enth\u00e4lt alle mit Campuslizenz verf\u00fcgbaren <strong>E-Books inkl. Neuerscheinungen und Lehrb\u00fccher<\/strong> des Verlages Mohr Siebeck im <strong>Fach Rechtswissenschaft<\/strong>.<\/p>\n\n\n\n<p>Damit werden w\u00e4hrend der Laufzeit <strong>alle Lehrb\u00fccher<\/strong> (<strong>Fach Rechtswissenschaft<\/strong>) des Verlages Mohr Siebeck digital zur Verf\u00fcgung stehen. Auch die digital vorliegenden Werke aus den drei <strong>Habilitationsschriftenreihen Jus Publicum, Jus Privatum und Jus Poenale <\/strong>und alle Dissertationsreihen des Verlages werden<strong> w\u00e4hrend dieses Zeitraums <\/strong>zur Verf\u00fcgung stehen.<\/p>\n\n\n\n<p>Die B\u00fccher werden zum einen&nbsp;\u00fcber die <a href=\"http:\/\/primo.fu-berlin.de\/\" target=\"_blank\" rel=\"noreferrer noopener\"><strong>Bibliotheksplattform Primo<\/strong><\/a> und auch \u00fcber das Portal des Verlages Mohr Siebeck <a href=\"https:\/\/www.mohrsiebeck.com\/rechtswissenschaft\/\">mohrsiebeck.com<\/a> recherchierbar sein. Neu erscheinende B\u00fccher werden jeweils binnen weniger Tage nach Erscheinen auch \u00fcber die <a href=\"http:\/\/primo.fu-berlin.de\/\" target=\"_blank\" rel=\"noreferrer noopener\"><strong>Bibliotheksplattform Primo<\/strong><\/a> recherchierbar und verf\u00fcgbar sein.<\/p>\n\n\n\n<p>Der Zugang zu den Werken ist zum einen <strong>f\u00fcr Angeh\u00f6rige der FU Berlin \u00fcber VPN<\/strong> von einem beliebigen Endger\u00e4t von \u00fcberall her und zum anderen f\u00fcr <strong>alle Benutzenden in Bibliotheken (walk-in user) \u00fcber die dortigen <a href=\"https:\/\/www.jura.fu-berlin.de\/bibliothek\/Recherche\/Thin_Clients\/index.html\" target=\"_blank\" rel=\"noreferrer noopener\">Thin clients<\/a> <\/strong>verf\u00fcgbar.<\/p>\n\n\n\n<p>Nach Abschluss der Lizenzierung im Sommer 2025 werden einzelne Werke dauerhaft erworben werden.<\/p>\n\n\n\n<p>Geben Sie gern R\u00fcckmeldung oder senden Sie R\u00fcckfragen an <a href=\"mailto:bibliothek@rewiss.fu-berlin.de\">bibliothek@rewiss.fu-berlin.de<\/a>.<\/p>\n\n\n\n<p>Text von <a href=\"https:\/\/www.jura.fu-berlin.de\/bibliothek\/Allgemeine_Informationen\/mitarbeiter\/marzik_ulf\/index.html\">Ulf Marzik<\/a><\/p>\n","protected":false},"excerpt":{"rendered":"<p>Gute Nachrichten: F\u00fcr ein Jahr sind die rechtswissenschaftlichen E-Books aus der Mohr Siebeck eLibrary \u00fcber Primo f\u00fcr alle Angeh\u00f6rigen der Freien Universit\u00e4t Berlin verf\u00fcgbar. Das Paket konnte mit zus\u00e4tzlichen Mitteln des Fachbereichs Rechtswissenschaft seit dem 01.08.2024 lizenziert werden und l\u00e4uft bis zum 31.07.2025. Das Paket enth\u00e4lt alle mit Campuslizenz verf\u00fcgbaren E-Books inkl. Neuerscheinungen und Lehrb\u00fccher &hellip; <a href=\"https:\/\/blogs.fu-berlin.de\/bibliotheken\/2024\/09\/06\/alle-e-books-des-verlagssegments-rechtswissenschaft-aus-der-mohr-siebeck-elibrary-fuer-ein-jahr-verfuegbar\/\" class=\"more-link\"><span class=\"screen-reader-text\">\u201eAlle E-Books des Verlagssegments Rechtswissenschaft aus der Mohr Siebeck eLibrary f\u00fcr ein Jahr verf\u00fcgbar\u201c<\/span> weiterlesen<\/a><\/p>\n","protected":false},"author":3230,"featured_media":0,"comment_status":"open","ping_status":"open","sticky":false,"template":"","format":"standard","meta":{"footnotes":""},"categories":[457],"tags":[32,651,2192,2133,57467],"class_list":["post-33184","post","type-post","status-publish","format-standard","hentry","category-digitale-bibliothek","tag-e-books","tag-e-book-collection","tag-lehrbuch","tag-studium","tag-universitatsbibliothek"],"_links":{"self":[{"href":"https:\/\/blogs.fu-berlin.de\/bibliotheken\/wp-json\/wp\/v2\/posts\/33184","targetHints":{"allow":["GET"]}}],"collection":[{"href":"https:\/\/blogs.fu-berlin.de\/bibliotheken\/wp-json\/wp\/v2\/posts"}],"about":[{"href":"https:\/\/blogs.fu-berlin.de\/bibliotheken\/wp-json\/wp\/v2\/types\/post"}],"author":[{"embeddable":true,"href":"https:\/\/blogs.fu-berlin.de\/bibliotheken\/wp-json\/wp\/v2\/users\/3230"}],"replies":[{"embeddable":true,"href":"https:\/\/blogs.fu-berlin.de\/bibliotheken\/wp-json\/wp\/v2\/comments?post=33184"}],"version-history":[{"count":1,"href":"https:\/\/blogs.fu-berlin.de\/bibliotheken\/wp-json\/wp\/v2\/posts\/33184\/revisions"}],"predecessor-version":[{"id":33185,"href":"https:\/\/blogs.fu-berlin.de\/bibliotheken\/wp-json\/wp\/v2\/posts\/33184\/revisions\/33185"}],"wp:attachment":[{"href":"https:\/\/blogs.fu-berlin.de\/bibliotheken\/wp-json\/wp\/v2\/media?parent=33184"}],"wp:term":[{"taxonomy":"category","embeddable":true,"href":"https:\/\/blogs.fu-berlin.de\/bibliotheken\/wp-json\/wp\/v2\/categories?post=33184"},{"taxonomy":"post_tag","embeddable":true,"href":"https:\/\/blogs.fu-berlin.de\/bibliotheken\/wp-json\/wp\/v2\/tags?post=33184"}],"curies":[{"name":"wp","href":"https:\/\/api.w.org\/{rel}","templated":true}]}}