{"id":33252,"date":"2024-10-03T10:14:00","date_gmt":"2024-10-03T09:14:00","guid":{"rendered":"https:\/\/blogs.fu-berlin.de\/bibliotheken\/?p=33252"},"modified":"2024-10-07T07:30:32","modified_gmt":"2024-10-07T06:30:32","slug":"neuer-themenfilm-engagiert-fuer-die-kleinen-gabriele-barthold-kloss","status":"publish","type":"post","link":"https:\/\/blogs.fu-berlin.de\/bibliotheken\/2024\/10\/03\/neuer-themenfilm-engagiert-fuer-die-kleinen-gabriele-barthold-kloss\/","title":{"rendered":"Neuer Themenfilm &#8222;Engagiert f\u00fcr die Kleinen \u2013 Gabriele Barthold-Kloss&#8220;"},"content":{"rendered":"\n<figure class=\"wp-block-image size-full is-style-rounded\"><img loading=\"lazy\" decoding=\"async\" width=\"2560\" height=\"1707\" src=\"https:\/\/blogs.fu-berlin.de\/bibliotheken\/files\/2024\/10\/eg_79-barthold-kloss-scaled.jpg\" alt=\"Gabriele Barthold-Kloss\" class=\"wp-image-33293\" srcset=\"https:\/\/blogs.fu-berlin.de\/bibliotheken\/files\/2024\/10\/eg_79-barthold-kloss-scaled.jpg 2560w, https:\/\/blogs.fu-berlin.de\/bibliotheken\/files\/2024\/10\/eg_79-barthold-kloss-300x200.jpg 300w, https:\/\/blogs.fu-berlin.de\/bibliotheken\/files\/2024\/10\/eg_79-barthold-kloss-1536x1024.jpg 1536w, https:\/\/blogs.fu-berlin.de\/bibliotheken\/files\/2024\/10\/eg_79-barthold-kloss-2048x1365.jpg 2048w, https:\/\/blogs.fu-berlin.de\/bibliotheken\/files\/2024\/10\/eg_79-barthold-kloss-1200x800.jpg 1200w\" sizes=\"auto, (max-width: 709px) 85vw, (max-width: 909px) 67vw, (max-width: 1362px) 62vw, 840px\" \/><figcaption>Quelle: Erlebte Geschichte &#8211; Freie Universit\u00e4t Berlin. Fotograf: Daniel Goede<\/figcaption><\/figure>\n\n\n\n<p>Ein neuer Themenfilm der Plattform <a rel=\"noreferrer noopener\" href=\"https:\/\/erlebte-geschichte.fu-berlin.de\/\" data-type=\"URL\" data-id=\"https:\/\/erlebte-geschichte.fu-berlin.de\/\" target=\"_blank\">Erlebte Geschichte<\/a> ist online. <br><br>W\u00e4hrend der Studentenunruhen der sp\u00e4ten 1960er Jahre entstand die Idee, dass es an der Freien Universit\u00e4t einen Ort zur antiautorit\u00e4ren Erziehung der Kinder geben sollte. Mit der Er\u00f6ffnung der Kindertagesst\u00e4tte an der FU 1977 hatte sich diese Idee vielen Realit\u00e4ten zu stellen. \u00dcber vierzig Jahre gestaltete Gabriele Barthold-Kloss die Einrichtung und deren p\u00e4dagogische Ausrichtung als engagierte Erzieherin und stellvertretende Leiterin mit.<br>In einem <a href=\"https:\/\/egesch.cedis.fu-berlin.de\/personen\/gabriele-barthold-kloss\" data-type=\"URL\" data-id=\"https:\/\/egesch.cedis.fu-berlin.de\/personen\/gabriele-barthold-kloss\" target=\"_blank\" rel=\"noreferrer noopener\">neuen Portraitfilm<\/a> schildert sie ihre vielf\u00e4ltigen Erfahrungen.<br><\/p>\n","protected":false},"excerpt":{"rendered":"<p>Ein neuer Themenfilm der Plattform Erlebte Geschichte ist online. W\u00e4hrend der Studentenunruhen der sp\u00e4ten 1960er Jahre entstand die Idee, dass es an der Freien Universit\u00e4t einen Ort zur antiautorit\u00e4ren Erziehung der Kinder geben sollte. Mit der Er\u00f6ffnung der Kindertagesst\u00e4tte an der FU 1977 hatte sich diese Idee vielen Realit\u00e4ten zu stellen. \u00dcber vierzig Jahre gestaltete &hellip; <a href=\"https:\/\/blogs.fu-berlin.de\/bibliotheken\/2024\/10\/03\/neuer-themenfilm-engagiert-fuer-die-kleinen-gabriele-barthold-kloss\/\" class=\"more-link\"><span class=\"screen-reader-text\">\u201eNeuer Themenfilm &#8222;Engagiert f\u00fcr die Kleinen \u2013 Gabriele Barthold-Kloss&#8220;\u201c<\/span> weiterlesen<\/a><\/p>\n","protected":false},"author":1427,"featured_media":0,"comment_status":"open","ping_status":"open","sticky":false,"template":"","format":"standard","meta":{"footnotes":""},"categories":[9],"tags":[471620,74,2593,584864,471612],"class_list":["post-33252","post","type-post","status-publish","format-standard","hentry","category-allgemein","tag-erlebte-geschichte","tag-freie-universitat-berlin","tag-oral-history","tag-themenfilm","tag-universitaetsgeschichte"],"_links":{"self":[{"href":"https:\/\/blogs.fu-berlin.de\/bibliotheken\/wp-json\/wp\/v2\/posts\/33252","targetHints":{"allow":["GET"]}}],"collection":[{"href":"https:\/\/blogs.fu-berlin.de\/bibliotheken\/wp-json\/wp\/v2\/posts"}],"about":[{"href":"https:\/\/blogs.fu-berlin.de\/bibliotheken\/wp-json\/wp\/v2\/types\/post"}],"author":[{"embeddable":true,"href":"https:\/\/blogs.fu-berlin.de\/bibliotheken\/wp-json\/wp\/v2\/users\/1427"}],"replies":[{"embeddable":true,"href":"https:\/\/blogs.fu-berlin.de\/bibliotheken\/wp-json\/wp\/v2\/comments?post=33252"}],"version-history":[{"count":3,"href":"https:\/\/blogs.fu-berlin.de\/bibliotheken\/wp-json\/wp\/v2\/posts\/33252\/revisions"}],"predecessor-version":[{"id":33296,"href":"https:\/\/blogs.fu-berlin.de\/bibliotheken\/wp-json\/wp\/v2\/posts\/33252\/revisions\/33296"}],"wp:attachment":[{"href":"https:\/\/blogs.fu-berlin.de\/bibliotheken\/wp-json\/wp\/v2\/media?parent=33252"}],"wp:term":[{"taxonomy":"category","embeddable":true,"href":"https:\/\/blogs.fu-berlin.de\/bibliotheken\/wp-json\/wp\/v2\/categories?post=33252"},{"taxonomy":"post_tag","embeddable":true,"href":"https:\/\/blogs.fu-berlin.de\/bibliotheken\/wp-json\/wp\/v2\/tags?post=33252"}],"curies":[{"name":"wp","href":"https:\/\/api.w.org\/{rel}","templated":true}]}}