{"id":33270,"date":"2024-09-27T10:30:26","date_gmt":"2024-09-27T09:30:26","guid":{"rendered":"https:\/\/blogs.fu-berlin.de\/bibliotheken\/?p=33270"},"modified":"2024-09-27T12:49:35","modified_gmt":"2024-09-27T11:49:35","slug":"vocatium-ausbilungspreis-3-platz-fuer-ub-azubi","status":"publish","type":"post","link":"https:\/\/blogs.fu-berlin.de\/bibliotheken\/2024\/09\/27\/vocatium-ausbilungspreis-3-platz-fuer-ub-azubi\/","title":{"rendered":"vocatium Ausbildungspreis: 3. Platz f\u00fcr UB-Azubi"},"content":{"rendered":"\n<p>Bis Ende Juni 2024 rief das Institut f\u00fcr Talententwicklung (IfT) Auszubildende in ganz Deutschland dazu auf, im Rahmen des j\u00e4hrlich vergebenen <a rel=\"noreferrer noopener\" href=\"https:\/\/www.erfolg-im-beruf.de\/vocatium-ausbildungspreis\" target=\"_blank\">vocatium Ausbildungspreises<\/a> einen Text zum Thema \u201eWarum ich meine Ausbildung liebe\u201c zu verfassen. Die kurzen Beitr\u00e4ge (Umfang max. 1 DIN-A4-Seite) sollen Sch\u00fcler*innen bei der Berufswahl unterst\u00fctzen und gleichzeitig die teilnehmenden Azubis dazu anregen, ihre Arbeit zu reflektieren.<\/p>\n\n\n\n<p>Unter den Teilnehmenden war dieses Jahr auch Alexander Baals, Auszubildender zum <a href=\"https:\/\/www.fu-berlin.de\/sites\/ub\/ueber-uns\/ausbildung\/fami\/index.html\">Fachangestellten f\u00fcr Medien- und Informationsdienste<\/a> (Kurzform: \u201eFaMI\u201c) im zweiten Lehrjahr an der Universit\u00e4tsbibliothek der Freien Universit\u00e4t Berlin. Vor einigen Wochen erhielt er die erfreuliche Nachricht, dass sein Text unter 800 Teilnehmenden den 3. Platz belegt hat.<\/p>\n\n\n\n<p>Verbunden mit dem guten Abschneiden und einem Preisgeld von 900 Euro war eine Einladung zur vocatium-Ausbildungsmesse am 18. September 2024 in der Stadthalle Falkensee. Dort durfte Alexander Baals seinen Text auch einem breiten Publikum vortragen.<\/p>\n\n\n\n<figure class=\"wp-block-gallery has-nested-images columns-default is-cropped wp-block-gallery-1 is-layout-flex wp-block-gallery-is-layout-flex\">\n<figure class=\"wp-block-image size-large\"><img loading=\"lazy\" decoding=\"async\" width=\"1200\" height=\"1600\" data-id=\"33274\" src=\"https:\/\/blogs.fu-berlin.de\/bibliotheken\/files\/2024\/09\/baals_vocatium_1.jpg\" alt=\"\" class=\"wp-image-33274\" srcset=\"https:\/\/blogs.fu-berlin.de\/bibliotheken\/files\/2024\/09\/baals_vocatium_1.jpg 1200w, https:\/\/blogs.fu-berlin.de\/bibliotheken\/files\/2024\/09\/baals_vocatium_1-225x300.jpg 225w, https:\/\/blogs.fu-berlin.de\/bibliotheken\/files\/2024\/09\/baals_vocatium_1-1152x1536.jpg 1152w\" sizes=\"auto, (max-width: 709px) 85vw, (max-width: 909px) 67vw, (max-width: 1362px) 62vw, 840px\" \/><figcaption>(Bildquelle: IfT \/ vocatium Ausbildungspreis)<\/figcaption><\/figure>\n\n\n\n<figure class=\"wp-block-image size-large\"><img loading=\"lazy\" decoding=\"async\" width=\"1200\" height=\"1600\" data-id=\"33275\" src=\"https:\/\/blogs.fu-berlin.de\/bibliotheken\/files\/2024\/09\/baals_vocatium_2.jpg\" alt=\"\" class=\"wp-image-33275\" srcset=\"https:\/\/blogs.fu-berlin.de\/bibliotheken\/files\/2024\/09\/baals_vocatium_2.jpg 1200w, https:\/\/blogs.fu-berlin.de\/bibliotheken\/files\/2024\/09\/baals_vocatium_2-225x300.jpg 225w, https:\/\/blogs.fu-berlin.de\/bibliotheken\/files\/2024\/09\/baals_vocatium_2-1152x1536.jpg 1152w\" sizes=\"auto, (max-width: 709px) 85vw, (max-width: 909px) 67vw, (max-width: 1362px) 62vw, 840px\" \/><figcaption>(Bildquelle: IfT \/ vocatium Ausbildungspreis)<\/figcaption><\/figure>\n<\/figure>\n\n\n\n<blockquote class=\"wp-block-quote is-layout-flow wp-block-quote-is-layout-flow\"><p><br>All die positiven Reaktionen, die ich auf meinen Text erhalten habe, haben mich ber\u00fchrt und ber\u00fchren mich immer noch.<br><br>Und der Preis ist nat\u00fcrlich auch ganz nett \ud83d\ude09<\/p><cite>Alexander Baals<\/cite><\/blockquote>\n\n\n\n<p>Wir gratulieren ihm ganz herzlich zum erfolgreichen Abschneiden und m\u00f6chten Euch seinen Beitrag nicht vorenthalten:<\/p>\n\n\n\n<p><em>In einer Welt, in der die Menge an Informationen st\u00e4ndig zunimmt, ist es nicht verwunderlich, dass viele Menschen das Gef\u00fchl haben, in dieser Flut unterzugehen. Es scheint zun\u00e4chst kontraintuitiv zu sein, dass eine gr\u00f6\u00dfere Menge an Informationen den Wissenserwerb erschwert, aber genau das ist h\u00e4ufig der Fall. Vor allem mit dem Aufkommen der k\u00fcnstlichen Intelligenz wird das Wasser noch un\u00fcbersichtlicher und hektischer. Man muss lernen, sein Boot zu steuern, Informationen zu interpretieren und zu filtern.<\/em><\/p>\n\n\n\n<p><em>Ich sehe meinen Beruf, den des Fachangestellten f\u00fcr Medien- und Informationsdienste, als Leuchtturm in dieser Metapher; in meiner Fachrichtung Bibliothek oder auch in den anderen. Es erf\u00fcllt mich, wenn ich mit meiner Arbeit helfen kann, sich im Meer der Informationen zurechtzufinden. Ein Wegweiser des Wissens zu sein? Ziemlich cool!<\/em><\/p>\n\n\n\n<p><em>Gerade an der Freien Universit\u00e4t Berlin bin ich von vielen klugen und wissbegierigen Menschen umgeben. Das wirkt mitrei\u00dfend auf mich. Diese Nutzer der Bibliothek verf\u00fcgen \u00fcber Fachkompetenzen, von denen mir meist die tieferen Einblicke und das Verst\u00e4ndnis fehlt. Aber ich bin in der Lage, sie zu den Informationen zu bringen, sie durch den Bibliothekskatalog oder die physischen Magazine zu f\u00fchren.<\/em><\/p>\n\n\n\n<p><em>B\u00fccher sind wunderbar, aber ich sehe sie nicht als Kern der Bibliotheksarbeit. Vor allem mit dem st\u00e4ndigen Wandel, der Digitalisierung und der gro\u00dfen Frage, was es bedeutet, ein Ort der Begegnung zu sein. Aber ich glaube, der Kern war schon immer derselbe. Der Angelpunkt waren noch nie B\u00fccher. Der Kern war jedoch schon immer in den B\u00fcchern, die Informationen, und die sind in so viel mehr enthalten als nur dort. Von Datenbanken bis zu Zeitungsartikeln, \u00fcberall flie\u00dfen sie. Nicht aufzuhalten. Nicht einzusperren. Und oft so un\u00fcbersichtlich und verwirrend.<\/em><\/p>\n\n\n\n<p><em>Medien und Informationen sind schon etwas Gro\u00dfartiges. Ich finde, sie sind ein gro\u00dfer Teil dessen, was uns als Menschen ausmacht. Ich bin froh, Teil eines Berufsfeldes zu sein, das daf\u00fcr steht, dass jeder einen freien und offenen Zugang zu Wissen und Informationen hat. Ich finde es wichtig und ich wei\u00df, warum der Beruf wichtig ist und ich bin mir sicher, dass dies eine der wichtigsten Variablen ist, die erf\u00fcllt sein muss, um seinen Beruf zu m\u00f6gen.<\/em><\/p>\n\n\n\n<p><em>Ich kann die Ausbildung allen empfehlen, die sich von dem Ruf des Informationsmeers angesprochen f\u00fchlen.<\/em> <br>(Text: Alexander Baals)<\/p>\n\n\n\n<p>Neugierig auf die Ausbildung bei uns geworden? <strong>Gegenw\u00e4rtig sucht die Universit\u00e4tsbibliothek neue FaMI-Azubis zum Einstellungszeitraum 01.09.2025. Ihr k\u00f6nnt Euch bis zum 31.12.2024 <a rel=\"noreferrer noopener\" href=\"https:\/\/www.fu-berlin.de\/sites\/ausbildung\/ausbildungsberufe\/fachangestellte-r-medien-informationsdienste\/index.html\" target=\"_blank\">bei uns bewerben<\/a>.<\/strong> Und keine Bange, Schulnoten sind nicht alles \u2013 bei uns geben unter anderem Freude am Umgang mit Publikum, Interesse an verschiedenen Medien und digitalen Dienstleistungen sowie Teamf\u00e4higkeit und Zuverl\u00e4ssigkeit den Ausschlag. Weitere Informationen zur Ausbildung erhaltet Ihr <a rel=\"noreferrer noopener\" href=\"https:\/\/www.fu-berlin.de\/sites\/ub\/ueber-uns\/ausbildung\/fami\/index.html\" target=\"_blank\">auf unserer Website<\/a>.<\/p>\n","protected":false},"excerpt":{"rendered":"<p>Bis Ende Juni 2024 rief das Institut f\u00fcr Talententwicklung (IfT) Auszubildende in ganz Deutschland dazu auf, im Rahmen des j\u00e4hrlich vergebenen vocatium Ausbildungspreises einen Text zum Thema \u201eWarum ich meine Ausbildung liebe\u201c zu verfassen. Die kurzen Beitr\u00e4ge (Umfang max. 1 DIN-A4-Seite) sollen Sch\u00fcler*innen bei der Berufswahl unterst\u00fctzen und gleichzeitig die teilnehmenden Azubis dazu anregen, ihre &hellip; <a href=\"https:\/\/blogs.fu-berlin.de\/bibliotheken\/2024\/09\/27\/vocatium-ausbilungspreis-3-platz-fuer-ub-azubi\/\" class=\"more-link\"><span class=\"screen-reader-text\">\u201evocatium Ausbildungspreis: 3. Platz f\u00fcr UB-Azubi\u201c<\/span> weiterlesen<\/a><\/p>\n","protected":false},"author":293,"featured_media":0,"comment_status":"open","ping_status":"open","sticky":false,"template":"","format":"standard","meta":{"footnotes":""},"categories":[9,601],"tags":[529,736,735,989,1003],"class_list":["post-33270","post","type-post","status-publish","format-standard","hentry","category-allgemein","category-universitatsbibliothek","tag-ausbildung","tag-fachangestellte-fur-medien-und-informationsdienste","tag-fami","tag-fami-ausbildung","tag-schreibwettbewerb"],"_links":{"self":[{"href":"https:\/\/blogs.fu-berlin.de\/bibliotheken\/wp-json\/wp\/v2\/posts\/33270","targetHints":{"allow":["GET"]}}],"collection":[{"href":"https:\/\/blogs.fu-berlin.de\/bibliotheken\/wp-json\/wp\/v2\/posts"}],"about":[{"href":"https:\/\/blogs.fu-berlin.de\/bibliotheken\/wp-json\/wp\/v2\/types\/post"}],"author":[{"embeddable":true,"href":"https:\/\/blogs.fu-berlin.de\/bibliotheken\/wp-json\/wp\/v2\/users\/293"}],"replies":[{"embeddable":true,"href":"https:\/\/blogs.fu-berlin.de\/bibliotheken\/wp-json\/wp\/v2\/comments?post=33270"}],"version-history":[{"count":11,"href":"https:\/\/blogs.fu-berlin.de\/bibliotheken\/wp-json\/wp\/v2\/posts\/33270\/revisions"}],"predecessor-version":[{"id":33287,"href":"https:\/\/blogs.fu-berlin.de\/bibliotheken\/wp-json\/wp\/v2\/posts\/33270\/revisions\/33287"}],"wp:attachment":[{"href":"https:\/\/blogs.fu-berlin.de\/bibliotheken\/wp-json\/wp\/v2\/media?parent=33270"}],"wp:term":[{"taxonomy":"category","embeddable":true,"href":"https:\/\/blogs.fu-berlin.de\/bibliotheken\/wp-json\/wp\/v2\/categories?post=33270"},{"taxonomy":"post_tag","embeddable":true,"href":"https:\/\/blogs.fu-berlin.de\/bibliotheken\/wp-json\/wp\/v2\/tags?post=33270"}],"curies":[{"name":"wp","href":"https:\/\/api.w.org\/{rel}","templated":true}]}}