{"id":33343,"date":"2024-10-15T10:28:00","date_gmt":"2024-10-15T09:28:00","guid":{"rendered":"https:\/\/blogs.fu-berlin.de\/bibliotheken\/?p=33343"},"modified":"2024-10-16T16:32:01","modified_gmt":"2024-10-16T15:32:01","slug":"deutscher-buchpreis-2024-fuer-martina-hefter","status":"publish","type":"post","link":"https:\/\/blogs.fu-berlin.de\/bibliotheken\/2024\/10\/15\/deutscher-buchpreis-2024-fuer-martina-hefter\/","title":{"rendered":"Deutscher Buchpreis 2024 f\u00fcr Martina Hefter"},"content":{"rendered":"\n<p>Zwei Tage vor Beginn der Frankfurter Buchmesse ist am Montag im Frankfurter R\u00f6mer der&nbsp;<a href=\"https:\/\/www.deutscher-buchpreis.de\/nominiert\/\">Deutsche Buchpreis<\/a>&nbsp;f\u00fcr den besten \u201eRoman des Jahres\u201c verliehen worden. War im letzten Jahr noch der \u00d6sterreicher Tonio Schachinger <em>(<a href=\"https:\/\/fu-berlin.primo.exlibrisgroup.com\/permalink\/49KOBV_FUB\/1v1tp5h\/alma9961070812402883\">Echtzeitalter<\/a>)<\/em> siegreich, ging die Auszeichnung des Deutschen Buchhandels zum 20. Jubil\u00e4um an <em><a rel=\"noreferrer noopener\" href=\"https:\/\/fu-berlin.primo.exlibrisgroup.com\/permalink\/49KOBV_FUB\/1v1tp5h\/alma9961589007802883\" target=\"_blank\">Hey guten Morgen, wie geht es dir?<\/a>  <\/em>von Martina Hefter. Der Titel erschien im Juli im Verlag Klett-Cotta.<\/p>\n\n\n\n<p>In dem scheinbar stark autobiografischen Werk steht die in Leipzig lebende Performance-K\u00fcnstlerin Juno im Mittelpunkt, die ihren an Multipler Sklerose erkrankten Ehemann Jupiter pflegt. In der Nacht sucht Hefters Protagonistin \u00fcber das Internet den Kontakt zu Liebesschwindlern, die die Mitf\u00fcnfzigerin mit Hilfe von Fake-Profilen finanziell auszubeuten versuchen. Juno durchschaut jedoch deren Masche und dreht den Spie\u00df einfach um. Sie erfindet sich selbst in den Chats mit den Betr\u00fcgern immer wieder neu, ehe sie die Bekanntschaft mit dem Nigerianer Benu macht. Dieser durchschaut ihr Spiel und es beginnt sich eine besondere Vebindung zwischen den beiden zu entwickeln.<\/p>\n\n\n\n<p>In der Begr\u00fcndung der Jury hei\u00dft es:<\/p>\n\n\n\n<blockquote class=\"wp-block-quote is-layout-flow wp-block-quote-is-layout-flow\"><p>\u201eEs stellt sich die Frage, wer hier wen ausbeutet \u2013 und was passiert, wenn wider Erwarten die Grenzen zwischen digitalem Spiel und realer Zuneigung verschwimmen. Auf faszinierende Weise verbindet der Roman zerm\u00fcrbenden Alltag mit mythologischen Figuren und kosmischen Dimensionen, er navigiert zwischen Melancholie und Euphorie, reflektiert \u00fcber Vertrauen und T\u00e4uschung. Von all dem erz\u00e4hlt Martina Hefter in ihrem klug choreografierten Roman, der eine ganz eigene Anziehungskraft aus\u00fcbt.\u201c<\/p><\/blockquote>\n\n\n\n<p>Martina Hefter darf sich \u00fcber ein Preisgeld von 25.000 Euro freuen. Ihre f\u00fcnf Mitfinalist*innen auf der Shortlist erhalten jeweils 2.500 Euro:<\/p>\n\n\n\n<ul class=\"wp-block-list\"><li>Maren Kames:&nbsp;<a href=\"https:\/\/fu-berlin.primo.exlibrisgroup.com\/permalink\/49KOBV_FUB\/1v1tp5h\/alma9961450407802883\" target=\"_blank\" rel=\"noreferrer noopener\">Hasenprosa<\/a>&nbsp;(Suhrkamp Verlag, M\u00e4rz 2024)<\/li><li>Clemens Meyer:&nbsp;<a href=\"https:\/\/fu-berlin.primo.exlibrisgroup.com\/permalink\/49KOBV_FUB\/1v1tp5h\/alma9961636712702883\" target=\"_blank\" rel=\"noreferrer noopener\">Die Projektoren<\/a>&nbsp;(S. Fischer Verlag, August 2024)<\/li><li>Ronya Othmann:&nbsp;<a href=\"https:\/\/fu-berlin.primo.exlibrisgroup.com\/permalink\/49KOBV_FUB\/1v1tp5h\/alma9961437595402883\" target=\"_blank\" rel=\"noreferrer noopener\">Vierundsiebzig<\/a>&nbsp;(Rowohlt Verlag, M\u00e4rz 2024)<\/li><li>Markus Thielemann:&nbsp;<a href=\"https:\/\/fu-berlin.primo.exlibrisgroup.com\/permalink\/49KOBV_FUB\/1v1tp5h\/alma9961589008002883\" target=\"_blank\" rel=\"noreferrer noopener\">Von Norden rollt ein Donner<\/a>&nbsp;(Verlag C.H.Beck, Juli 2024)<\/li><li>Iris Wolff:&nbsp;<a href=\"https:\/\/fu-berlin.primo.exlibrisgroup.com\/permalink\/49KOBV_FUB\/1v1tp5h\/alma9961389199202883\" target=\"_blank\" rel=\"noreferrer noopener\">Lichtungen<\/a>&nbsp;(Klett-Cotta, Januar 2024)<\/li><\/ul>\n\n\n\n<p>Die Jury bestand aus sieben Mitgliedern: Natascha Freundel (rbb), Gerrit Bartels (Der Tagesspiegel), Magda Birkmann (freie Literaturvermittlerin und Buchh\u00e4ndlerin), Torsten Hoffmann (Universit\u00e4t Stuttgart), Marianna Lieder (freie Kritikerin), Regina Moths (Buchhandlung Literatur Moths) und Klaus N\u00fcchtern (Der Falter).<\/p>\n\n\n\n<p>Die\u00a0<a rel=\"noreferrer noopener\" href=\"https:\/\/www.fu-berlin.de\/sites\/philbib\/index.html\" target=\"_blank\">Philologische Bibliothek<\/a>\u00a0war schnell und hat alle Titel auf der Short- und <a href=\"https:\/\/blogs.fu-berlin.de\/bibliotheken\/2024\/08\/29\/longlist-fuer-den-deutschen-buchpreis-2024-veroeffentlicht\/\">Longlist<\/a> zur Ausleihe parat.<\/p>\n\n\n\n<p class=\"has-small-font-size\">(Bildquelle: \u00a9 Christof Jakob)<\/p>\n\n\n\n<p><em>Vielen Dank an Alexander Baals (Auszubildender zum Fachangestellten f\u00fcr Medien- und Informationsdienste) f\u00fcr die Mithilfe bei diesem Posting!<\/em><\/p>\n","protected":false},"excerpt":{"rendered":"<p>Zwei Tage vor Beginn der Frankfurter Buchmesse ist am Montag im Frankfurter R\u00f6mer der&nbsp;Deutsche Buchpreis&nbsp;f\u00fcr den besten \u201eRoman des Jahres\u201c verliehen worden. War im letzten Jahr noch der \u00d6sterreicher Tonio Schachinger (Echtzeitalter) siegreich, ging die Auszeichnung des Deutschen Buchhandels zum 20. Jubil\u00e4um an Hey guten Morgen, wie geht es dir? von Martina Hefter. Der Titel &hellip; <a href=\"https:\/\/blogs.fu-berlin.de\/bibliotheken\/2024\/10\/15\/deutscher-buchpreis-2024-fuer-martina-hefter\/\" class=\"more-link\"><span class=\"screen-reader-text\">\u201eDeutscher Buchpreis 2024 f\u00fcr Martina Hefter\u201c<\/span> weiterlesen<\/a><\/p>\n","protected":false},"author":293,"featured_media":33347,"comment_status":"open","ping_status":"open","sticky":false,"template":"","format":"standard","meta":{"footnotes":""},"categories":[9],"tags":[],"class_list":["post-33343","post","type-post","status-publish","format-standard","has-post-thumbnail","hentry","category-allgemein"],"_links":{"self":[{"href":"https:\/\/blogs.fu-berlin.de\/bibliotheken\/wp-json\/wp\/v2\/posts\/33343","targetHints":{"allow":["GET"]}}],"collection":[{"href":"https:\/\/blogs.fu-berlin.de\/bibliotheken\/wp-json\/wp\/v2\/posts"}],"about":[{"href":"https:\/\/blogs.fu-berlin.de\/bibliotheken\/wp-json\/wp\/v2\/types\/post"}],"author":[{"embeddable":true,"href":"https:\/\/blogs.fu-berlin.de\/bibliotheken\/wp-json\/wp\/v2\/users\/293"}],"replies":[{"embeddable":true,"href":"https:\/\/blogs.fu-berlin.de\/bibliotheken\/wp-json\/wp\/v2\/comments?post=33343"}],"version-history":[{"count":4,"href":"https:\/\/blogs.fu-berlin.de\/bibliotheken\/wp-json\/wp\/v2\/posts\/33343\/revisions"}],"predecessor-version":[{"id":33350,"href":"https:\/\/blogs.fu-berlin.de\/bibliotheken\/wp-json\/wp\/v2\/posts\/33343\/revisions\/33350"}],"wp:featuredmedia":[{"embeddable":true,"href":"https:\/\/blogs.fu-berlin.de\/bibliotheken\/wp-json\/wp\/v2\/media\/33347"}],"wp:attachment":[{"href":"https:\/\/blogs.fu-berlin.de\/bibliotheken\/wp-json\/wp\/v2\/media?parent=33343"}],"wp:term":[{"taxonomy":"category","embeddable":true,"href":"https:\/\/blogs.fu-berlin.de\/bibliotheken\/wp-json\/wp\/v2\/categories?post=33343"},{"taxonomy":"post_tag","embeddable":true,"href":"https:\/\/blogs.fu-berlin.de\/bibliotheken\/wp-json\/wp\/v2\/tags?post=33343"}],"curies":[{"name":"wp","href":"https:\/\/api.w.org\/{rel}","templated":true}]}}