{"id":33410,"date":"2024-11-08T09:59:00","date_gmt":"2024-11-08T08:59:00","guid":{"rendered":"https:\/\/blogs.fu-berlin.de\/bibliotheken\/?p=33410"},"modified":"2024-11-05T10:01:11","modified_gmt":"2024-11-05T09:01:11","slug":"neuer-themenfilm-aus-dem-hoersaal-in-die-philharmonie-das-collegium-musicum","status":"publish","type":"post","link":"https:\/\/blogs.fu-berlin.de\/bibliotheken\/2024\/11\/08\/neuer-themenfilm-aus-dem-hoersaal-in-die-philharmonie-das-collegium-musicum\/","title":{"rendered":"Neuer Themenfilm &#8222;Aus dem H\u00f6rsaal in die Philharmonie \u2013 Das Collegium Musicum&#8220;"},"content":{"rendered":"\n<p>Ein neuer Themenfilm der Plattform\u00a0<a href=\"https:\/\/erlebte-geschichte.fu-berlin.de\/themen\/lebensort-fu\/das-collegium-musicumg\" data-type=\"URL\" data-id=\"https:\/\/erlebte-geschichte.fu-berlin.de\/themen\/lebensort-fu\/das-collegium-musicumg\" target=\"_blank\" rel=\"noreferrer noopener\">Erlebte Geschichte<\/a>\u00a0ist online.<\/p>\n\n\n\n<p>Nicht nur mit Forschung und Lehre sorgt die Freie Universit\u00e4t Berlin f\u00fcr die Attraktivit\u00e4t der Stadt \u2013 auch zum Kulturleben leistet sie mit dem Collegium Musicum Berlin \u2013 zusammen mit der Technischen Universit\u00e4t Berlin \u2013 einen vielbeachteten Beitrag. Das Orchester, das in den 1950er Jahren in \u00fcberschaubarer Gr\u00f6\u00dfe begann, schaffte es sogar bis in die Philharmonie.<\/p>\n\n\n\n<p><sup>Bildquelle: FU Berlin Universit\u00e4tsarchiv Foto-S Foto-UK\/0086\/ Foto: Inge Kundel-Saro<\/sup><\/p>\n","protected":false},"excerpt":{"rendered":"<p>Ein neuer Themenfilm der Plattform\u00a0Erlebte Geschichte\u00a0ist online. Nicht nur mit Forschung und Lehre sorgt die Freie Universit\u00e4t Berlin f\u00fcr die Attraktivit\u00e4t der Stadt \u2013 auch zum Kulturleben leistet sie mit dem Collegium Musicum Berlin \u2013 zusammen mit der Technischen Universit\u00e4t Berlin \u2013 einen vielbeachteten Beitrag. Das Orchester, das in den 1950er Jahren in \u00fcberschaubarer Gr\u00f6\u00dfe &hellip; <a href=\"https:\/\/blogs.fu-berlin.de\/bibliotheken\/2024\/11\/08\/neuer-themenfilm-aus-dem-hoersaal-in-die-philharmonie-das-collegium-musicum\/\" class=\"more-link\"><span class=\"screen-reader-text\">\u201eNeuer Themenfilm &#8222;Aus dem H\u00f6rsaal in die Philharmonie \u2013 Das Collegium Musicum&#8220;\u201c<\/span> weiterlesen<\/a><\/p>\n","protected":false},"author":1427,"featured_media":33417,"comment_status":"open","ping_status":"open","sticky":false,"template":"","format":"standard","meta":{"footnotes":""},"categories":[9,603],"tags":[471620,74,2593,584864,471612],"class_list":["post-33410","post","type-post","status-publish","format-standard","has-post-thumbnail","hentry","category-allgemein","category-vorgestellt","tag-erlebte-geschichte","tag-freie-universitat-berlin","tag-oral-history","tag-themenfilm","tag-universitaetsgeschichte"],"_links":{"self":[{"href":"https:\/\/blogs.fu-berlin.de\/bibliotheken\/wp-json\/wp\/v2\/posts\/33410","targetHints":{"allow":["GET"]}}],"collection":[{"href":"https:\/\/blogs.fu-berlin.de\/bibliotheken\/wp-json\/wp\/v2\/posts"}],"about":[{"href":"https:\/\/blogs.fu-berlin.de\/bibliotheken\/wp-json\/wp\/v2\/types\/post"}],"author":[{"embeddable":true,"href":"https:\/\/blogs.fu-berlin.de\/bibliotheken\/wp-json\/wp\/v2\/users\/1427"}],"replies":[{"embeddable":true,"href":"https:\/\/blogs.fu-berlin.de\/bibliotheken\/wp-json\/wp\/v2\/comments?post=33410"}],"version-history":[{"count":5,"href":"https:\/\/blogs.fu-berlin.de\/bibliotheken\/wp-json\/wp\/v2\/posts\/33410\/revisions"}],"predecessor-version":[{"id":33421,"href":"https:\/\/blogs.fu-berlin.de\/bibliotheken\/wp-json\/wp\/v2\/posts\/33410\/revisions\/33421"}],"wp:featuredmedia":[{"embeddable":true,"href":"https:\/\/blogs.fu-berlin.de\/bibliotheken\/wp-json\/wp\/v2\/media\/33417"}],"wp:attachment":[{"href":"https:\/\/blogs.fu-berlin.de\/bibliotheken\/wp-json\/wp\/v2\/media?parent=33410"}],"wp:term":[{"taxonomy":"category","embeddable":true,"href":"https:\/\/blogs.fu-berlin.de\/bibliotheken\/wp-json\/wp\/v2\/categories?post=33410"},{"taxonomy":"post_tag","embeddable":true,"href":"https:\/\/blogs.fu-berlin.de\/bibliotheken\/wp-json\/wp\/v2\/tags?post=33410"}],"curies":[{"name":"wp","href":"https:\/\/api.w.org\/{rel}","templated":true}]}}