{"id":33540,"date":"2024-12-02T09:09:32","date_gmt":"2024-12-02T08:09:32","guid":{"rendered":"https:\/\/blogs.fu-berlin.de\/bibliotheken\/?p=33540"},"modified":"2024-12-02T09:09:32","modified_gmt":"2024-12-02T08:09:32","slug":"der-buecherbasar-verabschiedet-sich","status":"publish","type":"post","link":"https:\/\/blogs.fu-berlin.de\/bibliotheken\/2024\/12\/02\/der-buecherbasar-verabschiedet-sich\/","title":{"rendered":"Der B\u00fccherbasar verabschiedet sich!"},"content":{"rendered":"\n<p>Viele Jahre hat der <a href=\"https:\/\/www.fu-berlin.de\/sites\/philbib\/05Ueber-uns\/buecherbasar-foerderkreis\/index.html\">F\u00f6rderkreis Philologische Bibliothek e.V.<\/a> mit seinem B\u00fccherbasar die Philologische Bibliothek unterst\u00fctzt. Der F\u00f6rderkreis geht zur\u00fcck auf eine studentische Initiative mit dem Ziel, Geldmittel f\u00fcr Neuerwerbungen der Bibliothek zu sammeln.<\/p>\n\n\n\n<p>Mit ehrenamtlicher Unterst\u00fctzung wurde der Basar an drei Tagen der Woche f\u00fcr f\u00fcnf Stunden ge\u00f6ffnet.<br>Dank einer gro\u00dfen Auswahl an B\u00fcchern und Schallplatten hatte der Basar f\u00fcr jeden Geschmack etwas zu bieten und ist so zu einem gern besuchten Ort f\u00fcr alle mit einer Vorliebe f\u00fcr Literatur und Musik geworden.<\/p>\n\n\n\n<p>Seit einiger Zeit wird der Basar nicht mehr betrieben, die Best\u00e4nde verblieben jedoch in den R\u00e4umlichkeiten.<br>Nun soll sich auch das \u00e4ndern. Mit Aufl\u00f6sung des F\u00f6rderkreises werden die noch \u00fcbrigen Medien, die sich im B\u00fccherbasar befinden, gesichtet und f\u00fcr eine Verkaufsaktion vorbereitet.<\/p>\n\n\n\n<p>Ab heute, dem 02.12.2024, werden die besagten Best\u00e4nde in der <a href=\"https:\/\/www.fu-berlin.de\/sites\/philbib\/index.html\">Philologischen Bibliothek<\/a> zum Verkauf angeboten. F\u00fcr <strong>einen Euro<\/strong> kann jeder, der interessiert ist, Literatur zu den verschiedensten Themengebieten erwerben und so noch einmal die Bibliothek unterst\u00fctzen.<\/p>\n","protected":false},"excerpt":{"rendered":"<p>Viele Jahre hat der F\u00f6rderkreis Philologische Bibliothek e.V. mit seinem B\u00fccherbasar die Philologische Bibliothek unterst\u00fctzt. Der F\u00f6rderkreis geht zur\u00fcck auf eine studentische Initiative mit dem Ziel, Geldmittel f\u00fcr Neuerwerbungen der Bibliothek zu sammeln. Mit ehrenamtlicher Unterst\u00fctzung wurde der Basar an drei Tagen der Woche f\u00fcr f\u00fcnf Stunden ge\u00f6ffnet.Dank einer gro\u00dfen Auswahl an B\u00fcchern und Schallplatten &hellip; <a href=\"https:\/\/blogs.fu-berlin.de\/bibliotheken\/2024\/12\/02\/der-buecherbasar-verabschiedet-sich\/\" class=\"more-link\"><span class=\"screen-reader-text\">\u201eDer B\u00fccherbasar verabschiedet sich!\u201c<\/span> weiterlesen<\/a><\/p>\n","protected":false},"author":3230,"featured_media":0,"comment_status":"open","ping_status":"open","sticky":false,"template":"","format":"standard","meta":{"footnotes":""},"categories":[9],"tags":[1693,791,1112],"class_list":["post-33540","post","type-post","status-publish","format-standard","hentry","category-allgemein","tag-bucherbasar","tag-buchverkauf","tag-fachbibliotheken-philologische-bibliothek"],"_links":{"self":[{"href":"https:\/\/blogs.fu-berlin.de\/bibliotheken\/wp-json\/wp\/v2\/posts\/33540","targetHints":{"allow":["GET"]}}],"collection":[{"href":"https:\/\/blogs.fu-berlin.de\/bibliotheken\/wp-json\/wp\/v2\/posts"}],"about":[{"href":"https:\/\/blogs.fu-berlin.de\/bibliotheken\/wp-json\/wp\/v2\/types\/post"}],"author":[{"embeddable":true,"href":"https:\/\/blogs.fu-berlin.de\/bibliotheken\/wp-json\/wp\/v2\/users\/3230"}],"replies":[{"embeddable":true,"href":"https:\/\/blogs.fu-berlin.de\/bibliotheken\/wp-json\/wp\/v2\/comments?post=33540"}],"version-history":[{"count":1,"href":"https:\/\/blogs.fu-berlin.de\/bibliotheken\/wp-json\/wp\/v2\/posts\/33540\/revisions"}],"predecessor-version":[{"id":33541,"href":"https:\/\/blogs.fu-berlin.de\/bibliotheken\/wp-json\/wp\/v2\/posts\/33540\/revisions\/33541"}],"wp:attachment":[{"href":"https:\/\/blogs.fu-berlin.de\/bibliotheken\/wp-json\/wp\/v2\/media?parent=33540"}],"wp:term":[{"taxonomy":"category","embeddable":true,"href":"https:\/\/blogs.fu-berlin.de\/bibliotheken\/wp-json\/wp\/v2\/categories?post=33540"},{"taxonomy":"post_tag","embeddable":true,"href":"https:\/\/blogs.fu-berlin.de\/bibliotheken\/wp-json\/wp\/v2\/tags?post=33540"}],"curies":[{"name":"wp","href":"https:\/\/api.w.org\/{rel}","templated":true}]}}