{"id":33592,"date":"2025-01-14T09:00:25","date_gmt":"2025-01-14T08:00:25","guid":{"rendered":"https:\/\/blogs.fu-berlin.de\/bibliotheken\/?p=33592"},"modified":"2025-01-14T09:04:02","modified_gmt":"2025-01-14T08:04:02","slug":"neuer-themenfilm-in-der-online-ausstellung-erlebte-geschichte","status":"publish","type":"post","link":"https:\/\/blogs.fu-berlin.de\/bibliotheken\/2025\/01\/14\/neuer-themenfilm-in-der-online-ausstellung-erlebte-geschichte\/","title":{"rendered":"Neuer Themenfilm in der Online-Ausstellung \u201eErlebte Geschichte\u201c"},"content":{"rendered":"\n<p>Diskrete Mathematik &#8211; Vom Elfenbeinturm in den Geldautomat<br><br>Welche Bedeutung die akademische Forschung f\u00fcr den Alltag hat, erschlie\u00dft sich bei vielen F\u00e4chern nicht sofort \u2013 dass etwa die diskrete Mathematik von gro\u00dfer Bedeutung ist f\u00fcr die Nutzung von Computer-Tomographen, Geldautomaten und Navigationssystemen, d\u00fcrfte f\u00fcr viele eine \u00dcberraschung sein.<br><br>Dabei galt dieser Bereich der Mathematik in den Urspr\u00fcngen als ihre \u201eMusik\u201c. Heute ist er wesentlich f\u00fcr die digitale Welt, wie Prof. Dr. Martin Aigner in einem neuen <a rel=\"noreferrer noopener\" href=\"https:\/\/erlebte-geschichte.fu-berlin.de\/themen\/forschung\/diskrete-mathematik\" data-type=\"URL\" data-id=\"https:\/\/erlebte-geschichte.fu-berlin.de\/themen\/forschung\/diskrete-mathematik\" target=\"_blank\">Themenfilm der Online-Ausstellung Erlebte Geschichte <\/a>erkl\u00e4rt.<br><\/p>\n","protected":false},"excerpt":{"rendered":"<p>Diskrete Mathematik &#8211; Vom Elfenbeinturm in den Geldautomat Welche Bedeutung die akademische Forschung f\u00fcr den Alltag hat, erschlie\u00dft sich bei vielen F\u00e4chern nicht sofort \u2013 dass etwa die diskrete Mathematik von gro\u00dfer Bedeutung ist f\u00fcr die Nutzung von Computer-Tomographen, Geldautomaten und Navigationssystemen, d\u00fcrfte f\u00fcr viele eine \u00dcberraschung sein. Dabei galt dieser Bereich der Mathematik in &hellip; <a href=\"https:\/\/blogs.fu-berlin.de\/bibliotheken\/2025\/01\/14\/neuer-themenfilm-in-der-online-ausstellung-erlebte-geschichte\/\" class=\"more-link\"><span class=\"screen-reader-text\">\u201eNeuer Themenfilm in der Online-Ausstellung \u201eErlebte Geschichte\u201c\u201c<\/span> weiterlesen<\/a><\/p>\n","protected":false},"author":1427,"featured_media":33595,"comment_status":"open","ping_status":"open","sticky":false,"template":"","format":"standard","meta":{"footnotes":""},"categories":[457816,493,601],"tags":[471620,74,2593,471612],"class_list":["post-33592","post","type-post","status-publish","format-standard","has-post-thumbnail","hentry","category-lehr-lernservices","category-recherchetipps","category-universitatsbibliothek","tag-erlebte-geschichte","tag-freie-universitat-berlin","tag-oral-history","tag-universitaetsgeschichte"],"_links":{"self":[{"href":"https:\/\/blogs.fu-berlin.de\/bibliotheken\/wp-json\/wp\/v2\/posts\/33592","targetHints":{"allow":["GET"]}}],"collection":[{"href":"https:\/\/blogs.fu-berlin.de\/bibliotheken\/wp-json\/wp\/v2\/posts"}],"about":[{"href":"https:\/\/blogs.fu-berlin.de\/bibliotheken\/wp-json\/wp\/v2\/types\/post"}],"author":[{"embeddable":true,"href":"https:\/\/blogs.fu-berlin.de\/bibliotheken\/wp-json\/wp\/v2\/users\/1427"}],"replies":[{"embeddable":true,"href":"https:\/\/blogs.fu-berlin.de\/bibliotheken\/wp-json\/wp\/v2\/comments?post=33592"}],"version-history":[{"count":2,"href":"https:\/\/blogs.fu-berlin.de\/bibliotheken\/wp-json\/wp\/v2\/posts\/33592\/revisions"}],"predecessor-version":[{"id":33596,"href":"https:\/\/blogs.fu-berlin.de\/bibliotheken\/wp-json\/wp\/v2\/posts\/33592\/revisions\/33596"}],"wp:featuredmedia":[{"embeddable":true,"href":"https:\/\/blogs.fu-berlin.de\/bibliotheken\/wp-json\/wp\/v2\/media\/33595"}],"wp:attachment":[{"href":"https:\/\/blogs.fu-berlin.de\/bibliotheken\/wp-json\/wp\/v2\/media?parent=33592"}],"wp:term":[{"taxonomy":"category","embeddable":true,"href":"https:\/\/blogs.fu-berlin.de\/bibliotheken\/wp-json\/wp\/v2\/categories?post=33592"},{"taxonomy":"post_tag","embeddable":true,"href":"https:\/\/blogs.fu-berlin.de\/bibliotheken\/wp-json\/wp\/v2\/tags?post=33592"}],"curies":[{"name":"wp","href":"https:\/\/api.w.org\/{rel}","templated":true}]}}