{"id":33606,"date":"2025-01-16T22:06:57","date_gmt":"2025-01-16T21:06:57","guid":{"rendered":"https:\/\/blogs.fu-berlin.de\/bibliotheken\/?p=33606"},"modified":"2025-01-16T22:06:57","modified_gmt":"2025-01-16T21:06:57","slug":"das-interview-portal-oral-history-digital-waechst-und-gedeiht","status":"publish","type":"post","link":"https:\/\/blogs.fu-berlin.de\/bibliotheken\/2025\/01\/16\/das-interview-portal-oral-history-digital-waechst-und-gedeiht\/","title":{"rendered":"Das Interview-Portal \u201eOral-History.Digital\u201c w\u00e4chst und gedeiht"},"content":{"rendered":"\n<p>Das Online-Portal <strong><a href=\"https:\/\/www.oral-history.digital\/index.html\">Oral-History.Digital<\/a> <\/strong>(oh.d) erm\u00f6glicht Forschenden und historisch Interessierten Zugang zu bisher schwer zug\u00e4nglichen Zeitzeug*innenen-Interviews aus unterschiedlichen Institutionen und Projekten. Es wurde von der Universit\u00e4tsbibliothek der Freien Universit\u00e4t gemeinsam mit zahlreichen Partner*innen konzipiert. Gef\u00f6rdert von der Deutschen Forschungsgemeinschaft (DFG) unterst\u00fctzt oh.d sammelnde Institutionen und Interviewprojekte bei der Archivierung, Erschlie\u00dfung und Bereitstellung ihrer audiovisuellen Forschungsdaten.<\/p>\n\n\n\n<p>Im Jahr 2024 wurden neue Funktionen eingef\u00fchrt und die Benutzbarkeit verbessert. Zum Jahreswechsel vereint das Portal 41 Archive mit 3.770 Interviews von zahlreichen Museen, Stiftungen und Universit\u00e4ten. Mehr als die H\u00e4lfte des Bestands sind mit Audio oder Video zug\u00e4nglich sowie mit Transkripten und weiteren Informationen versehen. Dar\u00fcber hinaus wurden neue Funktionen eingef\u00fchrt und die Benutzbarkeit verbessert.<\/p>\n\n\n\n<p>Um die Pers\u00f6nlichkeitsrechte der Interviewten zu sch\u00fctzen, verlangen die meisten Archive eine Anmeldung. Bitte registrieren Sie sich in Oral-History.Digital und lassen Sie sich f\u00fcr einzelne Archive freischalten, um auf die vollst\u00e4ndigen Interviews zugreifen zu k\u00f6nnen.<\/p>\n\n\n\n<p>Beispiele f\u00fcr oh.d-Inhalte:<\/p>\n\n\n\n<ul class=\"wp-block-list\"><li><a href=\"https:\/\/deutsches-gedaechtnis.fernuni-hagen.de\/de\" target=\"_blank\" rel=\"noreferrer noopener\">Archiv \u201eDeutsches Ged\u00e4chtnis\u201c<\/a> \u2013 Fernuniversit\u00e4t Hagen<\/li><li><a href=\"https:\/\/www.fu-berlin.de\/dis\" target=\"_blank\" rel=\"noreferrer noopener\">Digitale Interview-Sammlungen <\/a>\u2013 Universit\u00e4tsbibliothek der Freien Universit\u00e4t Berlin<\/li><li><a href=\"https:\/\/portal.oral-history.digital\/de\/catalog\/archives\/456158\" target=\"_blank\" rel=\"noreferrer noopener\">Werkstatt der Erinnerung<\/a> \u2013 Forschungsstelle f\u00fcr Zeitgeschichte in Hamburg<\/li><li><a href=\"https:\/\/www.oral-history.digital\/news\/2024-11-15-dersim.html\" target=\"_blank\" rel=\"noreferrer noopener\">Dersim-Massaker in der T\u00fcrkei<\/a> \u2013 Ruhr-Universit\u00e4t Bochum<\/li><\/ul>\n\n\n\n<p>F\u00fcr das Jahr 2025 sind Weiterentwicklungen u. a. in den Bereichen audiovisuelle Forschungsdaten sowie bei Usability und Softwaresicherheit geplant. Auch sollen neue Interviewsammlungen erschlossen und zur Verf\u00fcgung gestellt werden, darunter:<\/p>\n\n\n\n<ul class=\"wp-block-list\"><li><a href=\"https:\/\/www.oral-history.digital\/news\/2024-09-16-lanzmann.html\" target=\"_blank\" rel=\"noreferrer noopener\">Audioarchiv von Claude Lanzmann<\/a> \u2013 J\u00fcdisches Museum Berlin (Kooperationspartner)<\/li><li>\u201e<a href=\"https:\/\/www.die-wurzen-studie.de\/\" target=\"_blank\" rel=\"noreferrer noopener\">Wurzen Studie<\/a>\u201c der Soziologin Cordia Schlegelmilch \u00fcber die Wendeereignisse in einer ostdeutschen Kleinstadt \u2013 Archiv \u201eDeutsches Ged\u00e4chtnis\u201c<\/li><li>300 Interviews der Filmemacherin <a href=\"https:\/\/www.loretta-walz.de\/\" target=\"_blank\" rel=\"noreferrer noopener\">Loretta Walz<\/a> mit \u00dcberlebenden des Frauenkonzentrationslagers Ravensbr\u00fcck \u2013 Archiv \u201eDeutsches Ged\u00e4chtnis\u201c<\/li><\/ul>\n\n\n\n<p>Ab diesem Jahr findet auch eine Kooperation mit dem sprachwissenschaftlichen NFDI-Konsortium \u201e<a rel=\"noreferrer noopener\" href=\"https:\/\/text-plus.org\/\" target=\"_blank\">Text+<\/a>\u201c statt. Ziel ist es, die in geschichtswissenschaftlichen Projekten erarbeiteten Interviewbest\u00e4nde f\u00fcr die text- und sprachbasiert arbeitenden Forschungscommunities nachnutzbar zu machen. Ab M\u00e4rz nimmt au\u00dferdam das DFG-gef\u00f6rderte Projekt \u201e<a rel=\"noreferrer noopener\" href=\"https:\/\/www.fu-berlin.de\/sites\/interviewsammlungen\/forschung\/text_ohd\" target=\"_blank\">Text+oh.d<\/a>\u201c seine Arbeit auf.\u00a0<\/p>\n\n\n\n<p><strong>Links zum Thema<\/strong><br>&#8211; <a rel=\"noreferrer noopener\" href=\"https:\/\/portal.oral-history.digital\/de\" target=\"_blank\">Interview-Portal \u201eOral-History.Digital\u201c<\/a><br>&#8211; <a rel=\"noreferrer noopener\" href=\"https:\/\/www.oral-history.digital\/news\/2025-01-03-rueck-ausblick.html\" target=\"_blank\">News zu R\u00fcck- und Ausblick 2024\/25<\/a><br>&#8211; <a rel=\"noreferrer noopener\" href=\"https:\/\/www.oral-history.digital\/news\/2025-01-01-text_ohd-start.html\" target=\"_blank\">News zum NFDI-Projekt \u201eText+ohd\u201c<\/a><\/p>\n","protected":false},"excerpt":{"rendered":"<p>Zum Jahreswechsel 2024\/25 stellt das Online-Portal 41 Archive mit 3.770 Interviews zur Verf\u00fcgung.<\/p>\n","protected":false},"author":293,"featured_media":33609,"comment_status":"open","ping_status":"open","sticky":false,"template":"","format":"standard","meta":{"footnotes":""},"categories":[9],"tags":[],"class_list":["post-33606","post","type-post","status-publish","format-standard","has-post-thumbnail","hentry","category-allgemein"],"_links":{"self":[{"href":"https:\/\/blogs.fu-berlin.de\/bibliotheken\/wp-json\/wp\/v2\/posts\/33606","targetHints":{"allow":["GET"]}}],"collection":[{"href":"https:\/\/blogs.fu-berlin.de\/bibliotheken\/wp-json\/wp\/v2\/posts"}],"about":[{"href":"https:\/\/blogs.fu-berlin.de\/bibliotheken\/wp-json\/wp\/v2\/types\/post"}],"author":[{"embeddable":true,"href":"https:\/\/blogs.fu-berlin.de\/bibliotheken\/wp-json\/wp\/v2\/users\/293"}],"replies":[{"embeddable":true,"href":"https:\/\/blogs.fu-berlin.de\/bibliotheken\/wp-json\/wp\/v2\/comments?post=33606"}],"version-history":[{"count":3,"href":"https:\/\/blogs.fu-berlin.de\/bibliotheken\/wp-json\/wp\/v2\/posts\/33606\/revisions"}],"predecessor-version":[{"id":33610,"href":"https:\/\/blogs.fu-berlin.de\/bibliotheken\/wp-json\/wp\/v2\/posts\/33606\/revisions\/33610"}],"wp:featuredmedia":[{"embeddable":true,"href":"https:\/\/blogs.fu-berlin.de\/bibliotheken\/wp-json\/wp\/v2\/media\/33609"}],"wp:attachment":[{"href":"https:\/\/blogs.fu-berlin.de\/bibliotheken\/wp-json\/wp\/v2\/media?parent=33606"}],"wp:term":[{"taxonomy":"category","embeddable":true,"href":"https:\/\/blogs.fu-berlin.de\/bibliotheken\/wp-json\/wp\/v2\/categories?post=33606"},{"taxonomy":"post_tag","embeddable":true,"href":"https:\/\/blogs.fu-berlin.de\/bibliotheken\/wp-json\/wp\/v2\/tags?post=33606"}],"curies":[{"name":"wp","href":"https:\/\/api.w.org\/{rel}","templated":true}]}}