{"id":33627,"date":"2025-02-04T10:05:00","date_gmt":"2025-02-04T09:05:00","guid":{"rendered":"https:\/\/blogs.fu-berlin.de\/bibliotheken\/?p=33627"},"modified":"2025-02-03T11:05:23","modified_gmt":"2025-02-03T10:05:23","slug":"dem-gedaechtnis-der-bienen-auf-der-spur","status":"publish","type":"post","link":"https:\/\/blogs.fu-berlin.de\/bibliotheken\/2025\/02\/04\/dem-gedaechtnis-der-bienen-auf-der-spur\/","title":{"rendered":"Dem Ged\u00e4chtnis der Bienen auf der Spur"},"content":{"rendered":"\n<p><em>Neuer Portraitfilm in der Online-Ausstellung \u201eErlebte Geschichte\u201c<\/em><\/p>\n\n\n\n<p>Die Wissenschaft erschlie\u00dft sich immer neue Felder \u2013 als Randolf Menzel anfing, sich noch als Student intensiv mit dem Fach Biologie zu besch\u00e4ftigen, war von der Disziplin der Neurobiologie noch nicht die Rede. Dabei hat der Forscher auf diesem Gebiet, speziell der Ged\u00e4chtnisforschung bei Bienen, gro\u00dfe Erfolge erzielt, mit denen auch der Br\u00fcckenschlag zur Medizin gelang.<\/p>\n\n\n\n<p>Der Portraitfilm mit Prof. Dr. Randolf Menzel ist ab sofort in der Online-Ausstellung&nbsp;<a href=\"https:\/\/erlebte-geschichte.fu-berlin.de\/personen\/dr-randolf-menzel\">Erlebte Geschichte<\/a> einsehbar.<\/p>\n","protected":false},"excerpt":{"rendered":"<p>Neuer Portraitfilm in der Online-Ausstellung \u201eErlebte Geschichte\u201c Die Wissenschaft erschlie\u00dft sich immer neue Felder \u2013 als Randolf Menzel anfing, sich noch als Student intensiv mit dem Fach Biologie zu besch\u00e4ftigen, war von der Disziplin der Neurobiologie noch nicht die Rede. Dabei hat der Forscher auf diesem Gebiet, speziell der Ged\u00e4chtnisforschung bei Bienen, gro\u00dfe Erfolge erzielt, &hellip; <a href=\"https:\/\/blogs.fu-berlin.de\/bibliotheken\/2025\/02\/04\/dem-gedaechtnis-der-bienen-auf-der-spur\/\" class=\"more-link\"><span class=\"screen-reader-text\">\u201eDem Ged\u00e4chtnis der Bienen auf der Spur\u201c<\/span> weiterlesen<\/a><\/p>\n","protected":false},"author":1427,"featured_media":33632,"comment_status":"open","ping_status":"open","sticky":false,"template":"","format":"standard","meta":{"footnotes":""},"categories":[599,604,457816,493],"tags":[471620,74,2593,471612],"class_list":["post-33627","post","type-post","status-publish","format-standard","has-post-thumbnail","hentry","category-bibliothekswesen","category-ins-netz-geschaut","category-lehr-lernservices","category-recherchetipps","tag-erlebte-geschichte","tag-freie-universitat-berlin","tag-oral-history","tag-universitaetsgeschichte"],"_links":{"self":[{"href":"https:\/\/blogs.fu-berlin.de\/bibliotheken\/wp-json\/wp\/v2\/posts\/33627","targetHints":{"allow":["GET"]}}],"collection":[{"href":"https:\/\/blogs.fu-berlin.de\/bibliotheken\/wp-json\/wp\/v2\/posts"}],"about":[{"href":"https:\/\/blogs.fu-berlin.de\/bibliotheken\/wp-json\/wp\/v2\/types\/post"}],"author":[{"embeddable":true,"href":"https:\/\/blogs.fu-berlin.de\/bibliotheken\/wp-json\/wp\/v2\/users\/1427"}],"replies":[{"embeddable":true,"href":"https:\/\/blogs.fu-berlin.de\/bibliotheken\/wp-json\/wp\/v2\/comments?post=33627"}],"version-history":[{"count":5,"href":"https:\/\/blogs.fu-berlin.de\/bibliotheken\/wp-json\/wp\/v2\/posts\/33627\/revisions"}],"predecessor-version":[{"id":33636,"href":"https:\/\/blogs.fu-berlin.de\/bibliotheken\/wp-json\/wp\/v2\/posts\/33627\/revisions\/33636"}],"wp:featuredmedia":[{"embeddable":true,"href":"https:\/\/blogs.fu-berlin.de\/bibliotheken\/wp-json\/wp\/v2\/media\/33632"}],"wp:attachment":[{"href":"https:\/\/blogs.fu-berlin.de\/bibliotheken\/wp-json\/wp\/v2\/media?parent=33627"}],"wp:term":[{"taxonomy":"category","embeddable":true,"href":"https:\/\/blogs.fu-berlin.de\/bibliotheken\/wp-json\/wp\/v2\/categories?post=33627"},{"taxonomy":"post_tag","embeddable":true,"href":"https:\/\/blogs.fu-berlin.de\/bibliotheken\/wp-json\/wp\/v2\/tags?post=33627"}],"curies":[{"name":"wp","href":"https:\/\/api.w.org\/{rel}","templated":true}]}}