{"id":33651,"date":"2025-02-13T08:46:00","date_gmt":"2025-02-13T07:46:00","guid":{"rendered":"https:\/\/blogs.fu-berlin.de\/bibliotheken\/?p=33651"},"modified":"2025-02-12T15:34:41","modified_gmt":"2025-02-12T14:34:41","slug":"ab-februar-2025-interview-sammlung-final-account-third-reich-testimonies-erstmals-in-deutschland-einsehbar","status":"publish","type":"post","link":"https:\/\/blogs.fu-berlin.de\/bibliotheken\/2025\/02\/13\/ab-februar-2025-interview-sammlung-final-account-third-reich-testimonies-erstmals-in-deutschland-einsehbar\/","title":{"rendered":"Ab Februar 2025: Interview-Sammlung \u201eFinal Account: Third Reich Testimonies\u201c erstmals in Deutschland einsehbar"},"content":{"rendered":"\n<p><sup>Bildquelle: \u00a9 ZEF Productions<\/sup><br><br>Ab sofort haben Forschende in Deutschland erstmals die M\u00f6glichkeit, auf eine besondere Sammlung historischer Zeugnisse zuzugreifen: Die Zentralbibliothek der Freien Universit\u00e4t bietet Zugang zu den lebensgeschichtlichen Interviews der Sammlung &#8222;Final Account: Third Reich Testimonies&#8220;. Diese umfasst knapp 300 Gespr\u00e4che mit Zeitzeug*innen, die ihre Erinnerungen an den Nationalsozialismus, den Holocaust und den Zweiten Weltkrieg schildern.<br><br><strong>Einblicke in den Alltag und die Beteiligung am NS-Regime<\/strong><br>Die Interview-Sammlung wurde zwischen 2008 und 2017 vom britischen Dokumentarfilmer Luke Holland zusammengestellt und dokumentiert die Aussagen von 295 Menschen, die zwischen 1905 und 1934 geboren wurden. Die Gespr\u00e4che mit Angeh\u00f6rigen der \u201eVolksgemeinschaft\u201c gew\u00e4hren Einblicke in den Alltag und die individuelle Verantwortung w\u00e4hrend der NS-Zeit. Neben ehemaligen SS- und Wehrmachtsangeh\u00f6rigen kommen auch Sekret\u00e4rinnen, Angestellte in NS-Organisationen, Landarbeiterinnen und Hausfrauen zu Wort. Ihre Berichte zeigen nicht nur das Alltagsleben im nationalsozialistischen Deutschland, sondern auch die sp\u00e4teren Reflexionen \u00fcber Schuld und Mitt\u00e4terschaft.<br><br><strong>Zugang f\u00fcr Forschende<\/strong><br>Forschende, insbesondere aus dem Bereich der Holocaust-Studien, k\u00f6nnen sich f\u00fcr die Nutzung der Sammlung anmelden und die Interviews in einem  Medienraum in der Zentralbibliothek (Garystr. 39) sichten. Die Sammlung bietet die M\u00f6glichkeit, sich mit den vielf\u00e4ltigen Perspektiven jener auseinanderzusetzen, die Teil der nationalsozialistischen Mehrheitsgesellschaft waren.<br><br>Der Zugriff auf diese Interviews ist dank einer Kooperation der Universit\u00e4tsbibliothek mit dem\u00a0<a rel=\"noreferrer noopener\" href=\"https:\/\/www.ucl.ac.uk\/\" target=\"_blank\">University College London<\/a>,\u00a0<a rel=\"noreferrer noopener\" href=\"https:\/\/wienerholocaustlibrary.org\/\" target=\"_blank\">der Wiener Holocaust-Bibliothek<\/a>,\u00a0<a rel=\"noreferrer noopener\" href=\"https:\/\/www.ina.fr\/\" target=\"_blank\">dem Institute National de l&#8217;Audiovisuel<\/a>\u00a0sowie\u00a0<a rel=\"noreferrer noopener\" href=\"https:\/\/ukjewishfilm.org\/people\/luke-holland\/\" target=\"_blank\">Luke Hollands ZEF Productions<\/a>\u00a0nun erstmals auch in Deutschland m\u00f6glich.<\/p>\n\n\n\n<p><strong>Weitere Informationen<\/strong><\/p>\n\n\n\n<p>Mehr zur Anmeldung f\u00fcr Forschende: <a href=\"https:\/\/www.fu-berlin.de\/sites\/interviewsammlungen\/final_account\/index.html\" target=\"_blank\" rel=\"noreferrer noopener\">https:\/\/www.fu-berlin.de\/sites\/interviewsammlungen\/final_account\/index.html<\/a><\/p>\n\n\n\n<p>Kontakt: <br>Verena N\u00e4gel, Freie Universit\u00e4t Berlin, Digitale Interview-Sammlungen<br>Telefon: 030 838 525 33, E-Mail: <a href=\"mailto:interviewsammlungen@ub.fu-berlin.de\"><a href=\"mailto:interviewsammlungen@ub.fu-berlin.de\">interviewsammlungen@ub.fu-berlin.de<\/a><\/a><br><br><\/p>\n\n\n\n<p><br><br><\/p>\n","protected":false},"excerpt":{"rendered":"<p>Bildquelle: \u00a9 ZEF Productions Ab sofort haben Forschende in Deutschland erstmals die M\u00f6glichkeit, auf eine besondere Sammlung historischer Zeugnisse zuzugreifen: Die Zentralbibliothek der Freien Universit\u00e4t bietet Zugang zu den lebensgeschichtlichen Interviews der Sammlung &#8222;Final Account: Third Reich Testimonies&#8220;. Diese umfasst knapp 300 Gespr\u00e4che mit Zeitzeug*innen, die ihre Erinnerungen an den Nationalsozialismus, den Holocaust und den &hellip; <a href=\"https:\/\/blogs.fu-berlin.de\/bibliotheken\/2025\/02\/13\/ab-februar-2025-interview-sammlung-final-account-third-reich-testimonies-erstmals-in-deutschland-einsehbar\/\" class=\"more-link\"><span class=\"screen-reader-text\">\u201eAb Februar 2025: Interview-Sammlung \u201eFinal Account: Third Reich Testimonies\u201c erstmals in Deutschland einsehbar\u201c<\/span> weiterlesen<\/a><\/p>\n","protected":false},"author":1427,"featured_media":33654,"comment_status":"open","ping_status":"open","sticky":false,"template":"","format":"standard","meta":{"footnotes":""},"categories":[9,493,601,457834,584805],"tags":[457916,1423,2593],"class_list":["post-33651","post","type-post","status-publish","format-standard","has-post-thumbnail","hentry","category-allgemein","category-recherchetipps","category-universitatsbibliothek","category-universitaetssammlungen","category-was-ist-neu","tag-digitale-interviewsammlungen","tag-holocaust","tag-oral-history"],"_links":{"self":[{"href":"https:\/\/blogs.fu-berlin.de\/bibliotheken\/wp-json\/wp\/v2\/posts\/33651","targetHints":{"allow":["GET"]}}],"collection":[{"href":"https:\/\/blogs.fu-berlin.de\/bibliotheken\/wp-json\/wp\/v2\/posts"}],"about":[{"href":"https:\/\/blogs.fu-berlin.de\/bibliotheken\/wp-json\/wp\/v2\/types\/post"}],"author":[{"embeddable":true,"href":"https:\/\/blogs.fu-berlin.de\/bibliotheken\/wp-json\/wp\/v2\/users\/1427"}],"replies":[{"embeddable":true,"href":"https:\/\/blogs.fu-berlin.de\/bibliotheken\/wp-json\/wp\/v2\/comments?post=33651"}],"version-history":[{"count":11,"href":"https:\/\/blogs.fu-berlin.de\/bibliotheken\/wp-json\/wp\/v2\/posts\/33651\/revisions"}],"predecessor-version":[{"id":33667,"href":"https:\/\/blogs.fu-berlin.de\/bibliotheken\/wp-json\/wp\/v2\/posts\/33651\/revisions\/33667"}],"wp:featuredmedia":[{"embeddable":true,"href":"https:\/\/blogs.fu-berlin.de\/bibliotheken\/wp-json\/wp\/v2\/media\/33654"}],"wp:attachment":[{"href":"https:\/\/blogs.fu-berlin.de\/bibliotheken\/wp-json\/wp\/v2\/media?parent=33651"}],"wp:term":[{"taxonomy":"category","embeddable":true,"href":"https:\/\/blogs.fu-berlin.de\/bibliotheken\/wp-json\/wp\/v2\/categories?post=33651"},{"taxonomy":"post_tag","embeddable":true,"href":"https:\/\/blogs.fu-berlin.de\/bibliotheken\/wp-json\/wp\/v2\/tags?post=33651"}],"curies":[{"name":"wp","href":"https:\/\/api.w.org\/{rel}","templated":true}]}}