{"id":33702,"date":"2025-03-11T13:42:32","date_gmt":"2025-03-11T12:42:32","guid":{"rendered":"https:\/\/blogs.fu-berlin.de\/bibliotheken\/?p=33702"},"modified":"2025-03-11T13:42:32","modified_gmt":"2025-03-11T12:42:32","slug":"siegward-loennendonker-chronist-der-studentenbewegung","status":"publish","type":"post","link":"https:\/\/blogs.fu-berlin.de\/bibliotheken\/2025\/03\/11\/siegward-loennendonker-chronist-der-studentenbewegung\/","title":{"rendered":"Siegward L\u00f6nnendonker: Chronist der Studentenbewegung"},"content":{"rendered":"\n<figure class=\"wp-block-gallery has-nested-images columns-default is-cropped wp-block-gallery-1 is-layout-flex wp-block-gallery-is-layout-flex\">\n<figure class=\"wp-block-image size-large\"><img loading=\"lazy\" decoding=\"async\" width=\"800\" height=\"533\" data-id=\"33705\" src=\"https:\/\/blogs.fu-berlin.de\/bibliotheken\/files\/2025\/03\/1740393112900.jpg\" alt=\"\" class=\"wp-image-33705\" srcset=\"https:\/\/blogs.fu-berlin.de\/bibliotheken\/files\/2025\/03\/1740393112900.jpg 800w, https:\/\/blogs.fu-berlin.de\/bibliotheken\/files\/2025\/03\/1740393112900-300x200.jpg 300w\" sizes=\"auto, (max-width: 709px) 85vw, (max-width: 909px) 67vw, (max-width: 984px) 61vw, (max-width: 1362px) 45vw, 600px\" \/><figcaption>Bild: Bernd Wannenmacher, 2018<\/figcaption><\/figure>\n<\/figure>\n\n\n\n<p><\/p>\n\n\n\n<p><br>Schon als Student hatte Siegward L\u00f6nnendonker Flugbl\u00e4tter und Dokumente des Sozialistischen Deutschen Studentenbunds (SDS) und aus der Au\u00dferparlamentarischen Opposition (APO) zusammengetragen und aufbewahrt \u2013 damit baute der Soziologe am Institut f\u00fcr sozialwissenschaftliche Forschung ein einzigartiges Archiv auf, das die Geschichte der Freien Universit\u00e4t Berlin aus einer besonderen Perspektive erz\u00e4hlt. Als SDS-Aktivist und Jazz-Bassist erlebte Siegward L\u00f6nnendonker nicht nur das politische, sondern auch das kulturelle Leben des damaligen Berliner \u201eUndergrounds\u201c mit.<br>Der neue Film in der Online-Ausstellung <a rel=\"noreferrer noopener\" href=\"https:\/\/erlebte-geschichte.fu-berlin.de\/personen\/dr-siegward-loennendonker\" target=\"_blank\">Erlebte Geschichte<\/a> gibt lebendige Einblicke. <\/p>\n","protected":false},"excerpt":{"rendered":"<p>Schon als Student hatte Siegward L\u00f6nnendonker Flugbl\u00e4tter und Dokumente des Sozialistischen Deutschen Studentenbunds (SDS) und aus der Au\u00dferparlamentarischen Opposition (APO) zusammengetragen und aufbewahrt \u2013 damit baute der Soziologe am Institut f\u00fcr sozialwissenschaftliche Forschung ein einzigartiges Archiv auf, das die Geschichte der Freien Universit\u00e4t Berlin aus einer besonderen Perspektive erz\u00e4hlt. Als SDS-Aktivist und Jazz-Bassist erlebte Siegward &hellip; <a href=\"https:\/\/blogs.fu-berlin.de\/bibliotheken\/2025\/03\/11\/siegward-loennendonker-chronist-der-studentenbewegung\/\" class=\"more-link\"><span class=\"screen-reader-text\">\u201eSiegward L\u00f6nnendonker: Chronist der Studentenbewegung\u201c<\/span> weiterlesen<\/a><\/p>\n","protected":false},"author":1427,"featured_media":0,"comment_status":"open","ping_status":"open","sticky":false,"template":"","format":"standard","meta":{"footnotes":""},"categories":[],"tags":[457916,2593,471612],"class_list":["post-33702","post","type-post","status-publish","format-standard","hentry","tag-digitale-interviewsammlungen","tag-oral-history","tag-universitaetsgeschichte"],"_links":{"self":[{"href":"https:\/\/blogs.fu-berlin.de\/bibliotheken\/wp-json\/wp\/v2\/posts\/33702","targetHints":{"allow":["GET"]}}],"collection":[{"href":"https:\/\/blogs.fu-berlin.de\/bibliotheken\/wp-json\/wp\/v2\/posts"}],"about":[{"href":"https:\/\/blogs.fu-berlin.de\/bibliotheken\/wp-json\/wp\/v2\/types\/post"}],"author":[{"embeddable":true,"href":"https:\/\/blogs.fu-berlin.de\/bibliotheken\/wp-json\/wp\/v2\/users\/1427"}],"replies":[{"embeddable":true,"href":"https:\/\/blogs.fu-berlin.de\/bibliotheken\/wp-json\/wp\/v2\/comments?post=33702"}],"version-history":[{"count":2,"href":"https:\/\/blogs.fu-berlin.de\/bibliotheken\/wp-json\/wp\/v2\/posts\/33702\/revisions"}],"predecessor-version":[{"id":33708,"href":"https:\/\/blogs.fu-berlin.de\/bibliotheken\/wp-json\/wp\/v2\/posts\/33702\/revisions\/33708"}],"wp:attachment":[{"href":"https:\/\/blogs.fu-berlin.de\/bibliotheken\/wp-json\/wp\/v2\/media?parent=33702"}],"wp:term":[{"taxonomy":"category","embeddable":true,"href":"https:\/\/blogs.fu-berlin.de\/bibliotheken\/wp-json\/wp\/v2\/categories?post=33702"},{"taxonomy":"post_tag","embeddable":true,"href":"https:\/\/blogs.fu-berlin.de\/bibliotheken\/wp-json\/wp\/v2\/tags?post=33702"}],"curies":[{"name":"wp","href":"https:\/\/api.w.org\/{rel}","templated":true}]}}