{"id":33754,"date":"2025-03-31T08:34:53","date_gmt":"2025-03-31T07:34:53","guid":{"rendered":"https:\/\/blogs.fu-berlin.de\/bibliotheken\/?p=33754"},"modified":"2025-03-31T15:05:04","modified_gmt":"2025-03-31T14:05:04","slug":"greenfubib-goes-wien-demokratisch-divers-nachhaltig-war-das-motto-des-oesterreichischen-bibliothekskongresses-2025","status":"publish","type":"post","link":"https:\/\/blogs.fu-berlin.de\/bibliotheken\/2025\/03\/31\/greenfubib-goes-wien-demokratisch-divers-nachhaltig-war-das-motto-des-oesterreichischen-bibliothekskongresses-2025\/","title":{"rendered":"GreenFUBib goes Wien \u2013 \u201edemokratisch \u2013 divers \u2013 nachhaltig\u201c war das Motto des \u00f6sterreichischen Bibliothekskongresses 2025"},"content":{"rendered":"\n<p>Die Bibliotheken \u00d6sterreichs pr\u00e4sentierten sich vom 26.03. \u2013 28.03.2025 im Austria Center in Wien in vielf\u00e4ltiger Weise auf dem <a href=\"https:\/\/www.bibliothekskongress.at\/\">2. \u00d6sterreichischen Bibliothekskongress<\/a>. Das Thema Nachhaltigkeit war ein Schwerpunkt. Die Universit\u00e4tsbibliothek der Freien Universit\u00e4t mit der Arbeitsgruppe \u201e<a href=\"https:\/\/www.fu-berlin.de\/sites\/ub\/ueber-uns\/nachhaltigkeit\/massnahmen\/index.html\">GreenFUBib<\/a>\u201c nahm die M\u00f6glichkeit wahr, sich vor Ort mit wissenschaftlichen und \u00f6ffentlichen Bibliotheken zu den Punkten Nachhaltigkeit, Demokratiest\u00e4rkung und Diversit\u00e4t auszutauschen und Inspiration aus dem Nachbarland mitzunehmen.<\/p>\n\n\n\n<p>Mit einem eingereichten Vortrag zum Thema: \u201e<a href=\"https:\/\/www.bibliothekskongress.at\/abstracts\/#182\">Community Building im Kosmos einer gro\u00dfen Universit\u00e4t \u2013 Die Arbeitsgruppe \u201eGreenFUBib\u201c im Spannungsfeld von Stabsstellen, Verwaltung, Initiativen &amp; nachhaltigem Handeln<\/a>\u201c referierte Janet Wagner \u00fcber Handlungsfelder der Arbeitsgruppe. Im Fokus stand dazu unter anderem die Herausforderung von guter und zielorientierter Vernetzungsarbeit mit anderen Fachbereichen, Verwaltungsstellen und Initiativen an der FU Berlin. Es braucht hierf\u00fcr sechs Zutaten: Engagement, Sichtbarkeit, eine Kultur im Sinne von Wissenstransfer, Leitbilder, Weiterbildungen sowie Strukturen, die nachhaltiges Handeln erm\u00f6glichen. Die F\u00f6rderung von \u00f6kologischer Nachhaltigkeit wurde in zahlreichen Beispielen er\u00f6rtert und bebildert. Es gab inspirierende Gespr\u00e4che mit wissenschaftlichen Bibliotheken aus \u00d6sterreich, die sich als \u201e<a href=\"https:\/\/voeb-b.at\/voeb-kommissionen\/arbeitsgruppe-nachhaltigkeit\/\">AG Nachhaltigkeit der Vereinigung \u00d6sterreichischer Bibliothekarinnen und Bibliothekare<\/a>\u201c eindrucksvoll mit einem Stand und vielen Vortr\u00e4gen &amp; Workshops pr\u00e4sentierten.<\/p>\n\n\n\n<p><strong>Nachhaltigkeit als Querschnittsaufgabe<\/strong><\/p>\n\n\n\n<p>Ob mit oder ohne Strategie, Leitbild, Arbeitsgruppe: Auf dem Kongress war sehr sp\u00fcrbar, dass nachhaltiges Handeln nicht nur auf dem Papier stehen sollte, sondern es intern und extern durch die Bibliotheksbesch\u00e4ftigten verstanden und gelebt werden muss. Die <a href=\"https:\/\/www.onb.ac.at\/mehr\/ueber-uns\/nachhaltigkeit\">\u00d6sterreichische Nationalbibliothek<\/a> bilanziert seit 2019 Ihre CO\u2082-Emissionen, hat eine Steuerungsgruppe Nachhaltigkeit und eine Teilzeitstelle f\u00fcr Nachhaltigkeit &amp; Kommunikation. Konkrete Ma\u00dfnahmen werden in einer Klimaschutz-Roadmap beschrieben und der gro\u00dfe Schritt in Richtung Klimaneutralit\u00e4t wird gewagt.<\/p>\n\n\n\n<figure class=\"wp-block-image size-full is-resized\"><img loading=\"lazy\" decoding=\"async\" src=\"https:\/\/blogs.fu-berlin.de\/bibliotheken\/files\/2025\/03\/Wien2025B-scaled.jpg\" alt=\"\" class=\"wp-image-33758\" width=\"478\" height=\"637\" srcset=\"https:\/\/blogs.fu-berlin.de\/bibliotheken\/files\/2025\/03\/Wien2025B-scaled.jpg 1920w, https:\/\/blogs.fu-berlin.de\/bibliotheken\/files\/2025\/03\/Wien2025B-225x300.jpg 225w, https:\/\/blogs.fu-berlin.de\/bibliotheken\/files\/2025\/03\/Wien2025B-1152x1536.jpg 1152w, https:\/\/blogs.fu-berlin.de\/bibliotheken\/files\/2025\/03\/Wien2025B-1536x2048.jpg 1536w, https:\/\/blogs.fu-berlin.de\/bibliotheken\/files\/2025\/03\/Wien2025B-1200x1600.jpg 1200w\" sizes=\"auto, (max-width: 478px) 85vw, 478px\" \/><figcaption>Handlungsfelder wissenschaftlicher Bibliotheken, Vortrag Beate Guba, TU Wien<\/figcaption><\/figure>\n\n\n\n<p>Beate Guba, Direktorion der TU Wien pr\u00e4sentierte das Projekt: \u201eOpen Urban Sustainability Hubs\u201c zum Thema st\u00e4dtische Nachhaltigkeitstransformation. Der Frage nachgehend, wie wissenschaftliche Bibliotheken mit Citizen Science St\u00e4dten helfen k\u00f6nnen, Hitzeorte in der Stadt Wien wissenschaftlich zu ermitteln, um daraus Ma\u00dfnahmen f\u00fcr Klimaanpassung und Stadtentwicklung zu veranlassen, war ein sehr spannendes und \u00fcberzeugendes Konzept. Zusammen mit den Partnerst\u00e4dten Delft, Tallinn und Barcelona sollte es gelingen, B\u00fcrger*innen zu ermutigen, in den eigenen St\u00e4dten Forschungsdaten zu sammeln, die zudem dazu f\u00fchren sollen, st\u00e4dtisches Zusammenleben und sozialen Zusammenhalt zu bef\u00f6rdern. Mehr zu diesen Projekten findet sich <a href=\"https:\/\/zenodo.org\/records\/14931593\"><em>hier<\/em><\/a>.<\/p>\n\n\n\n<figure class=\"wp-block-gallery has-nested-images columns-default is-cropped wp-block-gallery-1 is-layout-flex wp-block-gallery-is-layout-flex\">\n<figure class=\"wp-block-image size-full\"><img loading=\"lazy\" decoding=\"async\" width=\"1920\" height=\"2560\" data-id=\"33757\" src=\"https:\/\/blogs.fu-berlin.de\/bibliotheken\/files\/2025\/03\/Wien2025C-scaled.jpg\" alt=\"\" class=\"wp-image-33757\" srcset=\"https:\/\/blogs.fu-berlin.de\/bibliotheken\/files\/2025\/03\/Wien2025C-scaled.jpg 1920w, https:\/\/blogs.fu-berlin.de\/bibliotheken\/files\/2025\/03\/Wien2025C-225x300.jpg 225w, https:\/\/blogs.fu-berlin.de\/bibliotheken\/files\/2025\/03\/Wien2025C-1152x1536.jpg 1152w, https:\/\/blogs.fu-berlin.de\/bibliotheken\/files\/2025\/03\/Wien2025C-1536x2048.jpg 1536w, https:\/\/blogs.fu-berlin.de\/bibliotheken\/files\/2025\/03\/Wien2025C-1200x1600.jpg 1200w\" sizes=\"auto, (max-width: 709px) 85vw, (max-width: 909px) 67vw, (max-width: 1362px) 62vw, 840px\" \/><\/figure>\n<figcaption class=\"blocks-gallery-caption\">Stand der Arbeitsgruppe Nachhaltigkeit der wissenschaftlichen Bibliotheken (Vereinigung \u00d6sterreichischer Bibliothekar*innen, VOB)<\/figcaption><\/figure>\n\n\n\n<p><\/p>\n\n\n\n<p>Die <a href=\"https:\/\/bibliothek.univie.ac.at\/unsere_werte.html\">Universit\u00e4tsbibliothek Wien<\/a> pr\u00e4sentierte den aktuellen Entwicklungsstand f\u00fcr eine ganzheitliche Nachhaltigkeitsstrategie. Anna Krenn und Tanja Fabian engagieren sich in der AG Nachhaltigkeit f\u00fcr die Umsetzung der Strategie in 2025 und der Schaffung einer dauerhaften Stelle f\u00fcr Nachhaltigkeit &amp; Kommunikation. Die Handlungsfelder Beschaffung, Dienstreisen\/Mobilit\u00e4t, Drucker \u2013 und Papiermanagement, Veranstaltungen &amp; Verpflegung, Digital Cleanup und nachhaltiges Datenmanagement, Bewusstseinsbildung &amp; Kommunikation zeigen die Herausforderungen einer gro\u00dfen Universit\u00e4tsbibliothek.<\/p>\n\n\n\n<p><strong>Demokratie &amp; Diversit\u00e4t<\/strong><\/p>\n\n\n\n<p>\u00d6ffentliche Bibliotheken wie die <a href=\"https:\/\/stadtbibliothek.dornbirn.at\/angebote\/bibliothek-entdecken\/wissen-und-gesellschaft\/demokratiebildung-in-der-bibliothek\">Stadtbibliothek Dornbirn<\/a> haben kreative und zeitgem\u00e4\u00dfe Angebote f\u00fcr Demokratiebildung, Teilhabe und Diversit\u00e4t in Kinder- und Jugendliteratur. Die \u201e<a href=\"https:\/\/bannedbooksweek.org\/\">Banned Book Week<\/a>\u201c, urspr\u00fcnglich aus den USA kommend, zeigt aktueller denn je, wie gef\u00e4hrdet Literatur als kulturelles Erbe auch im Jahr 2025 ist.<\/p>\n\n\n\n<p>Ferner gab es auf dem \u00f6sterreichischen Bibliothekskongress unter anderem Vortr\u00e4ge zu den Themen Barrierefreiheit, digitale Medienbildung und Bildungsarbeit zum Thema Diversit\u00e4t im l\u00e4ndlichen Raum. Es gab Workshop-Angebote, bei denen auch Kreativit\u00e4t gefragt war, z.B. bei Upcycling-Ideen alter Ringordner f\u00fcr die Nachnutzung in der Bibliothek. Neben dem kreativen Anfertigen gab es anregenden Austausch, denn zusammen etwas zu gestalten, bef\u00f6rdert auf einem Kongress mehr Gespr\u00e4che, als oft nur Vortr\u00e4gen zu lauschen.<\/p>\n\n\n\n<figure class=\"wp-block-image size-full\"><img loading=\"lazy\" decoding=\"async\" width=\"1600\" height=\"901\" src=\"https:\/\/blogs.fu-berlin.de\/bibliotheken\/files\/2025\/03\/Wien2025D.jpg\" alt=\"\" class=\"wp-image-33760\" srcset=\"https:\/\/blogs.fu-berlin.de\/bibliotheken\/files\/2025\/03\/Wien2025D.jpg 1600w, https:\/\/blogs.fu-berlin.de\/bibliotheken\/files\/2025\/03\/Wien2025D-300x169.jpg 300w, https:\/\/blogs.fu-berlin.de\/bibliotheken\/files\/2025\/03\/Wien2025D-1536x865.jpg 1536w, https:\/\/blogs.fu-berlin.de\/bibliotheken\/files\/2025\/03\/Wien2025D-1200x676.jpg 1200w\" sizes=\"auto, (max-width: 709px) 85vw, (max-width: 909px) 67vw, (max-width: 1362px) 62vw, 840px\" \/><figcaption>Workshop-Ergebnisse der Teilnehmenden zum Thema #Upcycling Ringordner, Notizbl\u00f6cke <\/figcaption><\/figure>\n\n\n\n<p><strong>Fazit<\/strong><\/p>\n\n\n\n<p>Der diesj\u00e4hrige \u00f6sterreichische Bibliothekskongress ist seinem Motto: \u201edemokratisch-divers-nachhaltig\u201c umfassend nachgekommen. Wieder einmal zeigt sich, wie sich Bibliotheken stark und sichtbar pr\u00e4sentieren, um als bedeutsame Akteure in der Gesellschaft wahrgenommen zu werden. Diese Zeiten sind mehr als herausfordernd, Handeln &amp; Anpacken sind gefragt. Sich gegenseitig zu st\u00e4rken und mit Bildung von Netzwerken gemeinsame Ziele zu verfolgen bleibt wichtig und wird in den Bibliotheken \u00d6sterreichs gelebt. Servus Wien, es war eine Freude!<\/p>\n\n\n\n<p><em>Text &amp; Bilder: Janet Wagner, Leiterin der AG GreenFUBib<\/em><\/p>\n","protected":false},"excerpt":{"rendered":"<p>Die Bibliotheken \u00d6sterreichs pr\u00e4sentierten sich vom 26.03. \u2013 28.03.2025 im Austria Center in Wien in vielf\u00e4ltiger Weise auf dem 2. \u00d6sterreichischen Bibliothekskongress. Das Thema Nachhaltigkeit war ein Schwerpunkt. Die Universit\u00e4tsbibliothek der Freien Universit\u00e4t mit der Arbeitsgruppe \u201eGreenFUBib\u201c nahm die M\u00f6glichkeit wahr, sich vor Ort mit wissenschaftlichen und \u00f6ffentlichen Bibliotheken zu den Punkten Nachhaltigkeit, Demokratiest\u00e4rkung und &hellip; <a href=\"https:\/\/blogs.fu-berlin.de\/bibliotheken\/2025\/03\/31\/greenfubib-goes-wien-demokratisch-divers-nachhaltig-war-das-motto-des-oesterreichischen-bibliothekskongresses-2025\/\" class=\"more-link\"><span class=\"screen-reader-text\">\u201eGreenFUBib goes Wien \u2013 \u201edemokratisch \u2013 divers \u2013 nachhaltig\u201c war das Motto des \u00f6sterreichischen Bibliothekskongresses 2025\u201c<\/span> weiterlesen<\/a><\/p>\n","protected":false},"author":5902,"featured_media":0,"comment_status":"open","ping_status":"open","sticky":false,"template":"","format":"standard","meta":{"footnotes":""},"categories":[9,601,70,603],"tags":[196703,57496,237908,584903,1358,55452,368602,368750,368753,2678,368773,57495],"class_list":["post-33754","post","type-post","status-publish","format-standard","hentry","category-allgemein","category-universitatsbibliothek","category-veranstaltungen","category-vorgestellt","tag-17-ziele-fuer-nachhaltige-entwicklung","tag-agenda-2030","tag-bibliothekskongress","tag-community-building","tag-demokratie","tag-diversitaet","tag-green-library","tag-greenfubib","tag-gruene-bibliothek","tag-nachhaltigkeit","tag-sustainability","tag-sustainable-development-goals"],"_links":{"self":[{"href":"https:\/\/blogs.fu-berlin.de\/bibliotheken\/wp-json\/wp\/v2\/posts\/33754","targetHints":{"allow":["GET"]}}],"collection":[{"href":"https:\/\/blogs.fu-berlin.de\/bibliotheken\/wp-json\/wp\/v2\/posts"}],"about":[{"href":"https:\/\/blogs.fu-berlin.de\/bibliotheken\/wp-json\/wp\/v2\/types\/post"}],"author":[{"embeddable":true,"href":"https:\/\/blogs.fu-berlin.de\/bibliotheken\/wp-json\/wp\/v2\/users\/5902"}],"replies":[{"embeddable":true,"href":"https:\/\/blogs.fu-berlin.de\/bibliotheken\/wp-json\/wp\/v2\/comments?post=33754"}],"version-history":[{"count":8,"href":"https:\/\/blogs.fu-berlin.de\/bibliotheken\/wp-json\/wp\/v2\/posts\/33754\/revisions"}],"predecessor-version":[{"id":33767,"href":"https:\/\/blogs.fu-berlin.de\/bibliotheken\/wp-json\/wp\/v2\/posts\/33754\/revisions\/33767"}],"wp:attachment":[{"href":"https:\/\/blogs.fu-berlin.de\/bibliotheken\/wp-json\/wp\/v2\/media?parent=33754"}],"wp:term":[{"taxonomy":"category","embeddable":true,"href":"https:\/\/blogs.fu-berlin.de\/bibliotheken\/wp-json\/wp\/v2\/categories?post=33754"},{"taxonomy":"post_tag","embeddable":true,"href":"https:\/\/blogs.fu-berlin.de\/bibliotheken\/wp-json\/wp\/v2\/tags?post=33754"}],"curies":[{"name":"wp","href":"https:\/\/api.w.org\/{rel}","templated":true}]}}