{"id":33769,"date":"2025-04-11T09:53:00","date_gmt":"2025-04-11T08:53:00","guid":{"rendered":"https:\/\/blogs.fu-berlin.de\/bibliotheken\/?p=33769"},"modified":"2025-04-07T09:54:32","modified_gmt":"2025-04-07T08:54:32","slug":"neuer-themenfilm-in-der-online-ausstellung-erlebte-geschichte-2","status":"publish","type":"post","link":"https:\/\/blogs.fu-berlin.de\/bibliotheken\/2025\/04\/11\/neuer-themenfilm-in-der-online-ausstellung-erlebte-geschichte-2\/","title":{"rendered":"Neuer Themenfilm in der Online-Ausstellung &#8222;Erlebte Geschichte&#8220;"},"content":{"rendered":"\n<figure class=\"wp-block-image size-full\"><img loading=\"lazy\" decoding=\"async\" width=\"1772\" height=\"1181\" src=\"https:\/\/blogs.fu-berlin.de\/bibliotheken\/files\/2025\/04\/RF_0308-06-002.jpg\" alt=\"\" class=\"wp-image-33790\" srcset=\"https:\/\/blogs.fu-berlin.de\/bibliotheken\/files\/2025\/04\/RF_0308-06-002.jpg 1772w, https:\/\/blogs.fu-berlin.de\/bibliotheken\/files\/2025\/04\/RF_0308-06-002-300x200.jpg 300w, https:\/\/blogs.fu-berlin.de\/bibliotheken\/files\/2025\/04\/RF_0308-06-002-1536x1024.jpg 1536w, https:\/\/blogs.fu-berlin.de\/bibliotheken\/files\/2025\/04\/RF_0308-06-002-1200x800.jpg 1200w\" sizes=\"auto, (max-width: 709px) 85vw, (max-width: 909px) 67vw, (max-width: 1362px) 62vw, 840px\" \/><figcaption>Dieter Heckelmann (1. v. r.) im Gespr\u00e4ch nach der Schl\u00fcssel\u00fcbergabe f\u00fcr das Pr\u00e4sidialamt.<br>Quelle: Freie Universit\u00e4t Berlin\/ Universit\u00e4tsarchiv \/ Foto-S\/Sig. FA-14_023_1 \/ Foto: Reinhard Friedrich<\/figcaption><\/figure>\n\n\n\n<p>Dieter Heckelmann: Ein konservativer Pr\u00e4sident konsolidiert<br><br>Nach den erbittert gef\u00fchrten universit\u00e4tspolitischen Grabenkriegen der 1970er Jahre wurde 1983 mit Dieter Heckelmann ein konservativer Hochschullehrer Pr\u00e4sident der Freien Universit\u00e4t Berlin, der sich bem\u00fchte, alle hochschulpolitischen Lager einzubinden. Eine zentrale Rolle spielte dabei die vertrauensvolle Zusammenarbeit mit den Vizepr\u00e4sidenten, die die unterschiedlichen Fraktionen der Hochschullehrer repr\u00e4sentierten. Auch Teile des akademischen Mittelbaus und der studentischen Linken wurden in die neue Konstellation des Pr\u00e4sidialamts eingebunden.<\/p>\n\n\n\n<p>Der neue Film in der Online-Ausstellung&nbsp;<a href=\"https:\/\/erlebte-geschichte.fu-berlin.de\/themen\/die-zeit-der-konsolidierung\/praesident-heckelmann\" data-type=\"URL\" data-id=\"https:\/\/erlebte-geschichte.fu-berlin.de\/themen\/die-zeit-der-konsolidierung\/praesident-heckelmann\" target=\"_blank\" rel=\"noreferrer noopener\">Erlebte Geschichte<\/a>&nbsp;gibt lebendige Einblicke.<br><\/p>\n","protected":false},"excerpt":{"rendered":"<p>Dieter Heckelmann: Ein konservativer Pr\u00e4sident konsolidiert Nach den erbittert gef\u00fchrten universit\u00e4tspolitischen Grabenkriegen der 1970er Jahre wurde 1983 mit Dieter Heckelmann ein konservativer Hochschullehrer Pr\u00e4sident der Freien Universit\u00e4t Berlin, der sich bem\u00fchte, alle hochschulpolitischen Lager einzubinden. Eine zentrale Rolle spielte dabei die vertrauensvolle Zusammenarbeit mit den Vizepr\u00e4sidenten, die die unterschiedlichen Fraktionen der Hochschullehrer repr\u00e4sentierten. Auch Teile &hellip; <a href=\"https:\/\/blogs.fu-berlin.de\/bibliotheken\/2025\/04\/11\/neuer-themenfilm-in-der-online-ausstellung-erlebte-geschichte-2\/\" class=\"more-link\"><span class=\"screen-reader-text\">\u201eNeuer Themenfilm in der Online-Ausstellung &#8222;Erlebte Geschichte&#8220;\u201c<\/span> weiterlesen<\/a><\/p>\n","protected":false},"author":1427,"featured_media":0,"comment_status":"open","ping_status":"open","sticky":false,"template":"","format":"standard","meta":{"footnotes":""},"categories":[9],"tags":[],"class_list":["post-33769","post","type-post","status-publish","format-standard","hentry","category-allgemein"],"_links":{"self":[{"href":"https:\/\/blogs.fu-berlin.de\/bibliotheken\/wp-json\/wp\/v2\/posts\/33769","targetHints":{"allow":["GET"]}}],"collection":[{"href":"https:\/\/blogs.fu-berlin.de\/bibliotheken\/wp-json\/wp\/v2\/posts"}],"about":[{"href":"https:\/\/blogs.fu-berlin.de\/bibliotheken\/wp-json\/wp\/v2\/types\/post"}],"author":[{"embeddable":true,"href":"https:\/\/blogs.fu-berlin.de\/bibliotheken\/wp-json\/wp\/v2\/users\/1427"}],"replies":[{"embeddable":true,"href":"https:\/\/blogs.fu-berlin.de\/bibliotheken\/wp-json\/wp\/v2\/comments?post=33769"}],"version-history":[{"count":4,"href":"https:\/\/blogs.fu-berlin.de\/bibliotheken\/wp-json\/wp\/v2\/posts\/33769\/revisions"}],"predecessor-version":[{"id":33793,"href":"https:\/\/blogs.fu-berlin.de\/bibliotheken\/wp-json\/wp\/v2\/posts\/33769\/revisions\/33793"}],"wp:attachment":[{"href":"https:\/\/blogs.fu-berlin.de\/bibliotheken\/wp-json\/wp\/v2\/media?parent=33769"}],"wp:term":[{"taxonomy":"category","embeddable":true,"href":"https:\/\/blogs.fu-berlin.de\/bibliotheken\/wp-json\/wp\/v2\/categories?post=33769"},{"taxonomy":"post_tag","embeddable":true,"href":"https:\/\/blogs.fu-berlin.de\/bibliotheken\/wp-json\/wp\/v2\/tags?post=33769"}],"curies":[{"name":"wp","href":"https:\/\/api.w.org\/{rel}","templated":true}]}}