{"id":33776,"date":"2025-04-05T07:00:00","date_gmt":"2025-04-05T06:00:00","guid":{"rendered":"https:\/\/blogs.fu-berlin.de\/bibliotheken\/?p=33776"},"modified":"2025-04-04T15:24:42","modified_gmt":"2025-04-04T14:24:42","slug":"abv-modul-informationskompetenz-jetzt-anmelden","status":"publish","type":"post","link":"https:\/\/blogs.fu-berlin.de\/bibliotheken\/2025\/04\/05\/abv-modul-informationskompetenz-jetzt-anmelden\/","title":{"rendered":"ABV-Modul Informationskompetenz \u2013 jetzt anmelden!"},"content":{"rendered":"\n<p>Ihnen fehlen noch ECTS-Punkte f\u00fcr den hei\u00df ersehnten Uniabschluss? Oder ben\u00f6tigen Sie Hilfe, um die passenden Quellen f\u00fcr Ihre Bachelorarbeit zu finden? <\/p>\n\n\n\n<p>Damit Sie nicht prokrastiniert nach dem Sommersemester in die vorlesungsfreie Zeit starten, h\u00e4lt die Universit\u00e4tsbibliothek ein besonders Angebot bereit.<br>Das kostenfreie<a rel=\"noreferrer noopener\" href=\"https:\/\/www.fu-berlin.de\/sites\/ub\/lernangebote\/abv_ik\/index.html\" target=\"_blank\"> ABV-Ferienmodul \u201eInformationskompetenz\u201c<\/a> vom 01.\u201319. September 2025 bietet Ihne hybrid u. a. Hilfestellung bei:<\/p>\n\n\n\n<p>\ud83d\udd0d Themenfindung &amp; Recherche<br>\ud83e\udde0 Bewertung der gefundenen Quellen<br>\ud83d\udcdd Unterst\u00fctzung beim richtigen Zitieren<br>\ud83d\udcaa Einf\u00fchrung in ein Literaturverwaltungprogramm<br>\u2328\ufe0f Forschungsdaten &amp; Verwendung von k\u00fcnstlicher Intelligenz<\/p>\n\n\n\n<p><strong>Highlights<\/strong><\/p>\n\n\n\n<p>\u2022 Eigenes Thema mitbringen<br>\u2022 Erlernte Inhalte direkt anwenden<br>\u2022 modulbegleitendes Rechercheportfolio erstellen<br>\u2022 Aufteilung in fachlich spezialisierte Kleingruppen in der finalen Phase<\/p>\n\n\n\n<p>Bei erfolgreicher Teilnahme erhalten Sie <strong>5 Leistungspunkte<\/strong>!<\/p>\n\n\n\n<p>Alle Infos und die Links zur Anmeldung finden Sie unter: <a href=\"https:\/\/www.fu-berlin.de\/sites\/ub\/lernangebote\/abv_ik\/index.html\" target=\"_blank\" rel=\"noreferrer noopener\">https:\/\/www.fu-berlin.de\/sites\/ub\/lernangebote\/abv_ik\/index.html<\/a><\/p>\n\n\n\n<p>Wir freuen uns \u00fcber Ihre Teilnahme!<\/p>\n","protected":false},"excerpt":{"rendered":"<p>Ihnen fehlen noch ECTS-Punkte f\u00fcr den hei\u00df ersehnten Uniabschluss? Oder ben\u00f6tigen Sie Hilfe, um die passenden Quellen f\u00fcr Ihre Bachelorarbeit zu finden? Damit Sie nicht prokrastiniert nach dem Sommersemester in die vorlesungsfreie Zeit starten, h\u00e4lt die Universit\u00e4tsbibliothek ein besonders Angebot bereit.Das kostenfreie ABV-Ferienmodul \u201eInformationskompetenz\u201c vom 01.\u201319. September 2025 bietet Ihne hybrid u. a. Hilfestellung bei: &hellip; <a href=\"https:\/\/blogs.fu-berlin.de\/bibliotheken\/2025\/04\/05\/abv-modul-informationskompetenz-jetzt-anmelden\/\" class=\"more-link\"><span class=\"screen-reader-text\">\u201eABV-Modul Informationskompetenz \u2013 jetzt anmelden!\u201c<\/span> weiterlesen<\/a><\/p>\n","protected":false},"author":293,"featured_media":33780,"comment_status":"open","ping_status":"open","sticky":false,"template":"","format":"standard","meta":{"footnotes":""},"categories":[9,457816,491,493,601,70],"tags":[2310,584907,584905,196553,226008,1859,25],"class_list":["post-33776","post","type-post","status-publish","format-standard","has-post-thumbnail","hentry","category-allgemein","category-lehr-lernservices","category-lernangebote-kurse","category-recherchetipps","category-universitatsbibliothek","category-veranstaltungen","tag-bachelor","tag-bachelorarbeit","tag-ferienmodul","tag-forschungsdaten","tag-kuenstliche-intelligenz","tag-literaturverwaltung","tag-zitieren"],"_links":{"self":[{"href":"https:\/\/blogs.fu-berlin.de\/bibliotheken\/wp-json\/wp\/v2\/posts\/33776","targetHints":{"allow":["GET"]}}],"collection":[{"href":"https:\/\/blogs.fu-berlin.de\/bibliotheken\/wp-json\/wp\/v2\/posts"}],"about":[{"href":"https:\/\/blogs.fu-berlin.de\/bibliotheken\/wp-json\/wp\/v2\/types\/post"}],"author":[{"embeddable":true,"href":"https:\/\/blogs.fu-berlin.de\/bibliotheken\/wp-json\/wp\/v2\/users\/293"}],"replies":[{"embeddable":true,"href":"https:\/\/blogs.fu-berlin.de\/bibliotheken\/wp-json\/wp\/v2\/comments?post=33776"}],"version-history":[{"count":2,"href":"https:\/\/blogs.fu-berlin.de\/bibliotheken\/wp-json\/wp\/v2\/posts\/33776\/revisions"}],"predecessor-version":[{"id":33778,"href":"https:\/\/blogs.fu-berlin.de\/bibliotheken\/wp-json\/wp\/v2\/posts\/33776\/revisions\/33778"}],"wp:featuredmedia":[{"embeddable":true,"href":"https:\/\/blogs.fu-berlin.de\/bibliotheken\/wp-json\/wp\/v2\/media\/33780"}],"wp:attachment":[{"href":"https:\/\/blogs.fu-berlin.de\/bibliotheken\/wp-json\/wp\/v2\/media?parent=33776"}],"wp:term":[{"taxonomy":"category","embeddable":true,"href":"https:\/\/blogs.fu-berlin.de\/bibliotheken\/wp-json\/wp\/v2\/categories?post=33776"},{"taxonomy":"post_tag","embeddable":true,"href":"https:\/\/blogs.fu-berlin.de\/bibliotheken\/wp-json\/wp\/v2\/tags?post=33776"}],"curies":[{"name":"wp","href":"https:\/\/api.w.org\/{rel}","templated":true}]}}