{"id":33814,"date":"2025-04-24T12:54:27","date_gmt":"2025-04-24T11:54:27","guid":{"rendered":"https:\/\/blogs.fu-berlin.de\/bibliotheken\/?p=33814"},"modified":"2025-04-24T15:11:18","modified_gmt":"2025-04-24T14:11:18","slug":"wasser-so-wertvoll-so-schuetzenswert-wanderausstellung-am-campus-lankwitz","status":"publish","type":"post","link":"https:\/\/blogs.fu-berlin.de\/bibliotheken\/2025\/04\/24\/wasser-so-wertvoll-so-schuetzenswert-wanderausstellung-am-campus-lankwitz\/","title":{"rendered":"Wasser!? So wertvoll, so sch\u00fctzenswert \u2013 Wanderausstellung am Campus Lankwitz"},"content":{"rendered":"\n<p>Die Arbeitsgruppe <a href=\"https:\/\/www.fu-berlin.de\/sites\/ub\/ueber-uns\/nachhaltigkeit\/index.html\" data-type=\"URL\" data-id=\"https:\/\/www.fu-berlin.de\/sites\/ub\/ueber-uns\/nachhaltigkeit\/index.html\">GreenFUBib<\/a> der Universit\u00e4tsbibliothek hat die Wanderausstellung: \u201e<a href=\"http:\/\/bluecommunityberlin.de\/wanderausstellung\/\" data-type=\"URL\" data-id=\"http:\/\/bluecommunityberlin.de\/wanderausstellung\/\">F\u00fcnf Jahre Blue Community Berlin<\/a>\u201c an den Campus Lankwitz geholt. Im Foyer, vor der <a href=\"https:\/\/www.geo.fu-berlin.de\/bibliotheken\/geo\/index.html\" data-type=\"URL\" data-id=\"https:\/\/www.geo.fu-berlin.de\/bibliotheken\/geo\/index.html\">Fachbibliothek Geowissenschaften<\/a> (Haus G), stehen informative Schautafeln und zeigen mit vielf\u00e4ltigen Themenbeispielen die Bedeutsamkeit der Lebensressource Wasser.<\/p>\n\n\n\n<figure class=\"wp-block-image size-full\"><img loading=\"lazy\" decoding=\"async\" width=\"628\" height=\"390\" src=\"https:\/\/blogs.fu-berlin.de\/bibliotheken\/files\/2025\/04\/grafik.png\" alt=\"\" class=\"wp-image-33815\" srcset=\"https:\/\/blogs.fu-berlin.de\/bibliotheken\/files\/2025\/04\/grafik.png 628w, https:\/\/blogs.fu-berlin.de\/bibliotheken\/files\/2025\/04\/grafik-300x186.png 300w\" sizes=\"auto, (max-width: 709px) 85vw, (max-width: 909px) 67vw, (max-width: 984px) 61vw, (max-width: 1362px) 45vw, 600px\" \/><\/figure>\n\n\n\n<p><\/p>\n\n\n\n<p>Der <a href=\"https:\/\/www.weltwassertag.com\/#ueber\" data-type=\"URL\" data-id=\"https:\/\/www.weltwassertag.com\/#ueber\">Welttag des Wassers<\/a> ist ein von der UN deklarierter globaler Aktionstag, den dem sich auch viele Bibliotheken j\u00e4hrlich beteiligen: Ausstellungen, Veranstaltungen, Medienpr\u00e4sentationen oder auch das Thema \u201e<a href=\"https:\/\/www.fu-berlin.de\/presse\/informationen\/fup\/2023\/fup_23_053-auszeichnung-leitungswasserfreundlich\/index.html\" data-type=\"URL\" data-id=\"https:\/\/www.fu-berlin.de\/presse\/informationen\/fup\/2023\/fup_23_053-auszeichnung-leitungswasserfreundlich\/index.html\">Leitungswasserfreundliche Bibliothek<\/a>\u201c werden angeboten und durchgef\u00fchrt. Wasser als Thema in der Bildungsarbeit ist bedeutsam, sowohl in der formellen als auch in der informellen Bildungslandschaft. <\/p>\n\n\n\n<p>Die Ausstellung zeigt, mit welchen Beispielen sich das <a href=\"https:\/\/www.berlin.de\/sen\/uvk\/umwelt\/wasser-und-geologie\/blue-community\/\" data-type=\"URL\" data-id=\"https:\/\/www.berlin.de\/sen\/uvk\/umwelt\/wasser-und-geologie\/blue-community\/\">Land Berlin als Teil der \u201eBlue Community\u201c <\/a>verpflichtet, den Zugang zu Wasser und sanit\u00e4rer Grundversorgung f\u00fcr alle Menschen in Berlin zu gew\u00e4hrleisten. Ob <a href=\"https:\/\/www.berlin.de\/sen\/uvk\/mobilitaet-und-verkehr\/infrastruktur\/oeffentliche-toiletten\/klimafreundliche-parktoiletten\/\" data-type=\"URL\" data-id=\"https:\/\/www.berlin.de\/sen\/uvk\/mobilitaet-und-verkehr\/infrastruktur\/oeffentliche-toiletten\/klimafreundliche-parktoiletten\/\">Eco-Toiletten <\/a>in Parks, <a href=\"https:\/\/www.bwb.de\/de\/trinkbrunnen.php\" data-type=\"URL\" data-id=\"https:\/\/www.bwb.de\/de\/trinkbrunnen.php\">200 Trinkwasserbrunnen<\/a> im \u00f6ffentlichen Raum oder Pl\u00e4ne f\u00fcr \u201eK\u00fchlungs-Inseln\u201c in den Hitzeperioden \u2013 Wasser sparen, Wasser bereitstellen \u2013 es ist herausfordernd und komplex. Die Schautafeln zeigen verschiedene Perspektiven auf das Thema Wasser. Auch gibt es informative Flyer in verschiedenen Sprachen. <\/p>\n\n\n\n<p>\u201eKein Leben ohne Wasser\u201c hei\u00dft es so oft. Mit Blick auf das universit\u00e4re Leben an der Freien Universit\u00e4t Berlin ist Wasser, neben Energie, Strom und den Geb\u00e4uden die Basis f\u00fcr Forschung, Lehre, Studium und das Arbeiten an einer gro\u00dfen Universit\u00e4t. <\/p>\n\n\n\n<figure class=\"wp-block-image size-full\"><img loading=\"lazy\" decoding=\"async\" width=\"1067\" height=\"800\" src=\"https:\/\/blogs.fu-berlin.de\/bibliotheken\/files\/2025\/04\/GreenFUBib2023A.jpg\" alt=\"\" class=\"wp-image-33820\" srcset=\"https:\/\/blogs.fu-berlin.de\/bibliotheken\/files\/2025\/04\/GreenFUBib2023A.jpg 1067w, https:\/\/blogs.fu-berlin.de\/bibliotheken\/files\/2025\/04\/GreenFUBib2023A-300x225.jpg 300w\" sizes=\"auto, (max-width: 709px) 85vw, (max-width: 909px) 67vw, (max-width: 1362px) 62vw, 840px\" \/><figcaption>Die AG GreenFUBib lud ein am Weltwassertag in die Bl\u00e4tterlaube, dem Gemeinschaftsgarten an der Freien Universit\u00e4t Berlin.<\/figcaption><\/figure>\n\n\n\n<p>Die Ausstellung ist auf dem Campus Lankwitz bis zum Ende des Sommersemesters 2025 zu sehen. Das Haus G und der Zugang zum Foyer ist w\u00e4hrend folgender \u00d6ffnungszeiten gew\u00e4hrleistet: <br>Mo-Do 10:00 &#8211; 18:00 Uhr<br>Fr&nbsp;&nbsp;&nbsp;&nbsp;&nbsp;&nbsp;&nbsp;&nbsp;   10:00 &#8211; 18.00 Uhr<\/p>\n\n\n\n<p>F\u00fcr eine Orientierung \u00fcber die H\u00e4user gibt es einen <a href=\"https:\/\/www.fu-berlin.de\/redaktion\/orientierung\/lankwitz\/index.html\" data-type=\"URL\" data-id=\"https:\/\/www.fu-berlin.de\/redaktion\/orientierung\/lankwitz\/index.html\">Lageplan<\/a>. Der Weg nach Lankwitz lohnt sich und kann mit einem Besuch der <a href=\"https:\/\/www.geo.fu-berlin.de\/bibliotheken\/geo\/index.html\" data-type=\"URL\" data-id=\"https:\/\/www.geo.fu-berlin.de\/bibliotheken\/geo\/index.html\">Fachbibliothek <\/a>wochentags gut verbunden werden. Die gem\u00fctliche und gr\u00fcne Bibliothek beantwortet zudem gern weitere Anfragen bzw. hilft bei weiteren Recherchen zum Thema \u201eWasser\u201c. <\/p>\n","protected":false},"excerpt":{"rendered":"<p>Die Arbeitsgruppe GreenFUBib der Universit\u00e4tsbibliothek hat die Wanderausstellung: \u201eF\u00fcnf Jahre Blue Community Berlin\u201c an den Campus Lankwitz geholt. Im Foyer, vor der Fachbibliothek Geowissenschaften (Haus G), stehen informative Schautafeln und zeigen mit vielf\u00e4ltigen Themenbeispielen die Bedeutsamkeit der Lebensressource Wasser. Der Welttag des Wassers ist ein von der UN deklarierter globaler Aktionstag, den dem sich auch &hellip; <a href=\"https:\/\/blogs.fu-berlin.de\/bibliotheken\/2025\/04\/24\/wasser-so-wertvoll-so-schuetzenswert-wanderausstellung-am-campus-lankwitz\/\" class=\"more-link\"><span class=\"screen-reader-text\">\u201eWasser!? So wertvoll, so sch\u00fctzenswert \u2013 Wanderausstellung am Campus Lankwitz\u201c<\/span> weiterlesen<\/a><\/p>\n","protected":false},"author":5902,"featured_media":0,"comment_status":"open","ping_status":"open","sticky":false,"template":"","format":"standard","meta":{"footnotes":""},"categories":[9,600,601,603,584805],"tags":[196703,368757,581,1661,584911,368602,368750,368753,584912,2678,584910,57495,584913,457855,196748],"class_list":["post-33814","post","type-post","status-publish","format-standard","hentry","category-allgemein","category-fachbibliotheken","category-universitatsbibliothek","category-vorgestellt","category-was-ist-neu","tag-17-ziele-fuer-nachhaltige-entwicklung","tag-agenda2030","tag-ausstellung","tag-bildung","tag-blue-community","tag-green-library","tag-greenfubib","tag-gruene-bibliothek","tag-land-berlin","tag-nachhaltigkeit","tag-ressource-wasser","tag-sustainable-development-goals","tag-wasser-fuer-alle","tag-wasserkrise","tag-weltwassertag"],"_links":{"self":[{"href":"https:\/\/blogs.fu-berlin.de\/bibliotheken\/wp-json\/wp\/v2\/posts\/33814","targetHints":{"allow":["GET"]}}],"collection":[{"href":"https:\/\/blogs.fu-berlin.de\/bibliotheken\/wp-json\/wp\/v2\/posts"}],"about":[{"href":"https:\/\/blogs.fu-berlin.de\/bibliotheken\/wp-json\/wp\/v2\/types\/post"}],"author":[{"embeddable":true,"href":"https:\/\/blogs.fu-berlin.de\/bibliotheken\/wp-json\/wp\/v2\/users\/5902"}],"replies":[{"embeddable":true,"href":"https:\/\/blogs.fu-berlin.de\/bibliotheken\/wp-json\/wp\/v2\/comments?post=33814"}],"version-history":[{"count":11,"href":"https:\/\/blogs.fu-berlin.de\/bibliotheken\/wp-json\/wp\/v2\/posts\/33814\/revisions"}],"predecessor-version":[{"id":33829,"href":"https:\/\/blogs.fu-berlin.de\/bibliotheken\/wp-json\/wp\/v2\/posts\/33814\/revisions\/33829"}],"wp:attachment":[{"href":"https:\/\/blogs.fu-berlin.de\/bibliotheken\/wp-json\/wp\/v2\/media?parent=33814"}],"wp:term":[{"taxonomy":"category","embeddable":true,"href":"https:\/\/blogs.fu-berlin.de\/bibliotheken\/wp-json\/wp\/v2\/categories?post=33814"},{"taxonomy":"post_tag","embeddable":true,"href":"https:\/\/blogs.fu-berlin.de\/bibliotheken\/wp-json\/wp\/v2\/tags?post=33814"}],"curies":[{"name":"wp","href":"https:\/\/api.w.org\/{rel}","templated":true}]}}