{"id":33838,"date":"2025-04-30T10:25:00","date_gmt":"2025-04-30T09:25:00","guid":{"rendered":"https:\/\/blogs.fu-berlin.de\/bibliotheken\/?p=33838"},"modified":"2025-04-28T10:26:03","modified_gmt":"2025-04-28T09:26:03","slug":"neuer-portrait-film-in-der-online-ausstellung-erlebte-geschichte","status":"publish","type":"post","link":"https:\/\/blogs.fu-berlin.de\/bibliotheken\/2025\/04\/30\/neuer-portrait-film-in-der-online-ausstellung-erlebte-geschichte\/","title":{"rendered":"Neuer Portrait-Film in der Online-Ausstellung &#8222;Erlebte Geschichte&#8220;"},"content":{"rendered":"\n<p>Dr. Burkhart Veigel: ein umtriebiger Fluchthelfer<\/p>\n\n\n\n<p>Der Mauerbau im August 1961 war nach der Berlin-Blockade die radikalste Einschr\u00e4nkung der Bewegungsfreiheit in der Stadt. Die Freie Universit\u00e4t Berlin war wie der gesamte Westteil der Stadt eingeschlossen; ihre Angeh\u00f6rigen, die im Ostteil wohnten, konnten nicht mehr nach Dahlem gelangen. Der einzige Ausweg f\u00fcr sie war die Flucht, die mit Hilfe von FU-Studenten wie Burkhart Veigel oft gelang.<\/p>\n\n\n\n<p>Der neue Film in der Online-Ausstellung\u00a0<a href=\"https:\/\/erlebte-geschichte.fu-berlin.de\/personen\/dr-burkhart-veigel\" target=\"_blank\" rel=\"noreferrer noopener\">Erlebte Geschichte<\/a>\u00a0gibt lebendige Einblicke.<\/p>\n","protected":false},"excerpt":{"rendered":"<p>Dr. Burkhart Veigel: ein umtriebiger Fluchthelfer Der Mauerbau im August 1961 war nach der Berlin-Blockade die radikalste Einschr\u00e4nkung der Bewegungsfreiheit in der Stadt. Die Freie Universit\u00e4t Berlin war wie der gesamte Westteil der Stadt eingeschlossen; ihre Angeh\u00f6rigen, die im Ostteil wohnten, konnten nicht mehr nach Dahlem gelangen. Der einzige Ausweg f\u00fcr sie war die Flucht, &hellip; <a href=\"https:\/\/blogs.fu-berlin.de\/bibliotheken\/2025\/04\/30\/neuer-portrait-film-in-der-online-ausstellung-erlebte-geschichte\/\" class=\"more-link\"><span class=\"screen-reader-text\">\u201eNeuer Portrait-Film in der Online-Ausstellung &#8222;Erlebte Geschichte&#8220;\u201c<\/span> weiterlesen<\/a><\/p>\n","protected":false},"author":1427,"featured_media":33841,"comment_status":"open","ping_status":"open","sticky":false,"template":"","format":"standard","meta":{"footnotes":""},"categories":[604,457816,493,601,584805],"tags":[457916,2699,2593,471612],"class_list":["post-33838","post","type-post","status-publish","format-standard","has-post-thumbnail","hentry","category-ins-netz-geschaut","category-lehr-lernservices","category-recherchetipps","category-universitatsbibliothek","category-was-ist-neu","tag-digitale-interviewsammlungen","tag-online-archiv","tag-oral-history","tag-universitaetsgeschichte"],"_links":{"self":[{"href":"https:\/\/blogs.fu-berlin.de\/bibliotheken\/wp-json\/wp\/v2\/posts\/33838","targetHints":{"allow":["GET"]}}],"collection":[{"href":"https:\/\/blogs.fu-berlin.de\/bibliotheken\/wp-json\/wp\/v2\/posts"}],"about":[{"href":"https:\/\/blogs.fu-berlin.de\/bibliotheken\/wp-json\/wp\/v2\/types\/post"}],"author":[{"embeddable":true,"href":"https:\/\/blogs.fu-berlin.de\/bibliotheken\/wp-json\/wp\/v2\/users\/1427"}],"replies":[{"embeddable":true,"href":"https:\/\/blogs.fu-berlin.de\/bibliotheken\/wp-json\/wp\/v2\/comments?post=33838"}],"version-history":[{"count":2,"href":"https:\/\/blogs.fu-berlin.de\/bibliotheken\/wp-json\/wp\/v2\/posts\/33838\/revisions"}],"predecessor-version":[{"id":33842,"href":"https:\/\/blogs.fu-berlin.de\/bibliotheken\/wp-json\/wp\/v2\/posts\/33838\/revisions\/33842"}],"wp:featuredmedia":[{"embeddable":true,"href":"https:\/\/blogs.fu-berlin.de\/bibliotheken\/wp-json\/wp\/v2\/media\/33841"}],"wp:attachment":[{"href":"https:\/\/blogs.fu-berlin.de\/bibliotheken\/wp-json\/wp\/v2\/media?parent=33838"}],"wp:term":[{"taxonomy":"category","embeddable":true,"href":"https:\/\/blogs.fu-berlin.de\/bibliotheken\/wp-json\/wp\/v2\/categories?post=33838"},{"taxonomy":"post_tag","embeddable":true,"href":"https:\/\/blogs.fu-berlin.de\/bibliotheken\/wp-json\/wp\/v2\/tags?post=33838"}],"curies":[{"name":"wp","href":"https:\/\/api.w.org\/{rel}","templated":true}]}}