{"id":33853,"date":"2025-05-06T11:16:18","date_gmt":"2025-05-06T10:16:18","guid":{"rendered":"https:\/\/blogs.fu-berlin.de\/bibliotheken\/?p=33853"},"modified":"2025-05-06T11:16:18","modified_gmt":"2025-05-06T10:16:18","slug":"kurzer-jahresbericht-der-universitaetsbibliothek-rueckblick-auf-ein-ereignisreiches-jahr","status":"publish","type":"post","link":"https:\/\/blogs.fu-berlin.de\/bibliotheken\/2025\/05\/06\/kurzer-jahresbericht-der-universitaetsbibliothek-rueckblick-auf-ein-ereignisreiches-jahr\/","title":{"rendered":"Kurzer Jahresbericht der Universit\u00e4tsbibliothek \u2013 R\u00fcckblick auf ein ereignisreiches Jahr"},"content":{"rendered":"\n<p>Mit Freude pr\u00e4sentieren wir unseren Jahresbericht 2024. Kurz und knackig werfen wir einen Blick auf Entwicklungen und Projekte, die wir im letzten Jahr gemeistert haben. Von neuen digitalen Angeboten \u00fcber spannende Forschungskooperationen, der F\u00f6rderung von Open Science und Open Access, der Einf\u00fchrung neuer Lernr\u00e4ume bis zur vielf\u00e4ltigen Unterst\u00fctzung der Studierenden &#8211; es tut sich was. In diesen bewegten und nicht immer einfachen Zeiten stehen wir nicht still. <br><br>Wir sind gespannt auf das kommende Jahr und die vielen Herausforderungen, die noch vor uns liegen. <br><br><a rel=\"noreferrer noopener\" href=\"https:\/\/www.fu-berlin.de\/sites\/ub\/ueber-uns\/jahresbericht\/index.html\" data-type=\"URL\" data-id=\"https:\/\/www.fu-berlin.de\/sites\/ub\/ueber-uns\/jahresbericht\/index.html\" target=\"_blank\">Zum Jahresbericht (online-Version)<\/a><br><br><br><\/p>\n","protected":false},"excerpt":{"rendered":"<p>Mit Freude pr\u00e4sentieren wir unseren Jahresbericht 2024. Kurz und knackig werfen wir einen Blick auf Entwicklungen und Projekte, die wir im letzten Jahr gemeistert haben. Von neuen digitalen Angeboten \u00fcber spannende Forschungskooperationen, der F\u00f6rderung von Open Science und Open Access, der Einf\u00fchrung neuer Lernr\u00e4ume bis zur vielf\u00e4ltigen Unterst\u00fctzung der Studierenden &#8211; es tut sich was. &hellip; <a href=\"https:\/\/blogs.fu-berlin.de\/bibliotheken\/2025\/05\/06\/kurzer-jahresbericht-der-universitaetsbibliothek-rueckblick-auf-ein-ereignisreiches-jahr\/\" class=\"more-link\"><span class=\"screen-reader-text\">\u201eKurzer Jahresbericht der Universit\u00e4tsbibliothek \u2013 R\u00fcckblick auf ein ereignisreiches Jahr\u201c<\/span> weiterlesen<\/a><\/p>\n","protected":false},"author":1427,"featured_media":33856,"comment_status":"open","ping_status":"open","sticky":false,"template":"","format":"standard","meta":{"footnotes":""},"categories":[9,600,604,601,603],"tags":[584914,10094],"class_list":["post-33853","post","type-post","status-publish","format-standard","has-post-thumbnail","hentry","category-allgemein","category-fachbibliotheken","category-ins-netz-geschaut","category-universitatsbibliothek","category-vorgestellt","tag-jahresbericht","tag-jahresruckblick"],"_links":{"self":[{"href":"https:\/\/blogs.fu-berlin.de\/bibliotheken\/wp-json\/wp\/v2\/posts\/33853","targetHints":{"allow":["GET"]}}],"collection":[{"href":"https:\/\/blogs.fu-berlin.de\/bibliotheken\/wp-json\/wp\/v2\/posts"}],"about":[{"href":"https:\/\/blogs.fu-berlin.de\/bibliotheken\/wp-json\/wp\/v2\/types\/post"}],"author":[{"embeddable":true,"href":"https:\/\/blogs.fu-berlin.de\/bibliotheken\/wp-json\/wp\/v2\/users\/1427"}],"replies":[{"embeddable":true,"href":"https:\/\/blogs.fu-berlin.de\/bibliotheken\/wp-json\/wp\/v2\/comments?post=33853"}],"version-history":[{"count":2,"href":"https:\/\/blogs.fu-berlin.de\/bibliotheken\/wp-json\/wp\/v2\/posts\/33853\/revisions"}],"predecessor-version":[{"id":33857,"href":"https:\/\/blogs.fu-berlin.de\/bibliotheken\/wp-json\/wp\/v2\/posts\/33853\/revisions\/33857"}],"wp:featuredmedia":[{"embeddable":true,"href":"https:\/\/blogs.fu-berlin.de\/bibliotheken\/wp-json\/wp\/v2\/media\/33856"}],"wp:attachment":[{"href":"https:\/\/blogs.fu-berlin.de\/bibliotheken\/wp-json\/wp\/v2\/media?parent=33853"}],"wp:term":[{"taxonomy":"category","embeddable":true,"href":"https:\/\/blogs.fu-berlin.de\/bibliotheken\/wp-json\/wp\/v2\/categories?post=33853"},{"taxonomy":"post_tag","embeddable":true,"href":"https:\/\/blogs.fu-berlin.de\/bibliotheken\/wp-json\/wp\/v2\/tags?post=33853"}],"curies":[{"name":"wp","href":"https:\/\/api.w.org\/{rel}","templated":true}]}}