{"id":33895,"date":"2025-05-28T10:31:00","date_gmt":"2025-05-28T09:31:00","guid":{"rendered":"https:\/\/blogs.fu-berlin.de\/bibliotheken\/?p=33895"},"modified":"2025-05-27T10:32:05","modified_gmt":"2025-05-27T09:32:05","slug":"zentralbibliothek-eingeschraenkter-zugang-zum-offenen-magazin","status":"publish","type":"post","link":"https:\/\/blogs.fu-berlin.de\/bibliotheken\/2025\/05\/28\/zentralbibliothek-eingeschraenkter-zugang-zum-offenen-magazin\/","title":{"rendered":"Zentralbibliothek: Eingeschr\u00e4nkter Zugang zum Offenen Magazin"},"content":{"rendered":"\n<p><br>Aufgrund laufender Bauarbeiten sind aktuell einzelne Etagen des Offenen Magazins in der Zentralbibliothek tempor\u00e4r nicht frei zug\u00e4nglich. <br><br>Trotzdem m\u00fcssen Sie nicht auf die ben\u00f6tigten Medien verzichten:<\/p>\n\n\n\n<ul class=\"wp-block-list\"><li>Bestellen Sie die gew\u00fcnschten Titel einfach \u00fcber Primo<\/li><li>Alternativ hilft Ihnen das Team an der Leihstelle im 1. Obergeschoss gerne weiter. In der Regel k\u00f6nnen die Kolleg*innen die gew\u00fcnschten B\u00fccher f\u00fcr Sie aus dem Magazin holen.<br><br>Wir bem\u00fchen uns, Ihnen w\u00e4hrend der Bauphase den bestm\u00f6glichen Service zu bieten und halten Sie \u00fcber alle \u00c4nderungen auf dem Laufenden.<br><br>Vielen Dank f\u00fcr Ihre Geduld und Ihr Verst\u00e4ndnis!<\/li><\/ul>\n","protected":false},"excerpt":{"rendered":"<p>Aufgrund laufender Bauarbeiten sind aktuell einzelne Etagen des Offenen Magazins in der Zentralbibliothek tempor\u00e4r nicht frei zug\u00e4nglich. Trotzdem m\u00fcssen Sie nicht auf die ben\u00f6tigten Medien verzichten: Bestellen Sie die gew\u00fcnschten Titel einfach \u00fcber Primo Alternativ hilft Ihnen das Team an der Leihstelle im 1. Obergeschoss gerne weiter. In der Regel k\u00f6nnen die Kolleg*innen die gew\u00fcnschten &hellip; <a href=\"https:\/\/blogs.fu-berlin.de\/bibliotheken\/2025\/05\/28\/zentralbibliothek-eingeschraenkter-zugang-zum-offenen-magazin\/\" class=\"more-link\"><span class=\"screen-reader-text\">\u201eZentralbibliothek: Eingeschr\u00e4nkter Zugang zum Offenen Magazin\u201c<\/span> weiterlesen<\/a><\/p>\n","protected":false},"author":1427,"featured_media":33901,"comment_status":"open","ping_status":"open","sticky":false,"template":"","format":"standard","meta":{"footnotes":""},"categories":[457816],"tags":[2136,776],"class_list":["post-33895","post","type-post","status-publish","format-standard","has-post-thumbnail","hentry","category-lehr-lernservices","tag-benutzungseinschrankungen","tag-zentralbibliothek"],"_links":{"self":[{"href":"https:\/\/blogs.fu-berlin.de\/bibliotheken\/wp-json\/wp\/v2\/posts\/33895","targetHints":{"allow":["GET"]}}],"collection":[{"href":"https:\/\/blogs.fu-berlin.de\/bibliotheken\/wp-json\/wp\/v2\/posts"}],"about":[{"href":"https:\/\/blogs.fu-berlin.de\/bibliotheken\/wp-json\/wp\/v2\/types\/post"}],"author":[{"embeddable":true,"href":"https:\/\/blogs.fu-berlin.de\/bibliotheken\/wp-json\/wp\/v2\/users\/1427"}],"replies":[{"embeddable":true,"href":"https:\/\/blogs.fu-berlin.de\/bibliotheken\/wp-json\/wp\/v2\/comments?post=33895"}],"version-history":[{"count":4,"href":"https:\/\/blogs.fu-berlin.de\/bibliotheken\/wp-json\/wp\/v2\/posts\/33895\/revisions"}],"predecessor-version":[{"id":33902,"href":"https:\/\/blogs.fu-berlin.de\/bibliotheken\/wp-json\/wp\/v2\/posts\/33895\/revisions\/33902"}],"wp:featuredmedia":[{"embeddable":true,"href":"https:\/\/blogs.fu-berlin.de\/bibliotheken\/wp-json\/wp\/v2\/media\/33901"}],"wp:attachment":[{"href":"https:\/\/blogs.fu-berlin.de\/bibliotheken\/wp-json\/wp\/v2\/media?parent=33895"}],"wp:term":[{"taxonomy":"category","embeddable":true,"href":"https:\/\/blogs.fu-berlin.de\/bibliotheken\/wp-json\/wp\/v2\/categories?post=33895"},{"taxonomy":"post_tag","embeddable":true,"href":"https:\/\/blogs.fu-berlin.de\/bibliotheken\/wp-json\/wp\/v2\/tags?post=33895"}],"curies":[{"name":"wp","href":"https:\/\/api.w.org\/{rel}","templated":true}]}}