{"id":33945,"date":"2025-06-25T07:32:00","date_gmt":"2025-06-25T06:32:00","guid":{"rendered":"https:\/\/blogs.fu-berlin.de\/bibliotheken\/?p=33945"},"modified":"2025-06-24T17:32:50","modified_gmt":"2025-06-24T16:32:50","slug":"moin-aus-bremen-starke-praesenz-auf-bibliocon-2025","status":"publish","type":"post","link":"https:\/\/blogs.fu-berlin.de\/bibliotheken\/2025\/06\/25\/moin-aus-bremen-starke-praesenz-auf-bibliocon-2025\/","title":{"rendered":"Moin aus Bremen &#8211; Starke Pr\u00e4senz auf BiblioCon 2025"},"content":{"rendered":"\n<figure class=\"wp-block-gallery has-nested-images columns-default is-cropped wp-block-gallery-1 is-layout-flex wp-block-gallery-is-layout-flex\">\n<figure class=\"wp-block-image size-large\"><img loading=\"lazy\" decoding=\"async\" width=\"1512\" height=\"2016\" data-id=\"33984\" src=\"https:\/\/blogs.fu-berlin.de\/bibliotheken\/files\/2025\/06\/1.jpg\" alt=\"\" class=\"wp-image-33984\" srcset=\"https:\/\/blogs.fu-berlin.de\/bibliotheken\/files\/2025\/06\/1.jpg 1512w, https:\/\/blogs.fu-berlin.de\/bibliotheken\/files\/2025\/06\/1-225x300.jpg 225w, https:\/\/blogs.fu-berlin.de\/bibliotheken\/files\/2025\/06\/1-1152x1536.jpg 1152w, https:\/\/blogs.fu-berlin.de\/bibliotheken\/files\/2025\/06\/1-1200x1600.jpg 1200w\" sizes=\"auto, (max-width: 709px) 85vw, (max-width: 909px) 67vw, (max-width: 1362px) 62vw, 840px\" \/><\/figure>\n\n\n\n<figure class=\"wp-block-image size-large\"><img loading=\"lazy\" decoding=\"async\" width=\"1920\" height=\"2560\" data-id=\"33985\" src=\"https:\/\/blogs.fu-berlin.de\/bibliotheken\/files\/2025\/06\/2-scaled.jpg\" alt=\"\" class=\"wp-image-33985\" srcset=\"https:\/\/blogs.fu-berlin.de\/bibliotheken\/files\/2025\/06\/2-scaled.jpg 1920w, https:\/\/blogs.fu-berlin.de\/bibliotheken\/files\/2025\/06\/2-225x300.jpg 225w, https:\/\/blogs.fu-berlin.de\/bibliotheken\/files\/2025\/06\/2-1152x1536.jpg 1152w, https:\/\/blogs.fu-berlin.de\/bibliotheken\/files\/2025\/06\/2-1536x2048.jpg 1536w, https:\/\/blogs.fu-berlin.de\/bibliotheken\/files\/2025\/06\/2-1200x1600.jpg 1200w\" sizes=\"auto, (max-width: 709px) 85vw, (max-width: 909px) 67vw, (max-width: 1362px) 62vw, 840px\" \/><\/figure>\n\n\n\n<figure class=\"wp-block-image size-large\"><img loading=\"lazy\" decoding=\"async\" width=\"1920\" height=\"2560\" data-id=\"33986\" src=\"https:\/\/blogs.fu-berlin.de\/bibliotheken\/files\/2025\/06\/3-scaled.jpg\" alt=\"\" class=\"wp-image-33986\" srcset=\"https:\/\/blogs.fu-berlin.de\/bibliotheken\/files\/2025\/06\/3-scaled.jpg 1920w, https:\/\/blogs.fu-berlin.de\/bibliotheken\/files\/2025\/06\/3-225x300.jpg 225w, https:\/\/blogs.fu-berlin.de\/bibliotheken\/files\/2025\/06\/3-1152x1536.jpg 1152w, https:\/\/blogs.fu-berlin.de\/bibliotheken\/files\/2025\/06\/3-1536x2048.jpg 1536w, https:\/\/blogs.fu-berlin.de\/bibliotheken\/files\/2025\/06\/3-1200x1600.jpg 1200w\" sizes=\"auto, (max-width: 709px) 85vw, (max-width: 909px) 67vw, (max-width: 1362px) 62vw, 840px\" \/><\/figure>\n<\/figure>\n\n\n\n<p class=\"has-text-align-center\"><sup>Eindr\u00fccke vom ersten Kongresstag<\/sup><\/p>\n\n\n\n<p>Auch 2025 ist die Universit\u00e4tsbibliothek (UB) mit einem vielseitigen Programm und insgesamt 15 Beitr\u00e4gen auf der BiblioCon vertreten.<br>Vom 24. bis 27. Juni pr\u00e4sentieren zahlreiche Kolleg*innen in Vortr\u00e4gen, Labs, Podiumsdiskussionen und Postersessions, wie wir aktuelle Themen rund um Open Science, digitale Transformation, Nutzerforschung und Personalentwicklung aktiv mitgestalten.<\/p>\n\n\n\n<h3 class=\"wp-block-heading\"><strong>Open Science, Barrierefreiheit und KI \u2013 unsere Themenvielfalt<\/strong><\/h3>\n\n\n\n<p>Sascha Eckhold beleuchtet in seinem <a href=\"https:\/\/bid2025.abstractserver.com\/program\/#\/details\/presentations\/366\" data-type=\"URL\" data-id=\"https:\/\/bid2025.abstractserver.com\/program\/#\/details\/presentations\/366\" target=\"_blank\" rel=\"noreferrer noopener\">Kurzvortrag<\/a> das Zusammenspiel von Open Educational Resources und digitaler Barrierefreiheit.<br>Im Bereich Digitalisierung und KI stellen f\u00fcnf Kolleg*innen das Projekt <em>\u201eDer Research Assistant in Primo und KI-gest\u00fctzte Datenbanken \u2013 ein Test in progress\u201c<\/em> vor.<br>Erg\u00e4nzt wird dieses Themenfeld durch eine Posterpr\u00e4sentation zur KI-Leitlinie von Berlin Universities Publishing, pr\u00e4sentiert von Michael Kleineberg.<\/p>\n\n\n\n<h3 class=\"wp-block-heading\"><strong>Benutzungsforschung, UX und Serviceinnovation<\/strong><\/h3>\n\n\n\n<p>Mehrere Beitr\u00e4ge stammen aus der Stabsstelle Benutzungsforschung:<br>Sina Menzel und Miriam Wildermuth pr\u00e4sentieren die Ergebnisse der gro\u00df angelegten Nichtnutzungsstudie <a href=\"https:\/\/bid2025.abstractserver.com\/program\/#\/details\/sessions\/219\" data-type=\"URL\" data-id=\"https:\/\/bid2025.abstractserver.com\/program\/#\/details\/sessions\/219\" target=\"_blank\" rel=\"noreferrer noopener\">\u201eOut of Bib\u201c<\/a>.<br>Zudem l\u00e4dt Sina Menzel zum interaktiven <a class=\"\" href=\"https:\/\/bid2025.abstractserver.com\/program\/#\/details\/sessions\/87\">UX-Roundtable<\/a> ein \u2013 mit der zentralen Frage: Wie betreiben wir eigentlich Benutzungsforschung in Bibliotheken?<\/p>\n\n\n\n<h3 class=\"wp-block-heading\"><strong>Personalentwicklung in Bibliotheken \u2013 notwendig und machbar<\/strong><\/h3>\n\n\n\n<p>Ein Impuls zur internen Weiterentwicklung kommt von der Stabsstelle Personalentwicklung: Im Vortrag <a href=\"https:\/\/bid2025.abstractserver.com\/program\/#\/details\/presentations\/272\" data-type=\"URL\" data-id=\"https:\/\/bid2025.abstractserver.com\/program\/#\/details\/presentations\/272\" target=\"_blank\" rel=\"noreferrer noopener\">\u201eBraucht es eine eigene Personalentwicklung in der Bibliothek? Ja!\u201c<\/a> pl\u00e4dieren Sigrid Abenhausen und Simone Sch\u00fctte f\u00fcr systematische Personalstrategien im Bibliotheksbereich.<\/p>\n\n\n\n<h3 class=\"wp-block-heading\"><strong>Kooperation und Perspektivwechsel \u2013 international und dekolonial<\/strong><\/h3>\n\n\n\n<p>Die Bedeutung von Netzwerken und Partnerschaften beleuchten mehrere Beitr\u00e4ge aus dem Forschungsdatenmanagement:<br>Beispielsweise in der Paneldiskussion <a href=\"https:\/\/bid2025.abstractserver.com\/program\/#\/details\/sessions\/81\" data-type=\"URL\" data-id=\"https:\/\/bid2025.abstractserver.com\/program\/#\/details\/sessions\/81\" target=\"_blank\" rel=\"noreferrer noopener\">\u201eBeyond the Methods Lab\u201c<\/a> oder im <a>#Freiraum-Panel<\/a> zur Dekolonialisierung wissenschaftlicher Bibliotheken.<br>Cosima Wagner bringt hier mit einem DACH-weiten Netzwerk neue Impulse in die Debatte um Machtstrukturen und Wissensproduktion ein.<\/p>\n\n\n\n<h3 class=\"wp-block-heading\"><strong>Open Access und rechtliche Orientierung<\/strong><\/h3>\n\n\n\n<p>Kolleg*innen des <a class=\"\" href=\"https:\/\/www.open-access-berlin.de\/\">Open Research Office Berlin<\/a> berichten \u00fcber die <a href=\"https:\/\/bid2025.abstractserver.com\/program\/#\/details\/presentations\/422\" data-type=\"URL\" data-id=\"https:\/\/bid2025.abstractserver.com\/program\/#\/details\/presentations\/422\" target=\"_blank\" rel=\"noreferrer noopener\">BUA Participatory Research Map<\/a>, Peer-to-Peer-Beratung und den <a href=\"https:\/\/bid2025.abstractserver.com\/program\/#\/details\/presentations\/295\" data-type=\"URL\" data-id=\"https:\/\/bid2025.abstractserver.com\/program\/#\/details\/presentations\/295\" target=\"_blank\" rel=\"noreferrer noopener\">\u201eLegal Helpdesk\u201c<\/a>.<br>Au\u00dferdem beleuchten sie, wie <a href=\"https:\/\/bid2025.abstractserver.com\/program\/#\/details\/presentations\/202\" data-type=\"URL\" data-id=\"https:\/\/bid2025.abstractserver.com\/program\/#\/details\/presentations\/202\" target=\"_blank\" rel=\"noreferrer noopener\">Open Science Policies<\/a> erfolgreich implementiert werden k\u00f6nnen.<\/p>\n\n\n\n<h3 class=\"wp-block-heading\"><strong>Teaching Library &amp; wissenschaftliches Arbeiten<\/strong><\/h3>\n\n\n\n<p>Johanna Gr\u00f6pler stellt mit dem <a rel=\"noreferrer noopener\" href=\"https:\/\/bid2025.abstractserver.com\/program\/#\/details\/presentations\/470\" data-type=\"URL\" data-id=\"https:\/\/bid2025.abstractserver.com\/program\/#\/details\/presentations\/470\" target=\"_blank\">\u201eReferenzrahmen WISAR\u201c<\/a> ein Instrument zur F\u00f6rderung wissenschaftlicher Arbeit in Bibliotheken vor.<br>Erg\u00e4nzend dazu wird das innovative Workshopformat <a href=\"https:\/\/bid2025.abstractserver.com\/program\/#\/details\/presentations\/483\" data-type=\"URL\" data-id=\"https:\/\/bid2025.abstractserver.com\/program\/#\/details\/presentations\/483\" target=\"_blank\" rel=\"noreferrer noopener\">\u201eWissenschaftliches Schreiben im Tandem\u201c<\/a> pr\u00e4sentiert \u2013 eine Kooperation von Fachinhalten und Schreibkompetenz.<\/p>\n\n\n\n<hr class=\"wp-block-separator has-alpha-channel-opacity\" \/>\n\n\n\n<h3 class=\"wp-block-heading\"><strong>Fazit: Bibliothek als Impulsgeberin<\/strong><\/h3>\n\n\n\n<p>Die Beteiligung an der BiblioCon 2025 zeigt: Wir sind nicht nur Dienstleisterin, sondern aktive Mitgestalterin im Wissenschafts- und Bildungsbereich.<br>Mit Themen von Barrierefreiheit \u00fcber KI bis hin zu dekolonialen Perspektiven bringen unsere Kolleg*innen frische Ideen und starke Impulse in die Fachcommunity ein.<\/p>\n\n\n\n<p><strong>Wir freuen uns auf den Austausch vor Ort in Bremen!<\/strong><\/p>\n","protected":false},"excerpt":{"rendered":"<p>Eindr\u00fccke vom ersten Kongresstag Auch 2025 ist die Universit\u00e4tsbibliothek (UB) mit einem vielseitigen Programm und insgesamt 15 Beitr\u00e4gen auf der BiblioCon vertreten.Vom 24. bis 27. Juni pr\u00e4sentieren zahlreiche Kolleg*innen in Vortr\u00e4gen, Labs, Podiumsdiskussionen und Postersessions, wie wir aktuelle Themen rund um Open Science, digitale Transformation, Nutzerforschung und Personalentwicklung aktiv mitgestalten. Open Science, Barrierefreiheit und KI &hellip; <a href=\"https:\/\/blogs.fu-berlin.de\/bibliotheken\/2025\/06\/25\/moin-aus-bremen-starke-praesenz-auf-bibliocon-2025\/\" class=\"more-link\"><span class=\"screen-reader-text\">\u201eMoin aus Bremen &#8211; Starke Pr\u00e4senz auf BiblioCon 2025\u201c<\/span> weiterlesen<\/a><\/p>\n","protected":false},"author":1427,"featured_media":0,"comment_status":"open","ping_status":"open","sticky":false,"template":"","format":"standard","meta":{"footnotes":""},"categories":[599,601,70,603],"tags":[457874,237908,2102,670],"class_list":["post-33945","post","type-post","status-publish","format-standard","hentry","category-bibliothekswesen","category-universitatsbibliothek","category-veranstaltungen","category-vorgestellt","tag-bibliocon","tag-bibliothekskongress","tag-veranstaltung","tag-vortrag"],"_links":{"self":[{"href":"https:\/\/blogs.fu-berlin.de\/bibliotheken\/wp-json\/wp\/v2\/posts\/33945","targetHints":{"allow":["GET"]}}],"collection":[{"href":"https:\/\/blogs.fu-berlin.de\/bibliotheken\/wp-json\/wp\/v2\/posts"}],"about":[{"href":"https:\/\/blogs.fu-berlin.de\/bibliotheken\/wp-json\/wp\/v2\/types\/post"}],"author":[{"embeddable":true,"href":"https:\/\/blogs.fu-berlin.de\/bibliotheken\/wp-json\/wp\/v2\/users\/1427"}],"replies":[{"embeddable":true,"href":"https:\/\/blogs.fu-berlin.de\/bibliotheken\/wp-json\/wp\/v2\/comments?post=33945"}],"version-history":[{"count":6,"href":"https:\/\/blogs.fu-berlin.de\/bibliotheken\/wp-json\/wp\/v2\/posts\/33945\/revisions"}],"predecessor-version":[{"id":33989,"href":"https:\/\/blogs.fu-berlin.de\/bibliotheken\/wp-json\/wp\/v2\/posts\/33945\/revisions\/33989"}],"wp:attachment":[{"href":"https:\/\/blogs.fu-berlin.de\/bibliotheken\/wp-json\/wp\/v2\/media?parent=33945"}],"wp:term":[{"taxonomy":"category","embeddable":true,"href":"https:\/\/blogs.fu-berlin.de\/bibliotheken\/wp-json\/wp\/v2\/categories?post=33945"},{"taxonomy":"post_tag","embeddable":true,"href":"https:\/\/blogs.fu-berlin.de\/bibliotheken\/wp-json\/wp\/v2\/tags?post=33945"}],"curies":[{"name":"wp","href":"https:\/\/api.w.org\/{rel}","templated":true}]}}