{"id":34023,"date":"2025-07-11T12:49:00","date_gmt":"2025-07-11T11:49:00","guid":{"rendered":"https:\/\/blogs.fu-berlin.de\/bibliotheken\/?p=34023"},"modified":"2025-07-08T11:49:34","modified_gmt":"2025-07-08T10:49:34","slug":"neuer-themenfilm-in-der-online-ausstellung-erlebte-geschichte-3","status":"publish","type":"post","link":"https:\/\/blogs.fu-berlin.de\/bibliotheken\/2025\/07\/11\/neuer-themenfilm-in-der-online-ausstellung-erlebte-geschichte-3\/","title":{"rendered":"Neuer Themenfilm in der Online-Ausstellung &#8222;Erlebte Geschichte&#8220;"},"content":{"rendered":"\n<p><br>Die Forschung in der Veterin\u00e4rmedizin ber\u00fchrt Felder, die auch in der Humanmedizin ein Thema sind. Ob das Beheben der Folgen von Milzverletzungen oder die Optimierung der Behandlung von Knochenbr\u00fcchen \u2013 viele der Erkenntnisse, die aus der Arbeit mit Tieren gewonnen werden, lassen sich auch f\u00fcr die Arbeit mit menschlichen Patienten nutzen.<\/p>\n\n\n\n<p>Die Online-Ausstellung &#8222;Erlebte Geschichte&#8220; der Freien Universit\u00e4t Berlin pr\u00e4sentiert einen neuen Themenfilm zur Veterin\u00e4rmedizin: <a rel=\"noreferrer noopener\" href=\"https:\/\/erlebte-geschichte.fu-berlin.de\/themen\/veterinaermedizin\/kleintierklinik-forschung-der-veterinaermedizin\" data-type=\"URL\" data-id=\"https:\/\/erlebte-geschichte.fu-berlin.de\/themen\/veterinaermedizin\/kleintierklinik-forschung-der-veterinaermedizin\" target=\"_blank\">Von Ventilen, Kreuzb\u00e4ndern und Knochenplatten<\/a><br><br><em>Foto: Privatarchiv Prof. Brunnberg, Fotograf unbekannt<br><\/em><\/p>\n","protected":false},"excerpt":{"rendered":"<p>Die Forschung in der Veterin\u00e4rmedizin ber\u00fchrt Felder, die auch in der Humanmedizin ein Thema sind. Ob das Beheben der Folgen von Milzverletzungen oder die Optimierung der Behandlung von Knochenbr\u00fcchen \u2013 viele der Erkenntnisse, die aus der Arbeit mit Tieren gewonnen werden, lassen sich auch f\u00fcr die Arbeit mit menschlichen Patienten nutzen. Die Online-Ausstellung &#8222;Erlebte Geschichte&#8220; &hellip; <a href=\"https:\/\/blogs.fu-berlin.de\/bibliotheken\/2025\/07\/11\/neuer-themenfilm-in-der-online-ausstellung-erlebte-geschichte-3\/\" class=\"more-link\"><span class=\"screen-reader-text\">\u201eNeuer Themenfilm in der Online-Ausstellung &#8222;Erlebte Geschichte&#8220;\u201c<\/span> weiterlesen<\/a><\/p>\n","protected":false},"author":1427,"featured_media":34026,"comment_status":"open","ping_status":"open","sticky":false,"template":"","format":"standard","meta":{"footnotes":""},"categories":[9],"tags":[457916,74,2593,471612],"class_list":["post-34023","post","type-post","status-publish","format-standard","has-post-thumbnail","hentry","category-allgemein","tag-digitale-interviewsammlungen","tag-freie-universitat-berlin","tag-oral-history","tag-universitaetsgeschichte"],"_links":{"self":[{"href":"https:\/\/blogs.fu-berlin.de\/bibliotheken\/wp-json\/wp\/v2\/posts\/34023","targetHints":{"allow":["GET"]}}],"collection":[{"href":"https:\/\/blogs.fu-berlin.de\/bibliotheken\/wp-json\/wp\/v2\/posts"}],"about":[{"href":"https:\/\/blogs.fu-berlin.de\/bibliotheken\/wp-json\/wp\/v2\/types\/post"}],"author":[{"embeddable":true,"href":"https:\/\/blogs.fu-berlin.de\/bibliotheken\/wp-json\/wp\/v2\/users\/1427"}],"replies":[{"embeddable":true,"href":"https:\/\/blogs.fu-berlin.de\/bibliotheken\/wp-json\/wp\/v2\/comments?post=34023"}],"version-history":[{"count":2,"href":"https:\/\/blogs.fu-berlin.de\/bibliotheken\/wp-json\/wp\/v2\/posts\/34023\/revisions"}],"predecessor-version":[{"id":34027,"href":"https:\/\/blogs.fu-berlin.de\/bibliotheken\/wp-json\/wp\/v2\/posts\/34023\/revisions\/34027"}],"wp:featuredmedia":[{"embeddable":true,"href":"https:\/\/blogs.fu-berlin.de\/bibliotheken\/wp-json\/wp\/v2\/media\/34026"}],"wp:attachment":[{"href":"https:\/\/blogs.fu-berlin.de\/bibliotheken\/wp-json\/wp\/v2\/media?parent=34023"}],"wp:term":[{"taxonomy":"category","embeddable":true,"href":"https:\/\/blogs.fu-berlin.de\/bibliotheken\/wp-json\/wp\/v2\/categories?post=34023"},{"taxonomy":"post_tag","embeddable":true,"href":"https:\/\/blogs.fu-berlin.de\/bibliotheken\/wp-json\/wp\/v2\/tags?post=34023"}],"curies":[{"name":"wp","href":"https:\/\/api.w.org\/{rel}","templated":true}]}}