{"id":34030,"date":"2025-07-10T15:10:01","date_gmt":"2025-07-10T14:10:01","guid":{"rendered":"https:\/\/blogs.fu-berlin.de\/bibliotheken\/?p=34030"},"modified":"2025-07-10T15:10:01","modified_gmt":"2025-07-10T14:10:01","slug":"fachbibliothek-biologie-vom-21-25-07-2025-geschlossen","status":"publish","type":"post","link":"https:\/\/blogs.fu-berlin.de\/bibliotheken\/2025\/07\/10\/fachbibliothek-biologie-vom-21-25-07-2025-geschlossen\/","title":{"rendered":"Fachbibliothek Biologie vom 21.\u201325.07.2025 geschlossen"},"content":{"rendered":"\n<p>In der Woche vom 21.\u201325.07.2025 bleibt die <a target=\"_blank\" href=\"https:\/\/www.bgbm.org\/de\/wissenschaft\/fachbibliothek-biologie-am-botanischen-garten\" rel=\"noreferrer noopener\">Fachbibliothek Biologie<\/a> (K\u00f6nigin-Luise-Str. 6\u20138) aufgrund von Arbeiten im Bestandsmanagement geschlossen. F\u00e4llige Medien k\u00f6nnen Sie in diesem Zeitraum an jedem anderen <a href=\"https:\/\/www.fu-berlin.de\/sites\/ub\/standorte\/index.html\">Bibliotheksstandort<\/a> der Freien Universit\u00e4t zur\u00fcckgegeben.<\/p>\n\n\n\n<p>Am Montag, den 28. Juli ist die Bibliothek wieder regul\u00e4r f\u00fcr den Publikumsverkehr ge\u00f6ffnet.<\/p>\n\n\n\n<hr class=\"wp-block-separator has-alpha-channel-opacity\" \/>\n\n\n\n<p class=\"has-medium-font-size\"><strong>Library at the Botanic Garden closed from 21.\u201325.07.2025<\/strong><\/p>\n\n\n\n<p>During the week of July 21\u201325, 2025, the\u00a0<a rel=\"noreferrer noopener\" href=\"https:\/\/www.bgbm.org\/en\/science\/specialist-library-biology-botanic-garden\" target=\"_blank\">Specialist Library Biology<\/a> (K\u00f6nigin-Luise-Str. 6-8) will be closed due to inventory management work. Items that are due can be returned to any other Freie Universit\u00e4t <a rel=\"noreferrer noopener\" href=\"https:\/\/www.fu-berlin.de\/en\/sites\/ub\/standorte\/index.html\" target=\"_blank\">library location<\/a> during this period.<\/p>\n\n\n\n<p>The library will reopen to the public on Monday, July 28.<\/p>\n","protected":false},"excerpt":{"rendered":"<p>Standort am Botanischen Garten eine Woche f\u00fcr die Benutzung nicht zug\u00e4nglich.<\/p>\n","protected":false},"author":293,"featured_media":0,"comment_status":"open","ping_status":"open","sticky":false,"template":"","format":"standard","meta":{"footnotes":""},"categories":[9,600],"tags":[297,636,237774],"class_list":["post-34030","post","type-post","status-publish","format-standard","hentry","category-allgemein","category-fachbibliotheken","tag-bibliothek","tag-botanischer-garten","tag-sonderschliesszeiten"],"_links":{"self":[{"href":"https:\/\/blogs.fu-berlin.de\/bibliotheken\/wp-json\/wp\/v2\/posts\/34030","targetHints":{"allow":["GET"]}}],"collection":[{"href":"https:\/\/blogs.fu-berlin.de\/bibliotheken\/wp-json\/wp\/v2\/posts"}],"about":[{"href":"https:\/\/blogs.fu-berlin.de\/bibliotheken\/wp-json\/wp\/v2\/types\/post"}],"author":[{"embeddable":true,"href":"https:\/\/blogs.fu-berlin.de\/bibliotheken\/wp-json\/wp\/v2\/users\/293"}],"replies":[{"embeddable":true,"href":"https:\/\/blogs.fu-berlin.de\/bibliotheken\/wp-json\/wp\/v2\/comments?post=34030"}],"version-history":[{"count":1,"href":"https:\/\/blogs.fu-berlin.de\/bibliotheken\/wp-json\/wp\/v2\/posts\/34030\/revisions"}],"predecessor-version":[{"id":34031,"href":"https:\/\/blogs.fu-berlin.de\/bibliotheken\/wp-json\/wp\/v2\/posts\/34030\/revisions\/34031"}],"wp:attachment":[{"href":"https:\/\/blogs.fu-berlin.de\/bibliotheken\/wp-json\/wp\/v2\/media?parent=34030"}],"wp:term":[{"taxonomy":"category","embeddable":true,"href":"https:\/\/blogs.fu-berlin.de\/bibliotheken\/wp-json\/wp\/v2\/categories?post=34030"},{"taxonomy":"post_tag","embeddable":true,"href":"https:\/\/blogs.fu-berlin.de\/bibliotheken\/wp-json\/wp\/v2\/tags?post=34030"}],"curies":[{"name":"wp","href":"https:\/\/api.w.org\/{rel}","templated":true}]}}